{"id":27934,"date":"2019-10-22T18:54:04","date_gmt":"2019-10-22T17:54:04","guid":{"rendered":"https:\/\/www.granadablogs.com\/pateandoelmundo\/?p=27934"},"modified":"2019-10-22T18:54:04","modified_gmt":"2019-10-22T17:54:04","slug":"topografias-del-terror","status":"publish","type":"post","link":"https:\/\/www.granadablogs.com\/pateandoelmundo\/topografias-del-terror\/","title":{"rendered":"Topograf\u00edas del Terror"},"content":{"rendered":"<p>Caminar por las calles de Berl\u00edn es adentrarse en lo m\u00e1s profundo de la historia de la Vieja Europa. Los grandes edificios de acero y cristal superan ampliamente en n\u00famero a los antiguos edificios de piedra, destrozado durante los bombardeos de la II Guerra Mundial.\u00a0 Lo nuevo y lo viejo, d\u00e1ndose la mano entre recuerdos del Muro, el Checkpoint Charlie, el Reichstag y los puentes sobre el Spree.<\/p>\n<p><a href=\"https:\/\/www.granadablogs.com\/pateandoelmundo\/topografias-del-terror\/muro-de-berlin\/\" rel=\"attachment wp-att-27935\"><img loading=\"lazy\" decoding=\"async\" class=\"aligncenter size-medium wp-image-27935\" src=\"https:\/\/www.granadablogs.com\/pateandoelmundo\/wp-content\/uploads\/2019\/10\/Muro-de-Berl\u00edn--300x225.jpg\" alt=\"\" width=\"300\" height=\"225\" srcset=\"https:\/\/www.granadablogs.com\/pateandoelmundo\/wp-content\/uploads\/2019\/10\/Muro-de-Berl\u00edn--300x225.jpg 300w, https:\/\/www.granadablogs.com\/pateandoelmundo\/wp-content\/uploads\/2019\/10\/Muro-de-Berl\u00edn--768x576.jpg 768w, https:\/\/www.granadablogs.com\/pateandoelmundo\/wp-content\/uploads\/2019\/10\/Muro-de-Berl\u00edn--644x483.jpg 644w\" sizes=\"auto, (max-width: 300px) 100vw, 300px\" \/><\/a><\/p>\n<p>En Berl\u00edn hay dos lugares especialmente estremecedores: el Memorial en recuerdo del genocidio de los jud\u00edos y el llamado \u2018Topographie des Terrors\u2019, funcional y adusto edificio erigido en un inmenso solar flanqueado por restos del Muro y donde se encontraban situados los cuarteles generales de la Gestapo, las SS y otros de los organismos b\u00e1sicos para el funcionamiento del r\u00e9gimen nazi.<\/p>\n<p><a href=\"https:\/\/www.granadablogs.com\/pateandoelmundo\/topografias-del-terror\/memorial-genocidio-judio-berlin\/\" rel=\"attachment wp-att-27936\"><img loading=\"lazy\" decoding=\"async\" class=\"aligncenter size-medium wp-image-27936\" src=\"https:\/\/www.granadablogs.com\/pateandoelmundo\/wp-content\/uploads\/2019\/10\/Memorial-Genocidio-Jud\u00edo-Berl\u00edn-300x225.jpg\" alt=\"\" width=\"300\" height=\"225\" srcset=\"https:\/\/www.granadablogs.com\/pateandoelmundo\/wp-content\/uploads\/2019\/10\/Memorial-Genocidio-Jud\u00edo-Berl\u00edn-300x225.jpg 300w, https:\/\/www.granadablogs.com\/pateandoelmundo\/wp-content\/uploads\/2019\/10\/Memorial-Genocidio-Jud\u00edo-Berl\u00edn-768x576.jpg 768w, https:\/\/www.granadablogs.com\/pateandoelmundo\/wp-content\/uploads\/2019\/10\/Memorial-Genocidio-Jud\u00edo-Berl\u00edn-644x483.jpg 644w\" sizes=\"auto, (max-width: 300px) 100vw, 300px\" \/><\/a><\/p>\n<p>Se trata de un lugar en el que, con profusi\u00f3n de fotograf\u00edas, reproducciones de documentos, peri\u00f3dicos, revistas, documentales y noticieros; se explica con todo lujo de detalles c\u00f3mo funcionaba la siniestra e implacable maquinaria de la muerte implantada por los nazis. Las humillaciones p\u00fablicas, las deportaciones, las ejecuciones y, por fin, los campos de exterminio.<\/p>\n<p>Lo visitamos el domingo cerca del mediod\u00eda y coincidimos con cientos de personas, la mayor\u00eda j\u00f3venes estudiantes que le\u00edan, ve\u00edan y escuchaban con atenci\u00f3n y respeto. En silencio.<\/p>\n<p><a href=\"https:\/\/www.granadablogs.com\/pateandoelmundo\/topografias-del-terror\/topografias-del-terror\/\" rel=\"attachment wp-att-27937\"><img loading=\"lazy\" decoding=\"async\" class=\"aligncenter size-medium wp-image-27937\" src=\"https:\/\/www.granadablogs.com\/pateandoelmundo\/wp-content\/uploads\/2019\/10\/Topograf\u00edas-del-Terror-300x203.jpg\" alt=\"\" width=\"300\" height=\"203\" srcset=\"https:\/\/www.granadablogs.com\/pateandoelmundo\/wp-content\/uploads\/2019\/10\/Topograf\u00edas-del-Terror-300x203.jpg 300w, https:\/\/www.granadablogs.com\/pateandoelmundo\/wp-content\/uploads\/2019\/10\/Topograf\u00edas-del-Terror-768x520.jpg 768w, https:\/\/www.granadablogs.com\/pateandoelmundo\/wp-content\/uploads\/2019\/10\/Topograf\u00edas-del-Terror-644x436.jpg 644w\" sizes=\"auto, (max-width: 300px) 100vw, 300px\" \/><\/a><\/p>\n<p>Hace un par de semanas, un atentado de corte antisemita sacudi\u00f3 a Alemania. Estos d\u00edas, en Hamburgo, se juzga a un individuo de noventa a\u00f1os que fue vigilante del centro de exterminio de Stutthof, en Polonia, donde murieron 65.000 personas.<\/p>\n<p>Es un t\u00f3pico que, sin embargo, no debemos olvidar: los pueblos que desconocen su historia est\u00e1n condenados a repetirla. El fascismo, el nacionalismo, la homofobia y la xenofobia vuelven a campar a sus anchas por Europa, cada vez m\u00e1s blanqueados. Es algo intolerable, muy peligroso y aterrador.<\/p>\n<p><a href=\"https:\/\/www.granadablogs.com\/pateandoelmundo\/topografias-del-terror\/topografias-del-terror-muerte\/\" rel=\"attachment wp-att-27938\"><img loading=\"lazy\" decoding=\"async\" class=\"aligncenter size-medium wp-image-27938\" src=\"https:\/\/www.granadablogs.com\/pateandoelmundo\/wp-content\/uploads\/2019\/10\/Topograf\u00edas-del-terror-muerte-300x201.jpg\" alt=\"\" width=\"300\" height=\"201\" srcset=\"https:\/\/www.granadablogs.com\/pateandoelmundo\/wp-content\/uploads\/2019\/10\/Topograf\u00edas-del-terror-muerte-300x201.jpg 300w, https:\/\/www.granadablogs.com\/pateandoelmundo\/wp-content\/uploads\/2019\/10\/Topograf\u00edas-del-terror-muerte-768x514.jpg 768w, https:\/\/www.granadablogs.com\/pateandoelmundo\/wp-content\/uploads\/2019\/10\/Topograf\u00edas-del-terror-muerte-644x431.jpg 644w\" sizes=\"auto, (max-width: 300px) 100vw, 300px\" \/><\/a><\/p>\n<p>A veces es necesario hacer un alto en el camino y mirar hacia atr\u00e1s. Recordar de d\u00f3nde venimos para tener claro hacia d\u00f3nde queremos ir y, sobre todo, qu\u00e9 senda no deber\u00edamos retomar jam\u00e1s. Conocer y repasar nuestra historia para no volver a cometer los errores del pasado.<\/p>\n<p>Jes\u00fas Lens<\/p>\n<p><a href=\"https:\/\/twitter.com\/jesus_lens\" target=\"_blank\" rel=\"attachment noopener wp-att-27689\"><img loading=\"lazy\" decoding=\"async\" class=\"size-full wp-image-27689 alignleft\" src=\"https:\/\/www.granadablogs.com\/pateandoelmundo\/wp-content\/uploads\/2019\/09\/0Twitter.jpg\" alt=\"\" width=\"196\" height=\"47\" \/><\/a><\/p>\n","protected":false},"excerpt":{"rendered":"<p>Caminar por las calles de Berl\u00edn es adentrarse en lo m\u00e1s profundo de la historia de la Vieja Europa. Los grandes edificios de acero y cristal superan ampliamente en n\u00famero a los antiguos edificios de piedra, destrozado durante los bombardeos de la II Guerra Mundial.\u00a0 Lo nuevo y lo viejo, d\u00e1ndose la mano entre recuerdos [&hellip;]<\/p>\n","protected":false},"author":1,"featured_media":0,"comment_status":"open","ping_status":"open","sticky":false,"template":"","format":"standard","meta":{"jetpack_post_was_ever_published":false,"_jetpack_newsletter_access":"","_jetpack_dont_email_post_to_subs":false,"_jetpack_newsletter_tier_id":0,"_jetpack_memberships_contains_paywalled_content":false,"_jetpack_memberships_contains_paid_content":false,"footnotes":""},"categories":[24],"tags":[16960,18296,920,18295,18294,12622],"class_list":["post-27934","post","type-post","status-publish","format-standard","hentry","category-viajes","tag-fascismo","tag-muro-de-berlin","tag-nazis","tag-nazis-asesinos","tag-topografias-del-terror","tag-ultraderecha"],"jetpack_featured_media_url":"","jetpack_sharing_enabled":true,"_links":{"self":[{"href":"https:\/\/www.granadablogs.com\/pateandoelmundo\/wp-json\/wp\/v2\/posts\/27934","targetHints":{"allow":["GET"]}}],"collection":[{"href":"https:\/\/www.granadablogs.com\/pateandoelmundo\/wp-json\/wp\/v2\/posts"}],"about":[{"href":"https:\/\/www.granadablogs.com\/pateandoelmundo\/wp-json\/wp\/v2\/types\/post"}],"author":[{"embeddable":true,"href":"https:\/\/www.granadablogs.com\/pateandoelmundo\/wp-json\/wp\/v2\/users\/1"}],"replies":[{"embeddable":true,"href":"https:\/\/www.granadablogs.com\/pateandoelmundo\/wp-json\/wp\/v2\/comments?post=27934"}],"version-history":[{"count":2,"href":"https:\/\/www.granadablogs.com\/pateandoelmundo\/wp-json\/wp\/v2\/posts\/27934\/revisions"}],"predecessor-version":[{"id":27940,"href":"https:\/\/www.granadablogs.com\/pateandoelmundo\/wp-json\/wp\/v2\/posts\/27934\/revisions\/27940"}],"wp:attachment":[{"href":"https:\/\/www.granadablogs.com\/pateandoelmundo\/wp-json\/wp\/v2\/media?parent=27934"}],"wp:term":[{"taxonomy":"category","embeddable":true,"href":"https:\/\/www.granadablogs.com\/pateandoelmundo\/wp-json\/wp\/v2\/categories?post=27934"},{"taxonomy":"post_tag","embeddable":true,"href":"https:\/\/www.granadablogs.com\/pateandoelmundo\/wp-json\/wp\/v2\/tags?post=27934"}],"curies":[{"name":"wp","href":"https:\/\/api.w.org\/{rel}","templated":true}]}}