{"id":27883,"date":"2019-10-13T11:22:37","date_gmt":"2019-10-13T10:22:37","guid":{"rendered":"https:\/\/www.granadablogs.com\/pateandoelmundo\/?p=27883"},"modified":"2019-10-14T11:25:07","modified_gmt":"2019-10-14T10:25:07","slug":"contenedores-culturales","status":"publish","type":"post","link":"https:\/\/www.granadablogs.com\/pateandoelmundo\/contenedores-culturales\/","title":{"rendered":"Contenedores culturales"},"content":{"rendered":"<p>PP y Cs han preparado unos presupuestos para el 2020 en los que la Junta dedica partidas al metro y al acelerador de part\u00edculas, infraestructuras imprescindibles para Granada.<\/p>\n<p>Tambi\u00e9n se incluyen dos partidas para nuevos contenedores culturales: 450.000 euros para crear una sala expositiva en la magn\u00edfica estaci\u00f3n de Alc\u00e1zar Genil \u2014el metro no deja de deparar sorpresas\u2014 y la nada desde\u00f1able cantidad de 1,5 millones para el llamado Palacio de las Artes y la Ciudad de la M\u00fasica de Granada, as\u00ed, con todas esas mayest\u00e1ticas may\u00fasculas.<\/p>\n<p><a href=\"https:\/\/www.granadablogs.com\/pateandoelmundo\/contenedores-culturales\/contenedores-culturales\/\" rel=\"attachment wp-att-27884\"><img loading=\"lazy\" decoding=\"async\" class=\"aligncenter size-medium wp-image-27884\" src=\"https:\/\/www.granadablogs.com\/pateandoelmundo\/wp-content\/uploads\/2019\/10\/Contenedores-culturales-300x225.jpg\" alt=\"\" width=\"300\" height=\"225\" srcset=\"https:\/\/www.granadablogs.com\/pateandoelmundo\/wp-content\/uploads\/2019\/10\/Contenedores-culturales-300x225.jpg 300w, https:\/\/www.granadablogs.com\/pateandoelmundo\/wp-content\/uploads\/2019\/10\/Contenedores-culturales.jpg 640w\" sizes=\"auto, (max-width: 300px) 100vw, 300px\" \/><\/a><\/p>\n<p>Para cualquier amante del arte, la m\u00fasica y la cultura, que Granada pueda disponer de dos nuevos contenedores culturales deber\u00eda ser una magn\u00edfica noticia. Pero hay un problema: \u00bfcon qu\u00e9 piensan llenarlos las administraciones p\u00fablicas que los impulsan?<\/p>\n<p>Quienes nos dedicamos a la gesti\u00f3n cultural llevamos recibiendo la misma respuesta del Ayuntamiento y la Junta de Andaluc\u00eda cuando les planteamos diferentes propuestas y proyectos: nos encantan vuestras ideas, pero no hay dinero. Gracias por venir y hasta la vista.<\/p>\n<p>El \u2018no-hay-dinero\u2019 es el rompeolas contra el que chocan las ilusiones de decenas de personas y colectivos que tratamos de sacar adelante cualquier iniciativa cultural en Granada. No hay dinero porque los presupuestos est\u00e1n congelados. No hay dinero porque las arcas est\u00e1n vac\u00edas. No hay dinero porque otros programas consumen todos los recursos. No hay dinero porque\u2026 No hay dinero.<\/p>\n<p><a href=\"https:\/\/www.granadablogs.com\/pateandoelmundo\/contenedores-culturales\/contenedores-de-cultura\/\" rel=\"attachment wp-att-27885\"><img loading=\"lazy\" decoding=\"async\" class=\"aligncenter size-medium wp-image-27885\" src=\"https:\/\/www.granadablogs.com\/pateandoelmundo\/wp-content\/uploads\/2019\/10\/Contenedores-de-cultura-300x185.jpg\" alt=\"\" width=\"300\" height=\"185\" srcset=\"https:\/\/www.granadablogs.com\/pateandoelmundo\/wp-content\/uploads\/2019\/10\/Contenedores-de-cultura-300x185.jpg 300w, https:\/\/www.granadablogs.com\/pateandoelmundo\/wp-content\/uploads\/2019\/10\/Contenedores-de-cultura.jpg 623w\" sizes=\"auto, (max-width: 300px) 100vw, 300px\" \/><\/a><\/p>\n<p>En realidad, y a la vista de los presupuestos 2020, dinero s\u00ed hay. Lo discutible y cuestionable es c\u00f3mo se gestiona. Dig\u00e1moslo alto y claro: es un esc\u00e1ndalo y un sinsentido que, el a\u00f1o que viene, la Junta se vaya a gastar dos millones de euros en nuevos contenedores culturales mientras mantiene en la indigencia a la OCG, por ejemplo, y estrangula al tejido creativo de la provincia con su sempiterno \u2018no hay dinero\u2019. \u00bfCon qu\u00e9 piensa llenar esos contenedores, llegado el caso?<\/p>\n<p>Lo cierto es que desde la llegada de PP y Cs al gobierno de la Junta y del Ayuntamiento, Granada ha perdido dos festivales de cine, uno de t\u00edteres y otro de fotograf\u00eda. \u00bfA cambio de qu\u00e9?<\/p>\n<p>Jes\u00fas Lens<\/p>\n<p><a href=\"https:\/\/twitter.com\/jesus_lens\" target=\"_blank\" rel=\"attachment noopener wp-att-27689\"><img loading=\"lazy\" decoding=\"async\" class=\"size-full wp-image-27689 alignleft\" src=\"https:\/\/www.granadablogs.com\/pateandoelmundo\/wp-content\/uploads\/2019\/09\/0Twitter.jpg\" alt=\"\" width=\"196\" height=\"47\" \/><\/a><\/p>\n","protected":false},"excerpt":{"rendered":"<p>PP y Cs han preparado unos presupuestos para el 2020 en los que la Junta dedica partidas al metro y al acelerador de part\u00edculas, infraestructuras imprescindibles para Granada. Tambi\u00e9n se incluyen dos partidas para nuevos contenedores culturales: 450.000 euros para crear una sala expositiva en la magn\u00edfica estaci\u00f3n de Alc\u00e1zar Genil \u2014el metro no deja [&hellip;]<\/p>\n","protected":false},"author":1,"featured_media":0,"comment_status":"open","ping_status":"open","sticky":false,"template":"","format":"standard","meta":{"jetpack_post_was_ever_published":false,"_jetpack_newsletter_access":"","_jetpack_dont_email_post_to_subs":false,"_jetpack_newsletter_tier_id":0,"_jetpack_memberships_contains_paywalled_content":false,"_jetpack_memberships_contains_paid_content":false,"footnotes":""},"categories":[6],"tags":[18257,2120,18258],"class_list":["post-27883","post","type-post","status-publish","format-standard","hentry","category-opinion","tag-contenedores-culturales","tag-cultura-granada","tag-palacio-de-las-artes-y-la-ciudad-de-la-musica-de-granada"],"jetpack_featured_media_url":"","jetpack_sharing_enabled":true,"_links":{"self":[{"href":"https:\/\/www.granadablogs.com\/pateandoelmundo\/wp-json\/wp\/v2\/posts\/27883","targetHints":{"allow":["GET"]}}],"collection":[{"href":"https:\/\/www.granadablogs.com\/pateandoelmundo\/wp-json\/wp\/v2\/posts"}],"about":[{"href":"https:\/\/www.granadablogs.com\/pateandoelmundo\/wp-json\/wp\/v2\/types\/post"}],"author":[{"embeddable":true,"href":"https:\/\/www.granadablogs.com\/pateandoelmundo\/wp-json\/wp\/v2\/users\/1"}],"replies":[{"embeddable":true,"href":"https:\/\/www.granadablogs.com\/pateandoelmundo\/wp-json\/wp\/v2\/comments?post=27883"}],"version-history":[{"count":2,"href":"https:\/\/www.granadablogs.com\/pateandoelmundo\/wp-json\/wp\/v2\/posts\/27883\/revisions"}],"predecessor-version":[{"id":27887,"href":"https:\/\/www.granadablogs.com\/pateandoelmundo\/wp-json\/wp\/v2\/posts\/27883\/revisions\/27887"}],"wp:attachment":[{"href":"https:\/\/www.granadablogs.com\/pateandoelmundo\/wp-json\/wp\/v2\/media?parent=27883"}],"wp:term":[{"taxonomy":"category","embeddable":true,"href":"https:\/\/www.granadablogs.com\/pateandoelmundo\/wp-json\/wp\/v2\/categories?post=27883"},{"taxonomy":"post_tag","embeddable":true,"href":"https:\/\/www.granadablogs.com\/pateandoelmundo\/wp-json\/wp\/v2\/tags?post=27883"}],"curies":[{"name":"wp","href":"https:\/\/api.w.org\/{rel}","templated":true}]}}