{"id":27815,"date":"2019-10-03T11:47:28","date_gmt":"2019-10-03T10:47:28","guid":{"rendered":"https:\/\/www.granadablogs.com\/pateandoelmundo\/?p=27815"},"modified":"2019-10-03T11:47:28","modified_gmt":"2019-10-03T10:47:28","slug":"jovenes-por-la-igualdad","status":"publish","type":"post","link":"https:\/\/www.granadablogs.com\/pateandoelmundo\/jovenes-por-la-igualdad\/","title":{"rendered":"J\u00f3venes por la igualdad"},"content":{"rendered":"<p>\u201c\u00bfPor qu\u00e9 maltratan los hombres a las mujeres?\u201d, le pregunta un joven a Fernando Mar\u00edas en La Madraza, durante el encuentro promovido por el festival Granada Noir para hablar sobre igualdad.<\/p>\n<p><a href=\"https:\/\/www.granadablogs.com\/pateandoelmundo\/jovenes-por-la-igualdad\/fernando-marias-como-tu\/\" rel=\"attachment wp-att-27816\"><img loading=\"lazy\" decoding=\"async\" class=\"aligncenter size-medium wp-image-27816\" src=\"https:\/\/www.granadablogs.com\/pateandoelmundo\/wp-content\/uploads\/2019\/10\/Fernando-Mar\u00edas-Como-t\u00fa-300x200.jpg\" alt=\"\" width=\"300\" height=\"200\" srcset=\"https:\/\/www.granadablogs.com\/pateandoelmundo\/wp-content\/uploads\/2019\/10\/Fernando-Mar\u00edas-Como-t\u00fa-300x200.jpg 300w, https:\/\/www.granadablogs.com\/pateandoelmundo\/wp-content\/uploads\/2019\/10\/Fernando-Mar\u00edas-Como-t\u00fa-768x512.jpg 768w, https:\/\/www.granadablogs.com\/pateandoelmundo\/wp-content\/uploads\/2019\/10\/Fernando-Mar\u00edas-Como-t\u00fa-644x429.jpg 644w\" sizes=\"auto, (max-width: 300px) 100vw, 300px\" \/><\/a><\/p>\n<p>M\u00e1s de un centenar de estudiantes de los institutos Alhambra, Veleta, Padre Manj\u00f3n y Padre Su\u00e1rez conversaron con el escritor Fernando Mar\u00edas sobre \u2018Como t\u00fa. 20 relatos y 20 ilustraciones por la igualdad\u2019, un libro coordinado por Mar\u00edas y publicado por la editorial Anaya. La chavalada ya hab\u00eda le\u00eddo los cuentos en clase, hab\u00eda dialogado sobre ellos. Y sobre las ilustraciones. Y se les notaba con ganas de hablar.<\/p>\n<p>Gracias al festival patrocinado por Cervezas Alhambra, tuvieron la ocasi\u00f3n de intercambiar pareceres con el promotor del proyecto, que se mostr\u00f3 encantado por la participaci\u00f3n y la pasi\u00f3n mostrada por los estudiantes. Por ejemplo, cuando una de las j\u00f3venes se\u00f1ala que \u201cla fuerza no est\u00e1 en los m\u00fasculos ni en los huesos, sino en la cabeza\u201d. Fernando Mar\u00edas sonr\u00ede mientras otros muchos j\u00f3venes asienten con decisi\u00f3n.<\/p>\n<p><a href=\"https:\/\/www.granadablogs.com\/pateandoelmundo\/jovenes-por-la-igualdad\/fernando-marias-chavalada\/\" rel=\"attachment wp-att-27817\"><img loading=\"lazy\" decoding=\"async\" class=\"aligncenter size-medium wp-image-27817\" src=\"https:\/\/www.granadablogs.com\/pateandoelmundo\/wp-content\/uploads\/2019\/10\/Fernando-Mar\u00edas-chavalada-300x200.jpg\" alt=\"\" width=\"300\" height=\"200\" srcset=\"https:\/\/www.granadablogs.com\/pateandoelmundo\/wp-content\/uploads\/2019\/10\/Fernando-Mar\u00edas-chavalada-300x200.jpg 300w, https:\/\/www.granadablogs.com\/pateandoelmundo\/wp-content\/uploads\/2019\/10\/Fernando-Mar\u00edas-chavalada-768x512.jpg 768w, https:\/\/www.granadablogs.com\/pateandoelmundo\/wp-content\/uploads\/2019\/10\/Fernando-Mar\u00edas-chavalada-644x429.jpg 644w\" sizes=\"auto, (max-width: 300px) 100vw, 300px\" \/><\/a><\/p>\n<p>\u201cMe parece terror\u00edfico que una vez a la semana, de promedio, una mujer muera a manos de un hombre con el que ha tenido una relaci\u00f3n. Es un dato espeluznante y esto est\u00e1 ocurriendo aqu\u00ed y ahora. En Espa\u00f1a. No ocurre en otro pa\u00eds o en otro planeta\u201d, se\u00f1al\u00f3 Mar\u00edas.<\/p>\n<p>M\u00e1s preguntas y preocupaciones del alumnado: los riesgos de subir fotos e im\u00e1genes \u00edntimas a la nube. O si hay miedo de usar una palabra como \u2018feminismo\u2019. O si los celos son algo malo. \u201cSon malos. Hacen da\u00f1o. Extirpan el di\u00e1logo y restan naturalidad en una relaci\u00f3n. Son una patolog\u00eda que conviene vigilar y mantener bajo control\u201d, se\u00f1al\u00f3 Fernando Mar\u00edas sin titubear.<\/p>\n<p>Y como colof\u00f3n final: la necesidad de cambiar la sociedad en la que vivimos. Dirigi\u00e9ndose a los j\u00f3venes: \u201cSois vosotros los que pod\u00e9is hacerlo. Como ocurre con la cuesti\u00f3n del cambio clim\u00e1tico, que sois los que est\u00e1is movilizando a la gente y reivindicando una soluci\u00f3n a este problema\u201d, concluy\u00f3 Mar\u00edas.<\/p>\n<p><a href=\"https:\/\/www.granadablogs.com\/pateandoelmundo\/jovenes-por-la-igualdad\/fernando-marias-2\/\" rel=\"attachment wp-att-27818\"><img loading=\"lazy\" decoding=\"async\" class=\"aligncenter size-medium wp-image-27818\" src=\"https:\/\/www.granadablogs.com\/pateandoelmundo\/wp-content\/uploads\/2019\/10\/Fernando-Mar\u00edas-300x200.jpg\" alt=\"\" width=\"300\" height=\"200\" srcset=\"https:\/\/www.granadablogs.com\/pateandoelmundo\/wp-content\/uploads\/2019\/10\/Fernando-Mar\u00edas-300x200.jpg 300w, https:\/\/www.granadablogs.com\/pateandoelmundo\/wp-content\/uploads\/2019\/10\/Fernando-Mar\u00edas-768x512.jpg 768w, https:\/\/www.granadablogs.com\/pateandoelmundo\/wp-content\/uploads\/2019\/10\/Fernando-Mar\u00edas-644x429.jpg 644w\" sizes=\"auto, (max-width: 300px) 100vw, 300px\" \/><\/a><\/p>\n<p>Un tema que, efectivamente, preocupa a la juventud. \u00bfSer\u00e1 hora de plantear un proyecto parecido a \u2018Como t\u00fa\u2019 en ese sentido?<\/p>\n<p>Jes\u00fas Lens<\/p>\n<p><a href=\"https:\/\/twitter.com\/jesus_lens\" target=\"_blank\" rel=\"attachment noopener wp-att-27689\"><img loading=\"lazy\" decoding=\"async\" class=\"size-full wp-image-27689 alignleft\" src=\"https:\/\/www.granadablogs.com\/pateandoelmundo\/wp-content\/uploads\/2019\/09\/0Twitter.jpg\" alt=\"\" width=\"196\" height=\"47\" \/><\/a><\/p>\n","protected":false},"excerpt":{"rendered":"<p>\u201c\u00bfPor qu\u00e9 maltratan los hombres a las mujeres?\u201d, le pregunta un joven a Fernando Mar\u00edas en La Madraza, durante el encuentro promovido por el festival Granada Noir para hablar sobre igualdad. M\u00e1s de un centenar de estudiantes de los institutos Alhambra, Veleta, Padre Manj\u00f3n y Padre Su\u00e1rez conversaron con el escritor Fernando Mar\u00edas sobre \u2018Como [&hellip;]<\/p>\n","protected":false},"author":1,"featured_media":0,"comment_status":"open","ping_status":"open","sticky":false,"template":"","format":"standard","meta":{"jetpack_post_was_ever_published":false,"_jetpack_newsletter_access":"","_jetpack_dont_email_post_to_subs":false,"_jetpack_newsletter_tier_id":0,"_jetpack_memberships_contains_paywalled_content":false,"_jetpack_memberships_contains_paid_content":false,"footnotes":""},"categories":[11144,6],"tags":[18226,18225,18224,1449,11145,15576,18227],"class_list":["post-27815","post","type-post","status-publish","format-standard","hentry","category-granada-noir","category-opinion","tag-ana-gamez","tag-anaya-editorial","tag-como-tu","tag-fernando-marias","tag-granada-noir-2","tag-la-madraza-ugr","tag-puri-manzano"],"jetpack_featured_media_url":"","jetpack_sharing_enabled":true,"_links":{"self":[{"href":"https:\/\/www.granadablogs.com\/pateandoelmundo\/wp-json\/wp\/v2\/posts\/27815","targetHints":{"allow":["GET"]}}],"collection":[{"href":"https:\/\/www.granadablogs.com\/pateandoelmundo\/wp-json\/wp\/v2\/posts"}],"about":[{"href":"https:\/\/www.granadablogs.com\/pateandoelmundo\/wp-json\/wp\/v2\/types\/post"}],"author":[{"embeddable":true,"href":"https:\/\/www.granadablogs.com\/pateandoelmundo\/wp-json\/wp\/v2\/users\/1"}],"replies":[{"embeddable":true,"href":"https:\/\/www.granadablogs.com\/pateandoelmundo\/wp-json\/wp\/v2\/comments?post=27815"}],"version-history":[{"count":2,"href":"https:\/\/www.granadablogs.com\/pateandoelmundo\/wp-json\/wp\/v2\/posts\/27815\/revisions"}],"predecessor-version":[{"id":27820,"href":"https:\/\/www.granadablogs.com\/pateandoelmundo\/wp-json\/wp\/v2\/posts\/27815\/revisions\/27820"}],"wp:attachment":[{"href":"https:\/\/www.granadablogs.com\/pateandoelmundo\/wp-json\/wp\/v2\/media?parent=27815"}],"wp:term":[{"taxonomy":"category","embeddable":true,"href":"https:\/\/www.granadablogs.com\/pateandoelmundo\/wp-json\/wp\/v2\/categories?post=27815"},{"taxonomy":"post_tag","embeddable":true,"href":"https:\/\/www.granadablogs.com\/pateandoelmundo\/wp-json\/wp\/v2\/tags?post=27815"}],"curies":[{"name":"wp","href":"https:\/\/api.w.org\/{rel}","templated":true}]}}