{"id":27810,"date":"2019-10-02T08:41:27","date_gmt":"2019-10-02T07:41:27","guid":{"rendered":"https:\/\/www.granadablogs.com\/pateandoelmundo\/?p=27810"},"modified":"2019-10-02T08:41:27","modified_gmt":"2019-10-02T07:41:27","slug":"la-palabreria-cultural","status":"publish","type":"post","link":"https:\/\/www.granadablogs.com\/pateandoelmundo\/la-palabreria-cultural\/","title":{"rendered":"La palabrer\u00eda cultural"},"content":{"rendered":"<p>La pol\u00edtica cultural de Paco Cuenca durante sus a\u00f1os como alcalde de Granada se puede resumir en un par de l\u00edneas: decirle que s\u00ed a todo y a todos, sonre\u00edr mucho\u2026 y terminar arropando s\u00f3lo a lo suyos. Y por arropar me refiero, \u00fanica y exclusivamente, a la parte econ\u00f3mica de la cuesti\u00f3n. Que el cari\u00f1o, las promesas y las buenas palabras est\u00e1n muy bien, pero no pagan facturas.<\/p>\n<p><a href=\"https:\/\/www.granadablogs.com\/pateandoelmundo\/la-palabreria-cultural\/capital-cultural\/\" rel=\"attachment wp-att-27811\"><img loading=\"lazy\" decoding=\"async\" class=\"aligncenter size-medium wp-image-27811\" src=\"https:\/\/www.granadablogs.com\/pateandoelmundo\/wp-content\/uploads\/2019\/10\/Capital-Cultural-300x185.jpg\" alt=\"\" width=\"300\" height=\"185\" srcset=\"https:\/\/www.granadablogs.com\/pateandoelmundo\/wp-content\/uploads\/2019\/10\/Capital-Cultural-300x185.jpg 300w, https:\/\/www.granadablogs.com\/pateandoelmundo\/wp-content\/uploads\/2019\/10\/Capital-Cultural.jpg 624w\" sizes=\"auto, (max-width: 300px) 100vw, 300px\" \/><\/a><\/p>\n<p>Con el cambio de gobierno en la Junta de Andaluc\u00eda, hubo quien se las prometi\u00f3 muy felices, pensando que se iban a abrir los famosos cajones y se iban a airear las trastiendas de los chiringuitos culturales de nuestra tierra. Han pasado meses y meses y aqu\u00ed todo sigue igual: los (pocos) de siempre siguen facturando la parte del le\u00f3n y los (muchos) de nunca contin\u00faan llorando por las esquinas. \u00bfEn qu\u00e9 se ha traducido para Granada la gesti\u00f3n del equipo de Patricia del Pozo, consejera de Cultura? En la nada m\u00e1s absoluta. Promesas, promesas y m\u00e1s promesas\u2026<\/p>\n<p>Luis Salvador lleg\u00f3 a la alcald\u00eda qued\u00e1ndose con Cultura bajo su ala y enarbolando la bandera de la Capitalidad Cultural del 2031, mantra que no se le cae de la boca. Cien d\u00edas de gobierno despu\u00e9s, sigue hablando y hablando del tema, pero no hay ning\u00fan acto que apuntale sus buenas intenciones.<\/p>\n<p>Cs y PP quieren construir una Ciudad de la M\u00fasica en Granada. Erigir un fastuoso edificio donde albergar \u00f3peras, conciertos sinf\u00f3nicos, conservatorios, etc. Anuncian una partida presupuestaria para ello en los pr\u00f3ximos presupuestos de la Junta. Ladrillo, o sea. Mientras, el reci\u00e9n dimitido gerente de la OCG denuncia que no tienen dinero ni para pagar los tiquets del ropero y que se han dado pasos atr\u00e1s en la resoluci\u00f3n de su embrollo econ\u00f3mico. \u00a1Qu\u00e9 bien, oigan!<\/p>\n<p><a href=\"https:\/\/www.granadablogs.com\/pateandoelmundo\/la-palabreria-cultural\/capitalidad-cultural\/\" rel=\"attachment wp-att-27812\"><img loading=\"lazy\" decoding=\"async\" class=\"aligncenter size-medium wp-image-27812\" src=\"https:\/\/www.granadablogs.com\/pateandoelmundo\/wp-content\/uploads\/2019\/10\/Capitalidad-cultural-300x185.jpg\" alt=\"\" width=\"300\" height=\"185\" srcset=\"https:\/\/www.granadablogs.com\/pateandoelmundo\/wp-content\/uploads\/2019\/10\/Capitalidad-cultural-300x185.jpg 300w, https:\/\/www.granadablogs.com\/pateandoelmundo\/wp-content\/uploads\/2019\/10\/Capitalidad-cultural.jpg 624w\" sizes=\"auto, (max-width: 300px) 100vw, 300px\" \/><\/a><\/p>\n<p>Mientras se plantean invertir cantidades millonarias en cemento e infraestructuras, nuestros pol\u00edticos est\u00e1n asfixiando a buena parte del tejido creativo de Granada, incapaz de sobrevivir y de llegar a fin de mes. Para variar, a nuestros pol\u00edticos se les va la vida entre vanas declaraciones grandilocuentes, palabrer\u00eda hueca y promesas incumplidas.<\/p>\n<p>Jes\u00fas Lens<\/p>\n<p><a href=\"https:\/\/twitter.com\/jesus_lens\" target=\"_blank\" rel=\"attachment noopener wp-att-27689\"><img loading=\"lazy\" decoding=\"async\" class=\"size-full wp-image-27689 alignleft\" src=\"https:\/\/www.granadablogs.com\/pateandoelmundo\/wp-content\/uploads\/2019\/09\/0Twitter.jpg\" alt=\"\" width=\"196\" height=\"47\" \/><\/a><\/p>\n","protected":false},"excerpt":{"rendered":"<p>La pol\u00edtica cultural de Paco Cuenca durante sus a\u00f1os como alcalde de Granada se puede resumir en un par de l\u00edneas: decirle que s\u00ed a todo y a todos, sonre\u00edr mucho\u2026 y terminar arropando s\u00f3lo a lo suyos. Y por arropar me refiero, \u00fanica y exclusivamente, a la parte econ\u00f3mica de la cuesti\u00f3n. Que el [&hellip;]<\/p>\n","protected":false},"author":1,"featured_media":0,"comment_status":"open","ping_status":"open","sticky":false,"template":"","format":"standard","meta":{"jetpack_post_was_ever_published":false,"_jetpack_newsletter_access":"","_jetpack_dont_email_post_to_subs":false,"_jetpack_newsletter_tier_id":0,"_jetpack_memberships_contains_paywalled_content":false,"_jetpack_memberships_contains_paid_content":false,"footnotes":""},"categories":[6],"tags":[18218,18219,18221,18220,18222,18223],"class_list":["post-27810","post","type-post","status-publish","format-standard","hentry","category-opinion","tag-capital-cultural","tag-capitalidad-cultural","tag-granada-cultura-agoniza","tag-granada-cultural","tag-ocg-ruina","tag-palabreria-cultural"],"jetpack_featured_media_url":"","jetpack_sharing_enabled":true,"_links":{"self":[{"href":"https:\/\/www.granadablogs.com\/pateandoelmundo\/wp-json\/wp\/v2\/posts\/27810","targetHints":{"allow":["GET"]}}],"collection":[{"href":"https:\/\/www.granadablogs.com\/pateandoelmundo\/wp-json\/wp\/v2\/posts"}],"about":[{"href":"https:\/\/www.granadablogs.com\/pateandoelmundo\/wp-json\/wp\/v2\/types\/post"}],"author":[{"embeddable":true,"href":"https:\/\/www.granadablogs.com\/pateandoelmundo\/wp-json\/wp\/v2\/users\/1"}],"replies":[{"embeddable":true,"href":"https:\/\/www.granadablogs.com\/pateandoelmundo\/wp-json\/wp\/v2\/comments?post=27810"}],"version-history":[{"count":2,"href":"https:\/\/www.granadablogs.com\/pateandoelmundo\/wp-json\/wp\/v2\/posts\/27810\/revisions"}],"predecessor-version":[{"id":27814,"href":"https:\/\/www.granadablogs.com\/pateandoelmundo\/wp-json\/wp\/v2\/posts\/27810\/revisions\/27814"}],"wp:attachment":[{"href":"https:\/\/www.granadablogs.com\/pateandoelmundo\/wp-json\/wp\/v2\/media?parent=27810"}],"wp:term":[{"taxonomy":"category","embeddable":true,"href":"https:\/\/www.granadablogs.com\/pateandoelmundo\/wp-json\/wp\/v2\/categories?post=27810"},{"taxonomy":"post_tag","embeddable":true,"href":"https:\/\/www.granadablogs.com\/pateandoelmundo\/wp-json\/wp\/v2\/tags?post=27810"}],"curies":[{"name":"wp","href":"https:\/\/api.w.org\/{rel}","templated":true}]}}