{"id":27679,"date":"2019-09-12T14:07:35","date_gmt":"2019-09-12T13:07:35","guid":{"rendered":"https:\/\/www.granadablogs.com\/pateandoelmundo\/?p=27679"},"modified":"2019-09-12T14:07:36","modified_gmt":"2019-09-12T13:07:36","slug":"inquisicion-frio","status":"publish","type":"post","link":"https:\/\/www.granadablogs.com\/pateandoelmundo\/inquisicion-frio\/","title":{"rendered":"Inquisici\u00f3n &#038; fr\u00edo"},"content":{"rendered":"<p>Me tem\u00ed lo peor el pasado domingo, cuando me baj\u00e9 del autob\u00fas de M\u00e1laga a eso de las once de la noche. Ven\u00eda en bermudas y sandalias y me sorprendi\u00f3 un fr\u00edo glacial. Un instante despu\u00e9s, mientras sub\u00eda las escaleras de la estaci\u00f3n, me fij\u00e9 en una la publicidad que daba la bienvenida a los viajeros. Por un lado, un cartel\u00f3n de Alsa, la concesionaria de autobuses que nos sigue conectando con el mundo\u2026 a un precio razonable. \u2018Atenci\u00f3n personalizada\u2019. Justo detr\u00e1s, un mensaje algo m\u00e1s inquietante, en tama\u00f1o gigante: \u2018INQUISICI\u00d3N\u2019. Seguido de una promesa que m\u00e1s parece una amenaza: \u2018Abierto todo los d\u00edas\u2019.<\/p>\n<p><a href=\"https:\/\/www.granadablogs.com\/pateandoelmundo\/inquisicion-frio\/0-inquisicion-en-granada\/\" rel=\"attachment wp-att-27681\"><img loading=\"lazy\" decoding=\"async\" class=\"aligncenter size-medium wp-image-27681\" src=\"https:\/\/www.granadablogs.com\/pateandoelmundo\/wp-content\/uploads\/2019\/09\/0-Inquisici\u00f3n-en-Granada-300x189.jpg\" alt=\"\" width=\"300\" height=\"189\" srcset=\"https:\/\/www.granadablogs.com\/pateandoelmundo\/wp-content\/uploads\/2019\/09\/0-Inquisici\u00f3n-en-Granada-300x189.jpg 300w, https:\/\/www.granadablogs.com\/pateandoelmundo\/wp-content\/uploads\/2019\/09\/0-Inquisici\u00f3n-en-Granada-768x485.jpg 768w, https:\/\/www.granadablogs.com\/pateandoelmundo\/wp-content\/uploads\/2019\/09\/0-Inquisici\u00f3n-en-Granada-644x407.jpg 644w, https:\/\/www.granadablogs.com\/pateandoelmundo\/wp-content\/uploads\/2019\/09\/0-Inquisici\u00f3n-en-Granada.jpg 960w\" sizes=\"auto, (max-width: 300px) 100vw, 300px\" \/><\/a><\/p>\n<p>Lo s\u00e9, lo s\u00e9. Se trata de una exposici\u00f3n del Palacio de los Olvidados, pero no me digan ustedes que no impresiona llegar a Granada y sentir que Torquemada y sus \u00e9mulos est\u00e1n dispuestos a atenderte todos los d\u00edas.<\/p>\n<p>Ll\u00e1menme Nostradamus, pero mientras esperaba la llegada del Metro, intu\u00ed que la fusi\u00f3n entre el brusco descenso de temperaturas y el fr\u00edo inquisitorial no era sino la representaci\u00f3n f\u00edsica de las g\u00e9lidas relaciones entre Pedro y Pablo, Calvo y Echenique, PSOE y Podemos. El mismo pensamiento anticipatorio me asalt\u00f3 anteanoche, cuando me despert\u00e9 tiritando en mitad de la madrugada, mientras el viento aullaba por las calles del Zaid\u00edn.<\/p>\n<p><a href=\"https:\/\/www.granadablogs.com\/pateandoelmundo\/inquisicion-frio\/0-inquisicion-y-frio-2\/\" rel=\"attachment wp-att-27682\"><img loading=\"lazy\" decoding=\"async\" class=\"aligncenter size-medium wp-image-27682\" src=\"https:\/\/www.granadablogs.com\/pateandoelmundo\/wp-content\/uploads\/2019\/09\/0-Inquisici\u00f3n-y-fr\u00edo-1-300x185.jpg\" alt=\"\" width=\"300\" height=\"185\" srcset=\"https:\/\/www.granadablogs.com\/pateandoelmundo\/wp-content\/uploads\/2019\/09\/0-Inquisici\u00f3n-y-fr\u00edo-1-300x185.jpg 300w, https:\/\/www.granadablogs.com\/pateandoelmundo\/wp-content\/uploads\/2019\/09\/0-Inquisici\u00f3n-y-fr\u00edo-1.jpg 623w\" sizes=\"auto, (max-width: 300px) 100vw, 300px\" \/><\/a><\/p>\n<p>Que vamos a nuevas elecciones, dicen. Y lo dicen as\u00ed, en primera persona del plural. Va-mos. Yo no lo tengo tan claro. A lo de ir, me refiero. \u00a1Que no es por no ir, ya lo saben ustedes! Si hay que ir se va, pero ir pa n\u00e1\u2026 En las \u00faltimas elecciones, la izquierda moviliz\u00f3 a sus bases con la consigna de parar a Vox. Y Vox fue parado. En seco. Sin embargo, no ha servido para nada. \u00a1Ay, qu\u00e9 in\u00fatiles han resultado todas aquellas apelaciones al voto \u00fatil!<\/p>\n<p>Han ca\u00eddo los primeros copos sobre Sierra Nevada. No tardar\u00e1n en desaparecer, fundidos por el \u2018veranillo del membrillo\u2019, pero la vuelta al cole nos descubre tiesos como car\u00e1mbanos, con la mand\u00edbula descolgada y tiritando de fr\u00edo. \u00a1A ver ahora c\u00f3mo nos movilizan!<\/p>\n<p>Jes\u00fas Lens<\/p>\n<p><a href=\"https:\/\/twitter.com\/jesus_lens\" target=\"_blank\" rel=\"attachment noopener wp-att-26852\"><img loading=\"lazy\" decoding=\"async\" class=\"size-full wp-image-26852 alignleft\" src=\"https:\/\/www.granadablogs.com\/pateandoelmundo\/wp-content\/uploads\/2019\/03\/0Twitter.jpg\" alt=\"\" width=\"196\" height=\"47\" \/><\/a><\/p>\n","protected":false},"excerpt":{"rendered":"<p>Me tem\u00ed lo peor el pasado domingo, cuando me baj\u00e9 del autob\u00fas de M\u00e1laga a eso de las once de la noche. Ven\u00eda en bermudas y sandalias y me sorprendi\u00f3 un fr\u00edo glacial. Un instante despu\u00e9s, mientras sub\u00eda las escaleras de la estaci\u00f3n, me fij\u00e9 en una la publicidad que daba la bienvenida a los [&hellip;]<\/p>\n","protected":false},"author":1,"featured_media":0,"comment_status":"open","ping_status":"open","sticky":false,"template":"","format":"standard","meta":{"jetpack_post_was_ever_published":false,"_jetpack_newsletter_access":"","_jetpack_dont_email_post_to_subs":false,"_jetpack_newsletter_tier_id":0,"_jetpack_memberships_contains_paywalled_content":false,"_jetpack_memberships_contains_paid_content":false,"footnotes":""},"categories":[6],"tags":[18150,18152,18151,18153,18154],"class_list":["post-27679","post","type-post","status-publish","format-standard","hentry","category-opinion","tag-inquisicion","tag-inquisicion-granada","tag-inquisicion-y-frio","tag-nueves-elecciones","tag-parar-a-vox"],"jetpack_featured_media_url":"","jetpack_sharing_enabled":true,"_links":{"self":[{"href":"https:\/\/www.granadablogs.com\/pateandoelmundo\/wp-json\/wp\/v2\/posts\/27679","targetHints":{"allow":["GET"]}}],"collection":[{"href":"https:\/\/www.granadablogs.com\/pateandoelmundo\/wp-json\/wp\/v2\/posts"}],"about":[{"href":"https:\/\/www.granadablogs.com\/pateandoelmundo\/wp-json\/wp\/v2\/types\/post"}],"author":[{"embeddable":true,"href":"https:\/\/www.granadablogs.com\/pateandoelmundo\/wp-json\/wp\/v2\/users\/1"}],"replies":[{"embeddable":true,"href":"https:\/\/www.granadablogs.com\/pateandoelmundo\/wp-json\/wp\/v2\/comments?post=27679"}],"version-history":[{"count":2,"href":"https:\/\/www.granadablogs.com\/pateandoelmundo\/wp-json\/wp\/v2\/posts\/27679\/revisions"}],"predecessor-version":[{"id":27684,"href":"https:\/\/www.granadablogs.com\/pateandoelmundo\/wp-json\/wp\/v2\/posts\/27679\/revisions\/27684"}],"wp:attachment":[{"href":"https:\/\/www.granadablogs.com\/pateandoelmundo\/wp-json\/wp\/v2\/media?parent=27679"}],"wp:term":[{"taxonomy":"category","embeddable":true,"href":"https:\/\/www.granadablogs.com\/pateandoelmundo\/wp-json\/wp\/v2\/categories?post=27679"},{"taxonomy":"post_tag","embeddable":true,"href":"https:\/\/www.granadablogs.com\/pateandoelmundo\/wp-json\/wp\/v2\/tags?post=27679"}],"curies":[{"name":"wp","href":"https:\/\/api.w.org\/{rel}","templated":true}]}}