{"id":27670,"date":"2019-09-10T10:57:10","date_gmt":"2019-09-10T09:57:10","guid":{"rendered":"https:\/\/www.granadablogs.com\/pateandoelmundo\/?p=27670"},"modified":"2019-09-10T10:57:11","modified_gmt":"2019-09-10T09:57:11","slug":"las-lecturas-de-paco-cuenca","status":"publish","type":"post","link":"https:\/\/www.granadablogs.com\/pateandoelmundo\/las-lecturas-de-paco-cuenca\/","title":{"rendered":"Las lecturas de Paco Cuenca"},"content":{"rendered":"<p>Cuando llega el final de julio y los periodistas les preguntan a los pol\u00edticos por sus planes vacacionales, es un cl\u00e1sico afirmar que van a cepillarse todos los libros que sus graves ocupaciones no les permiten leer a lo largo del a\u00f1o. Ya saben ustedes que la responsabilidad de los pol\u00edticos es tan importante que, por mucho que se pasen la vida aconsejando a los dem\u00e1s que lean, ellos no tienen tiempo. Ellos est\u00e1n a otras cosas. En beneficio de la ciudadan\u00eda, por supuesto.<\/p>\n<p>Me gust\u00f3 que, el 28 de agosto, Paco Cuenca publicara una foto con sus lecturas veraniegas. No le vamos a pedir comentarios exhaustivos sobre ellas, dando por supuesto que le han aprovechado bien. El exalcalde de Granada ley\u00f3 a Juan Jos\u00e9 Mill\u00e1s, Santiago Lorenzo, Francisco Ayala, Manuel Vilas y al japon\u00e9s Yasunari Kawabata, al que en ese momento ten\u00eda entre manos. \u00bfQu\u00e9 les parece la selecci\u00f3n de autores?<\/p>\n<p><a href=\"https:\/\/www.granadablogs.com\/pateandoelmundo\/las-lecturas-de-paco-cuenca\/0-paco-cuenca-lecturas\/\" rel=\"attachment wp-att-27671\"><img loading=\"lazy\" decoding=\"async\" class=\"aligncenter size-medium wp-image-27671\" src=\"https:\/\/www.granadablogs.com\/pateandoelmundo\/wp-content\/uploads\/2019\/09\/0-Paco-Cuenca-Lecturas-300x300.jpg\" alt=\"\" width=\"300\" height=\"300\" srcset=\"https:\/\/www.granadablogs.com\/pateandoelmundo\/wp-content\/uploads\/2019\/09\/0-Paco-Cuenca-Lecturas-300x300.jpg 300w, https:\/\/www.granadablogs.com\/pateandoelmundo\/wp-content\/uploads\/2019\/09\/0-Paco-Cuenca-Lecturas-150x150.jpg 150w, https:\/\/www.granadablogs.com\/pateandoelmundo\/wp-content\/uploads\/2019\/09\/0-Paco-Cuenca-Lecturas.jpg 768w, https:\/\/www.granadablogs.com\/pateandoelmundo\/wp-content\/uploads\/2019\/09\/0-Paco-Cuenca-Lecturas-644x644.jpg 644w\" sizes=\"auto, (max-width: 300px) 100vw, 300px\" \/><\/a><\/p>\n<p>En este caso, la palabra \u2018autores\u2019 no da permite interpretaciones sobre la inclusi\u00f3n de g\u00e9nero: son todo hombres. Y eso no es bueno. \u00bfEs consciente Cuenca de este dato? \u00bfY nosotros? \u00bfCu\u00e1ntos libros leemos al cabo del a\u00f1o escritos por hombres y cu\u00e1ntos por mujeres? \u00bfQu\u00e9 nos lleva a elegir mayoritariamente libros \u2018masculinos\u2019, una y otra vez? \u00bfPor qu\u00e9 las novelas de ellas siguen siendo invisibles? Dicho lo cu\u00e1l, me alegra ver que Cuenca lee: el resto de nuestros l\u00edderes pol\u00edticos muestra en sus redes un perfil lector m\u00e1s bien bajo.<\/p>\n<p>Pero lo mejor de la lista son los t\u00edtulos de las novelas elegidas por el pol\u00edtico socialista. A ver qu\u00e9 les parecen, as\u00ed ordenados. Empezamos por \u2019Desde la sombra\u2019, seguimos por \u2018Lo bello y lo triste\u2019, continuamos con \u2019Los asquerosos\u2019 y \u2018Los usurpadores\u2019 y terminamos con \u2018Los inmortales\u2019. \u00bfNo constituye esa concatenaci\u00f3n un relato en s\u00ed misma? \u00bfNo parece una declaraci\u00f3n de intenciones?<\/p>\n<p>No s\u00e9 ustedes, pero yo me imagino a Cuenca encerrado en su despacho a la ca\u00edda de la tarde mientras se debate entre la melancol\u00eda y la esperanza. Entonces mira torvamente a sus rivales y les manda un mensaje: \u2018volver\u00e9\u2019.<\/p>\n<p>Jes\u00fas Lens<\/p>\n<p><a href=\"https:\/\/twitter.com\/Jesus_Lens\/\" target=\"_blank\" rel=\"attachment noopener wp-att-26852\"><img loading=\"lazy\" decoding=\"async\" class=\"size-full wp-image-26852 alignleft\" src=\"https:\/\/www.granadablogs.com\/pateandoelmundo\/wp-content\/uploads\/2019\/03\/0Twitter.jpg\" alt=\"\" width=\"196\" height=\"47\" \/><\/a><\/p>\n","protected":false},"excerpt":{"rendered":"<p>Cuando llega el final de julio y los periodistas les preguntan a los pol\u00edticos por sus planes vacacionales, es un cl\u00e1sico afirmar que van a cepillarse todos los libros que sus graves ocupaciones no les permiten leer a lo largo del a\u00f1o. Ya saben ustedes que la responsabilidad de los pol\u00edticos es tan importante que, [&hellip;]<\/p>\n","protected":false},"author":1,"featured_media":0,"comment_status":"open","ping_status":"open","sticky":false,"template":"","format":"standard","meta":{"jetpack_post_was_ever_published":false,"_jetpack_newsletter_access":"","_jetpack_dont_email_post_to_subs":false,"_jetpack_newsletter_tier_id":0,"_jetpack_memberships_contains_paywalled_content":false,"_jetpack_memberships_contains_paid_content":false,"footnotes":""},"categories":[9,6],"tags":[2242,18145,18146,4248],"class_list":["post-27670","post","type-post","status-publish","format-standard","hentry","category-literarios","category-opinion","tag-lecturas","tag-lecturas-paco-cuenca","tag-libros-paco-cuenca","tag-paco-cuenca"],"jetpack_featured_media_url":"","jetpack_sharing_enabled":true,"_links":{"self":[{"href":"https:\/\/www.granadablogs.com\/pateandoelmundo\/wp-json\/wp\/v2\/posts\/27670","targetHints":{"allow":["GET"]}}],"collection":[{"href":"https:\/\/www.granadablogs.com\/pateandoelmundo\/wp-json\/wp\/v2\/posts"}],"about":[{"href":"https:\/\/www.granadablogs.com\/pateandoelmundo\/wp-json\/wp\/v2\/types\/post"}],"author":[{"embeddable":true,"href":"https:\/\/www.granadablogs.com\/pateandoelmundo\/wp-json\/wp\/v2\/users\/1"}],"replies":[{"embeddable":true,"href":"https:\/\/www.granadablogs.com\/pateandoelmundo\/wp-json\/wp\/v2\/comments?post=27670"}],"version-history":[{"count":2,"href":"https:\/\/www.granadablogs.com\/pateandoelmundo\/wp-json\/wp\/v2\/posts\/27670\/revisions"}],"predecessor-version":[{"id":27673,"href":"https:\/\/www.granadablogs.com\/pateandoelmundo\/wp-json\/wp\/v2\/posts\/27670\/revisions\/27673"}],"wp:attachment":[{"href":"https:\/\/www.granadablogs.com\/pateandoelmundo\/wp-json\/wp\/v2\/media?parent=27670"}],"wp:term":[{"taxonomy":"category","embeddable":true,"href":"https:\/\/www.granadablogs.com\/pateandoelmundo\/wp-json\/wp\/v2\/categories?post=27670"},{"taxonomy":"post_tag","embeddable":true,"href":"https:\/\/www.granadablogs.com\/pateandoelmundo\/wp-json\/wp\/v2\/tags?post=27670"}],"curies":[{"name":"wp","href":"https:\/\/api.w.org\/{rel}","templated":true}]}}