{"id":27661,"date":"2019-09-08T08:53:36","date_gmt":"2019-09-08T07:53:36","guid":{"rendered":"https:\/\/www.granadablogs.com\/pateandoelmundo\/?p=27661"},"modified":"2019-09-09T08:56:30","modified_gmt":"2019-09-09T07:56:30","slug":"entrar-a-la-alhambra","status":"publish","type":"post","link":"https:\/\/www.granadablogs.com\/pateandoelmundo\/entrar-a-la-alhambra\/","title":{"rendered":"Entrar a la Alhambra"},"content":{"rendered":"<p>No conozco a nadie que haya dejado de visitar la Alhambra por el precio de la entrada. A la entrada normal, me refiero. A las otras, las de reventa, guiadas o de \u00faltima hora no quiero hacer referencia en esta columna. Entrar a la Alhambra, de hecho, est\u00e1 tirado. En el sentido pecuniario del t\u00e9rmino. As\u00ed las cosas, las autoridades competentes parecen haberse puesto de acuerdo en subir el precio de la entrada al monumento nazar\u00ed, joya de la corona de nuestro patrimonio hist\u00f3rico-art\u00edstico.<\/p>\n<p><a href=\"https:\/\/www.granadablogs.com\/pateandoelmundo\/entrar-a-la-alhambra\/0-alhambra-monumento\/\" rel=\"attachment wp-att-27662\"><img loading=\"lazy\" decoding=\"async\" class=\"aligncenter size-medium wp-image-27662\" src=\"https:\/\/www.granadablogs.com\/pateandoelmundo\/wp-content\/uploads\/2019\/09\/0-Alhambra-monumento-300x243.jpg\" alt=\"\" width=\"300\" height=\"243\" srcset=\"https:\/\/www.granadablogs.com\/pateandoelmundo\/wp-content\/uploads\/2019\/09\/0-Alhambra-monumento-300x243.jpg 300w, https:\/\/www.granadablogs.com\/pateandoelmundo\/wp-content\/uploads\/2019\/09\/0-Alhambra-monumento-768x621.jpg 768w, https:\/\/www.granadablogs.com\/pateandoelmundo\/wp-content\/uploads\/2019\/09\/0-Alhambra-monumento-644x521.jpg 644w, https:\/\/www.granadablogs.com\/pateandoelmundo\/wp-content\/uploads\/2019\/09\/0-Alhambra-monumento.jpg 900w\" sizes=\"auto, (max-width: 300px) 100vw, 300px\" \/><\/a><\/p>\n<p>Una visita a la Alhambra medio en condiciones te lleva el d\u00eda entero. Eso lo convierte en uno de los monumentos m\u00e1s baratos de Espa\u00f1a. Subir el precio de la entrada es, por tanto, l\u00f3gico y normal. De hecho, resulta incomprensible que no lo hiciera antes cualquiera de los gobiernos socialistas de la Junta.<\/p>\n<p>Ser\u00e1 importante dejar claras dos cuestiones: \u00bfqu\u00e9 destino tendr\u00e1 el dinero de m\u00e1s recaudado? Ya no s\u00e9 oye a la gente del Partido Popular decir que la pasta se va a Sevilla, uno de los mantras frentistas que tanto usaron en su momento, contribuyendo a partir en dos, emocionalmente hablando, esta Andaluc\u00eda nuestra. Para empezar, los trabajadores del monumento ya han reclamado una mejora en sus condiciones laborales. \u00a1Aviso para navegantes!<\/p>\n<p>Y est\u00e1 la siempre espinosa cuesti\u00f3n de las entradas para los locales. Para los granadinos que, a pesar de serlo, suben a la Alhambra. En compa\u00f1\u00eda de otros, cuando vienen visitas con af\u00e1n cultural; o incluso solos. Que haberlos, haylos.<\/p>\n<p>\u00bfEs suficiente lo de las visitas gratis los domingos por la tarde? A m\u00ed, qu\u00e9 quieren que les diga&#8230; s\u00f3lo escuchar \u2018tarde de domingo\u2019 me da pereza. Yuyu. Mal rollo. Suena a castigo. A resaca, a caf\u00e9 recalentado con bollos rancios y a barba de tres d\u00edas. El alcalde Granada exige que la subida \u2018no afecte a los granadinos\u2019. Tengo ganas de saber c\u00f3mo se arbitrar\u00e1 el trato preferencial a los oriundos. De hecho, ser\u00eda bueno que el Patronato le diera una vuelta a c\u00f3mo animar a los granadinos a visitar la Alhambra m\u00e1s a menudo.<\/p>\n<p>Jes\u00fas Lens<\/p>\n<p><a href=\"https:\/\/twitter.com\/Jesus_Lens\/\" target=\"_blank\" rel=\"attachment noopener wp-att-26852\"><img loading=\"lazy\" decoding=\"async\" class=\"size-full wp-image-26852 alignleft\" src=\"https:\/\/www.granadablogs.com\/pateandoelmundo\/wp-content\/uploads\/2019\/03\/0Twitter.jpg\" alt=\"\" width=\"196\" height=\"47\" \/><\/a><\/p>\n","protected":false},"excerpt":{"rendered":"<p>No conozco a nadie que haya dejado de visitar la Alhambra por el precio de la entrada. A la entrada normal, me refiero. A las otras, las de reventa, guiadas o de \u00faltima hora no quiero hacer referencia en esta columna. Entrar a la Alhambra, de hecho, est\u00e1 tirado. En el sentido pecuniario del t\u00e9rmino. [&hellip;]<\/p>\n","protected":false},"author":1,"featured_media":0,"comment_status":"open","ping_status":"open","sticky":false,"template":"","format":"standard","meta":{"jetpack_post_was_ever_published":false,"_jetpack_newsletter_access":"","_jetpack_dont_email_post_to_subs":false,"_jetpack_newsletter_tier_id":0,"_jetpack_memberships_contains_paywalled_content":false,"_jetpack_memberships_contains_paid_content":false,"footnotes":""},"categories":[6],"tags":[18139,18140,18141],"class_list":["post-27661","post","type-post","status-publish","format-standard","hentry","category-opinion","tag-entrar-a-la-alhambra","tag-precio-entradas-alhambra","tag-visitar-alhambra"],"jetpack_featured_media_url":"","jetpack_sharing_enabled":true,"_links":{"self":[{"href":"https:\/\/www.granadablogs.com\/pateandoelmundo\/wp-json\/wp\/v2\/posts\/27661","targetHints":{"allow":["GET"]}}],"collection":[{"href":"https:\/\/www.granadablogs.com\/pateandoelmundo\/wp-json\/wp\/v2\/posts"}],"about":[{"href":"https:\/\/www.granadablogs.com\/pateandoelmundo\/wp-json\/wp\/v2\/types\/post"}],"author":[{"embeddable":true,"href":"https:\/\/www.granadablogs.com\/pateandoelmundo\/wp-json\/wp\/v2\/users\/1"}],"replies":[{"embeddable":true,"href":"https:\/\/www.granadablogs.com\/pateandoelmundo\/wp-json\/wp\/v2\/comments?post=27661"}],"version-history":[{"count":2,"href":"https:\/\/www.granadablogs.com\/pateandoelmundo\/wp-json\/wp\/v2\/posts\/27661\/revisions"}],"predecessor-version":[{"id":27664,"href":"https:\/\/www.granadablogs.com\/pateandoelmundo\/wp-json\/wp\/v2\/posts\/27661\/revisions\/27664"}],"wp:attachment":[{"href":"https:\/\/www.granadablogs.com\/pateandoelmundo\/wp-json\/wp\/v2\/media?parent=27661"}],"wp:term":[{"taxonomy":"category","embeddable":true,"href":"https:\/\/www.granadablogs.com\/pateandoelmundo\/wp-json\/wp\/v2\/categories?post=27661"},{"taxonomy":"post_tag","embeddable":true,"href":"https:\/\/www.granadablogs.com\/pateandoelmundo\/wp-json\/wp\/v2\/tags?post=27661"}],"curies":[{"name":"wp","href":"https:\/\/api.w.org\/{rel}","templated":true}]}}