{"id":27632,"date":"2019-09-02T13:00:39","date_gmt":"2019-09-02T12:00:39","guid":{"rendered":"https:\/\/www.granadablogs.com\/pateandoelmundo\/?p=27632"},"modified":"2019-09-02T13:00:39","modified_gmt":"2019-09-02T12:00:39","slug":"algo-huele-a-podrido","status":"publish","type":"post","link":"https:\/\/www.granadablogs.com\/pateandoelmundo\/algo-huele-a-podrido\/","title":{"rendered":"Algo huele a podrido"},"content":{"rendered":"<p>Y no es en Dinamarca, precisamente. \u00bfSoy yo, que me he pasado todo agosto leyendo el peri\u00f3dico, o resulta muy preocupante lo terriblemente mal que se ha gestionado la crisis de listeria provocada por la empresa c\u00e1rnica sevillana Magrudis?<\/p>\n<p><a href=\"https:\/\/www.granadablogs.com\/pateandoelmundo\/algo-huele-a-podrido\/0-listeria\/\" rel=\"attachment wp-att-27633\"><img loading=\"lazy\" decoding=\"async\" class=\"aligncenter size-medium wp-image-27633\" src=\"https:\/\/www.granadablogs.com\/pateandoelmundo\/wp-content\/uploads\/2019\/09\/0-Listeria-300x169.jpg\" alt=\"\" width=\"300\" height=\"169\" srcset=\"https:\/\/www.granadablogs.com\/pateandoelmundo\/wp-content\/uploads\/2019\/09\/0-Listeria-300x169.jpg 300w, https:\/\/www.granadablogs.com\/pateandoelmundo\/wp-content\/uploads\/2019\/09\/0-Listeria-768x432.jpg 768w, https:\/\/www.granadablogs.com\/pateandoelmundo\/wp-content\/uploads\/2019\/09\/0-Listeria-644x362.jpg 644w, https:\/\/www.granadablogs.com\/pateandoelmundo\/wp-content\/uploads\/2019\/09\/0-Listeria.jpg 1024w\" sizes=\"auto, (max-width: 300px) 100vw, 300px\" \/><\/a><\/p>\n<p>A lo largo del mes de agosto se han producido hasta cuatro alertas sanitarias diferentes, todas ellas sobre diferentes productos de la misma empresa, la referida Magrudis. El d\u00eda 15 salt\u00f3 la liebre con la carne mechada. No tardaron en correr como la p\u00f3lvora chistes y memes a trav\u00e9s de las redes sociales, invitando a consumirla a todo aquel que nos cayera mal.<\/p>\n<p>El d\u00eda 20 le toc\u00f3 el turno al lomo, el d\u00eda 23 a otra hartada de productos c\u00e1rnicos, siempre de Magrudis. Y, por fin, el 28, le lleg\u00f3 su particular San Mart\u00edn a los chorizos. A los de comer, me refiero. Que en este espinoso tema, que se ha cobrado la vida de 3 personas y ha afectado a casi 200 personas, hay mucho chorizo \u2014de los otros\u2014 campando a sus anchas.<\/p>\n<p>Sorprende, preocupa e indigna la actuaci\u00f3n del consejero de Salud de la Junta de Andaluc\u00eda en este caso, quit\u00e1ndole hierro al asunto desde el primer d\u00eda. Parec\u00eda m\u00e1s preocupado por la imagen de Magrudis que por la salud de los andaluces. \u00bfC\u00f3mo pudo decir que la empresa culpable del brote tuvo \u2018mala suerte\u2019 y quedarse tan ancho? \u00bfPor qu\u00e9 se par\u00f3 la fabricaci\u00f3n de sus productos, pero no su comercializaci\u00f3n?<\/p>\n<p><a href=\"https:\/\/www.granadablogs.com\/pateandoelmundo\/algo-huele-a-podrido\/0-listeria-consejero\/\" rel=\"attachment wp-att-27634\"><img loading=\"lazy\" decoding=\"async\" class=\"aligncenter size-medium wp-image-27634\" src=\"https:\/\/www.granadablogs.com\/pateandoelmundo\/wp-content\/uploads\/2019\/09\/0-Listeria-consejero-300x177.jpg\" alt=\"\" width=\"300\" height=\"177\" srcset=\"https:\/\/www.granadablogs.com\/pateandoelmundo\/wp-content\/uploads\/2019\/09\/0-Listeria-consejero-300x177.jpg 300w, https:\/\/www.granadablogs.com\/pateandoelmundo\/wp-content\/uploads\/2019\/09\/0-Listeria-consejero-768x453.jpg 768w, https:\/\/www.granadablogs.com\/pateandoelmundo\/wp-content\/uploads\/2019\/09\/0-Listeria-consejero-644x380.jpg 644w, https:\/\/www.granadablogs.com\/pateandoelmundo\/wp-content\/uploads\/2019\/09\/0-Listeria-consejero.jpg 1250w\" sizes=\"auto, (max-width: 300px) 100vw, 300px\" \/><\/a><\/p>\n<p>Ahora, la Junta reconoce la gravedad de la situaci\u00f3n, se echa las manos a la cabeza y denuncia el brutal volumen de bacterias detectados en la f\u00e1brica. Hace unos d\u00edas, sin embargo, Magrudis fue tildada de colaboradora ejemplar en la gesti\u00f3n de la crisis por la propia Junta.<\/p>\n<p>Pero la cosa es a\u00fan peor: Magrudis carec\u00eda de todos los permisos necesarios para su actividad, hab\u00eda hecho obras de ampliaci\u00f3n en sus instalaciones sin licencia y vend\u00eda hasta 50 productos de otras firmas y con otras etiquetas de los que no inform\u00f3. Magrudis. Un caso que, m\u00e1s que oler a podrido, apesta.<\/p>\n<p>Jes\u00fas Lens<\/p>\n<p><a href=\"https:\/\/twitter.com\/Jesus_Lens\/\" target=\"_blank\" rel=\"attachment noopener wp-att-26852\"><img loading=\"lazy\" decoding=\"async\" class=\"size-full wp-image-26852 alignleft\" src=\"https:\/\/www.granadablogs.com\/pateandoelmundo\/wp-content\/uploads\/2019\/03\/0Twitter.jpg\" alt=\"\" width=\"196\" height=\"47\" \/><\/a><\/p>\n","protected":false},"excerpt":{"rendered":"<p>Y no es en Dinamarca, precisamente. \u00bfSoy yo, que me he pasado todo agosto leyendo el peri\u00f3dico, o resulta muy preocupante lo terriblemente mal que se ha gestionado la crisis de listeria provocada por la empresa c\u00e1rnica sevillana Magrudis? A lo largo del mes de agosto se han producido hasta cuatro alertas sanitarias diferentes, todas [&hellip;]<\/p>\n","protected":false},"author":1,"featured_media":0,"comment_status":"open","ping_status":"open","sticky":false,"template":"","format":"standard","meta":{"jetpack_post_was_ever_published":false,"_jetpack_newsletter_access":"","_jetpack_dont_email_post_to_subs":false,"_jetpack_newsletter_tier_id":0,"_jetpack_memberships_contains_paywalled_content":false,"_jetpack_memberships_contains_paid_content":false,"footnotes":""},"categories":[6],"tags":[18124,18123,18122,18119,18120,18121],"class_list":["post-27632","post","type-post","status-publish","format-standard","hentry","category-opinion","tag-alerta-sanitaria","tag-consejero-junta","tag-la-mecha","tag-listeria","tag-listeriosis","tag-magrudis"],"jetpack_featured_media_url":"","jetpack_sharing_enabled":true,"_links":{"self":[{"href":"https:\/\/www.granadablogs.com\/pateandoelmundo\/wp-json\/wp\/v2\/posts\/27632","targetHints":{"allow":["GET"]}}],"collection":[{"href":"https:\/\/www.granadablogs.com\/pateandoelmundo\/wp-json\/wp\/v2\/posts"}],"about":[{"href":"https:\/\/www.granadablogs.com\/pateandoelmundo\/wp-json\/wp\/v2\/types\/post"}],"author":[{"embeddable":true,"href":"https:\/\/www.granadablogs.com\/pateandoelmundo\/wp-json\/wp\/v2\/users\/1"}],"replies":[{"embeddable":true,"href":"https:\/\/www.granadablogs.com\/pateandoelmundo\/wp-json\/wp\/v2\/comments?post=27632"}],"version-history":[{"count":2,"href":"https:\/\/www.granadablogs.com\/pateandoelmundo\/wp-json\/wp\/v2\/posts\/27632\/revisions"}],"predecessor-version":[{"id":27636,"href":"https:\/\/www.granadablogs.com\/pateandoelmundo\/wp-json\/wp\/v2\/posts\/27632\/revisions\/27636"}],"wp:attachment":[{"href":"https:\/\/www.granadablogs.com\/pateandoelmundo\/wp-json\/wp\/v2\/media?parent=27632"}],"wp:term":[{"taxonomy":"category","embeddable":true,"href":"https:\/\/www.granadablogs.com\/pateandoelmundo\/wp-json\/wp\/v2\/categories?post=27632"},{"taxonomy":"post_tag","embeddable":true,"href":"https:\/\/www.granadablogs.com\/pateandoelmundo\/wp-json\/wp\/v2\/tags?post=27632"}],"curies":[{"name":"wp","href":"https:\/\/api.w.org\/{rel}","templated":true}]}}