{"id":27617,"date":"2019-07-28T10:15:56","date_gmt":"2019-07-28T09:15:56","guid":{"rendered":"https:\/\/www.granadablogs.com\/pateandoelmundo\/?p=27617"},"modified":"2019-07-30T10:19:30","modified_gmt":"2019-07-30T09:19:30","slug":"no-hagan-poses","status":"publish","type":"post","link":"https:\/\/www.granadablogs.com\/pateandoelmundo\/no-hagan-poses\/","title":{"rendered":"No hagan poses"},"content":{"rendered":"<p>Hace unas semanas, escribiendo sobre la desvestidura, les dec\u00eda que no son de recibo los plazos manejados, m\u00e1s propios de los tiempos de la diligencia que de los del AVE, con o sin variante de Loja. Que nada m\u00e1s escrutados los votos, los congresistas electos tendr\u00edan que encerrarse en el Parlamento y no salir de all\u00ed hasta tener un acuerdo de gobierno.<\/p>\n<p><a href=\"https:\/\/www.granadablogs.com\/pateandoelmundo\/lideres-en-rebeldia\/pedro-sanchez-retoma-con-pablo-iglesias-una-nueva-ronda-de-consultas-para-la-investidura\/\" rel=\"attachment wp-att-27515\"><img loading=\"lazy\" decoding=\"async\" class=\"aligncenter size-medium wp-image-27515\" src=\"https:\/\/www.granadablogs.com\/pateandoelmundo\/wp-content\/uploads\/2019\/07\/0-Rebeldes-300x200.jpg\" alt=\"\" width=\"300\" height=\"200\" srcset=\"https:\/\/www.granadablogs.com\/pateandoelmundo\/wp-content\/uploads\/2019\/07\/0-Rebeldes-300x200.jpg 300w, https:\/\/www.granadablogs.com\/pateandoelmundo\/wp-content\/uploads\/2019\/07\/0-Rebeldes-768x512.jpg 768w, https:\/\/www.granadablogs.com\/pateandoelmundo\/wp-content\/uploads\/2019\/07\/0-Rebeldes-644x429.jpg 644w, https:\/\/www.granadablogs.com\/pateandoelmundo\/wp-content\/uploads\/2019\/07\/0-Rebeldes.jpg 1024w\" sizes=\"auto, (max-width: 300px) 100vw, 300px\" \/><\/a><\/p>\n<p>Estamos a las puertas de agosto, Pedro S\u00e1nchez ha fracasado estrepitosamente y un runr\u00fan corre como la p\u00f3lvora entre la gente. \u00bfVacaciones? \u00bfQu\u00e9 vacaciones ni qu\u00e9 ocho cuartos? El juez Calatayud lo ha escrito en un post de su blog que se ha hecho viral a trav\u00e9s de \u2018g\u00fcasap\u2019: dado su fracaso escolar y el suspenso cosechado, nuestros pol\u00edticos deber\u00edan pasarse agosto \u2018encerra\u00edcos\u2019 en la Carrera de San Jer\u00f3nimo, \u201ca base de pinchos de tortillas y caf\u00e9s\u201d y pensando que \u201chabr\u00e1 millones de espa\u00f1oles trabajando al sol para pagarles a ellos el aire acondicionado y que est\u00e9n fresquitos\u201d.<\/p>\n<p>Soy un firme defensor de las vacaciones. Las considero imprescindibles como derecho adquirido por la clase trabajadora y, tambi\u00e9n, como herramienta empresarial: el reseteo mental, corporal y espiritual que proporcionan las vacaciones contribuye a la mejora de la productividad y la creatividad de las personas.<\/p>\n<p>Hay gente que, incluso en fines de semana y vacaciones, s\u00f3lo muestra en sus redes actitudes esforzadas y sufrientes, criticando que el com\u00fan de los mortales nos dejemos ver tomando una ca\u00f1a, comiendo unos calamares o espatarrados al sol, leyendo junto al mar.<\/p>\n<p>Sin embargo, por decoro, ser\u00eda deseable que nuestros pol\u00edticos no hagan ostentaci\u00f3n de sus vacaciones el pr\u00f3ximo agosto. Que eviten sus posados en playas exclusivas de improbable acceso p\u00fablico o en las piscinas de sus casoplones. Sobrar\u00e1n, incluso, las c\u00ednicas im\u00e1genes cosechando cereal o conduciendo tractores, sean amarillos o de cualquier otro color.<\/p>\n<p><a href=\"https:\/\/www.granadablogs.com\/pateandoelmundo\/no-hagan-poses\/0-pedro-2\/\" rel=\"attachment wp-att-27618\"><img loading=\"lazy\" decoding=\"async\" class=\"aligncenter size-medium wp-image-27618\" src=\"https:\/\/www.granadablogs.com\/pateandoelmundo\/wp-content\/uploads\/2019\/07\/0-Pedro-300x231.jpg\" alt=\"\" width=\"300\" height=\"231\" srcset=\"https:\/\/www.granadablogs.com\/pateandoelmundo\/wp-content\/uploads\/2019\/07\/0-Pedro-300x231.jpg 300w, https:\/\/www.granadablogs.com\/pateandoelmundo\/wp-content\/uploads\/2019\/07\/0-Pedro.jpg 480w\" sizes=\"auto, (max-width: 300px) 100vw, 300px\" \/><\/a><\/p>\n<p>Efectivamente, nuestros diputados han suspendido el curso y les ha quedado la investidura para septiembre. Deber\u00edan pasarse el mes de agosto repasando Negociaci\u00f3n, su gran asignatura pendiente, y dejando para la intimidad la pose poniendo morritos mientras se beben unos mojitos.<\/p>\n<p>Jes\u00fas Lens<\/p>\n<p><a href=\"https:\/\/twitter.com\/Jesus_Lens\/\" target=\"_blank\" rel=\"attachment noopener wp-att-26852\"><img loading=\"lazy\" decoding=\"async\" class=\"size-full wp-image-26852 alignleft\" src=\"https:\/\/www.granadablogs.com\/pateandoelmundo\/wp-content\/uploads\/2019\/03\/0Twitter.jpg\" alt=\"\" width=\"196\" height=\"47\" \/><\/a><\/p>\n","protected":false},"excerpt":{"rendered":"<p>Hace unas semanas, escribiendo sobre la desvestidura, les dec\u00eda que no son de recibo los plazos manejados, m\u00e1s propios de los tiempos de la diligencia que de los del AVE, con o sin variante de Loja. Que nada m\u00e1s escrutados los votos, los congresistas electos tendr\u00edan que encerrarse en el Parlamento y no salir de [&hellip;]<\/p>\n","protected":false},"author":1,"featured_media":0,"comment_status":"open","ping_status":"open","sticky":false,"template":"","format":"standard","meta":{"jetpack_post_was_ever_published":false,"_jetpack_newsletter_access":"","_jetpack_dont_email_post_to_subs":false,"_jetpack_newsletter_tier_id":0,"_jetpack_memberships_contains_paywalled_content":false,"_jetpack_memberships_contains_paid_content":false,"footnotes":""},"categories":[6],"tags":[18110,18108,18109],"class_list":["post-27617","post","type-post","status-publish","format-standard","hentry","category-opinion","tag-desvestidura","tag-no-hagan-poses","tag-posados-veraniegos-politicos"],"jetpack_featured_media_url":"","jetpack_sharing_enabled":true,"_links":{"self":[{"href":"https:\/\/www.granadablogs.com\/pateandoelmundo\/wp-json\/wp\/v2\/posts\/27617","targetHints":{"allow":["GET"]}}],"collection":[{"href":"https:\/\/www.granadablogs.com\/pateandoelmundo\/wp-json\/wp\/v2\/posts"}],"about":[{"href":"https:\/\/www.granadablogs.com\/pateandoelmundo\/wp-json\/wp\/v2\/types\/post"}],"author":[{"embeddable":true,"href":"https:\/\/www.granadablogs.com\/pateandoelmundo\/wp-json\/wp\/v2\/users\/1"}],"replies":[{"embeddable":true,"href":"https:\/\/www.granadablogs.com\/pateandoelmundo\/wp-json\/wp\/v2\/comments?post=27617"}],"version-history":[{"count":2,"href":"https:\/\/www.granadablogs.com\/pateandoelmundo\/wp-json\/wp\/v2\/posts\/27617\/revisions"}],"predecessor-version":[{"id":27620,"href":"https:\/\/www.granadablogs.com\/pateandoelmundo\/wp-json\/wp\/v2\/posts\/27617\/revisions\/27620"}],"wp:attachment":[{"href":"https:\/\/www.granadablogs.com\/pateandoelmundo\/wp-json\/wp\/v2\/media?parent=27617"}],"wp:term":[{"taxonomy":"category","embeddable":true,"href":"https:\/\/www.granadablogs.com\/pateandoelmundo\/wp-json\/wp\/v2\/categories?post=27617"},{"taxonomy":"post_tag","embeddable":true,"href":"https:\/\/www.granadablogs.com\/pateandoelmundo\/wp-json\/wp\/v2\/tags?post=27617"}],"curies":[{"name":"wp","href":"https:\/\/api.w.org\/{rel}","templated":true}]}}