{"id":27615,"date":"2019-07-27T10:11:55","date_gmt":"2019-07-27T09:11:55","guid":{"rendered":"https:\/\/www.granadablogs.com\/pateandoelmundo\/?p=27615"},"modified":"2019-07-30T10:14:03","modified_gmt":"2019-07-30T09:14:03","slug":"abstencionistas","status":"publish","type":"post","link":"https:\/\/www.granadablogs.com\/pateandoelmundo\/abstencionistas\/","title":{"rendered":"Abstencionistas"},"content":{"rendered":"<p>M\u00edrenles, lo crecidos que est\u00e1n. Es normal. Estos d\u00edas, nos han cerrado la boca. Son ellos, los abstencionistas. Los conscientes y militantes, ojo. No los pasotas ni los dejados. Son esas personas que deciden no ejercer su derecho al voto de forma activa y que, hoy, estar\u00edan en su leg\u00edtimo derecho de espetarnos un \u2018\u00bfVes? Ya te lo dije\u2019.<\/p>\n<p><a href=\"https:\/\/www.granadablogs.com\/pateandoelmundo\/lideres-en-rebeldia\/pedro-sanchez-retoma-con-pablo-iglesias-una-nueva-ronda-de-consultas-para-la-investidura\/\" rel=\"attachment wp-att-27515\"><img loading=\"lazy\" decoding=\"async\" class=\"aligncenter size-medium wp-image-27515\" src=\"https:\/\/www.granadablogs.com\/pateandoelmundo\/wp-content\/uploads\/2019\/07\/0-Rebeldes-300x200.jpg\" alt=\"\" width=\"300\" height=\"200\" srcset=\"https:\/\/www.granadablogs.com\/pateandoelmundo\/wp-content\/uploads\/2019\/07\/0-Rebeldes-300x200.jpg 300w, https:\/\/www.granadablogs.com\/pateandoelmundo\/wp-content\/uploads\/2019\/07\/0-Rebeldes-768x512.jpg 768w, https:\/\/www.granadablogs.com\/pateandoelmundo\/wp-content\/uploads\/2019\/07\/0-Rebeldes-644x429.jpg 644w, https:\/\/www.granadablogs.com\/pateandoelmundo\/wp-content\/uploads\/2019\/07\/0-Rebeldes.jpg 1024w\" sizes=\"auto, (max-width: 300px) 100vw, 300px\" \/><\/a><\/p>\n<p>En los \u00faltimos meses he sido un defensor a ultranza de la necesidad de ir a votar. Lo he escrito, lo he dicho y hasta lo voceado. Por activa, por pasiva y por perifr\u00e1stica. Y, aunque sigo pensando que es mejor votar que quedarse en casa, despu\u00e9s del desprop\u00f3sito de estos meses no me siento moralmente legitimado para discutir con nadie acerca de la importancia de acudir a las urnas.<\/p>\n<p>Iglesias y S\u00e1nchez; Unidas Podemos y PSOE, tendr\u00e1n sus razones. Pero no tienen la raz\u00f3n. Porque lo razonable, tras los resultados de las \u00faltimas generales, era que gobernara la izquierda.<\/p>\n<p>Pero, \u00bfqu\u00e9, qui\u00e9n, c\u00f3mo y por qu\u00e9 es la izquierda? Y con estas preguntas volvemos a enredarnos en la discusi\u00f3n entre el ser y la nada, el huevo y la gallina y la pureza de sangre. Preguntas que mantiene en vilo a los guardianes de las esencias, pero que, si nos abocan a unas nuevas elecciones, se pueden convertir en un lastre que favorezca hist\u00f3ricos niveles de abstenci\u00f3n entre el electorado progresista.<\/p>\n<p><a href=\"https:\/\/www.granadablogs.com\/pateandoelmundo\/las-derechas-cobardes\/0-dere\/\" rel=\"attachment wp-att-27497\"><img loading=\"lazy\" decoding=\"async\" class=\"aligncenter size-medium wp-image-27497\" src=\"https:\/\/www.granadablogs.com\/pateandoelmundo\/wp-content\/uploads\/2019\/07\/0-Dere-300x169.jpg\" alt=\"\" width=\"300\" height=\"169\" srcset=\"https:\/\/www.granadablogs.com\/pateandoelmundo\/wp-content\/uploads\/2019\/07\/0-Dere-300x169.jpg 300w, https:\/\/www.granadablogs.com\/pateandoelmundo\/wp-content\/uploads\/2019\/07\/0-Dere-768x432.jpg 768w, https:\/\/www.granadablogs.com\/pateandoelmundo\/wp-content\/uploads\/2019\/07\/0-Dere-644x362.jpg 644w, https:\/\/www.granadablogs.com\/pateandoelmundo\/wp-content\/uploads\/2019\/07\/0-Dere.jpg 1280w\" sizes=\"auto, (max-width: 300px) 100vw, 300px\" \/><\/a><\/p>\n<p>Parafraseando el c\u00e9lebre aforismo de que el f\u00fatbol es un deporte en el que juegan once contra once y en el que siempre gana Alemania, la pol\u00edtica espa\u00f1ola es un show en el que participan actores muy diversos, pero en el que siempre gana la derecha.<\/p>\n<p>\u2018Errej\u00f3n, calienta que sales\u2019. Es una de las memes que empiezan a circular por internet. Iglesias, el m\u00e1s veijuno de los j\u00f3venes pol\u00edticos espa\u00f1oles, desespera a cada vez m\u00e1s gente. \u00bfHabr\u00e1 llegado la hora de un Errej\u00f3n al que algunos ex-compa\u00f1eros podemitas tachan de cobarde irredento, por decirlo suavemente? \u00bfSe desmarcar\u00e1 tambi\u00e9n del pablismo la antigua Izquierda Unida? Lo iremos viendo. O no.<\/p>\n<p>Jes\u00fas Lens<\/p>\n<p><a href=\"https:\/\/twitter.com\/Jesus_Lens\/\" target=\"_blank\" rel=\"attachment noopener wp-att-26852\"><img loading=\"lazy\" decoding=\"async\" class=\"size-full wp-image-26852 alignleft\" src=\"https:\/\/www.granadablogs.com\/pateandoelmundo\/wp-content\/uploads\/2019\/03\/0Twitter.jpg\" alt=\"\" width=\"196\" height=\"47\" \/><\/a><\/p>\n","protected":false},"excerpt":{"rendered":"<p>M\u00edrenles, lo crecidos que est\u00e1n. Es normal. Estos d\u00edas, nos han cerrado la boca. Son ellos, los abstencionistas. Los conscientes y militantes, ojo. No los pasotas ni los dejados. Son esas personas que deciden no ejercer su derecho al voto de forma activa y que, hoy, estar\u00edan en su leg\u00edtimo derecho de espetarnos un \u2018\u00bfVes? [&hellip;]<\/p>\n","protected":false},"author":1,"featured_media":0,"comment_status":"open","ping_status":"open","sticky":false,"template":"","format":"standard","meta":{"jetpack_post_was_ever_published":false,"_jetpack_newsletter_access":"","_jetpack_dont_email_post_to_subs":false,"_jetpack_newsletter_tier_id":0,"_jetpack_memberships_contains_paywalled_content":false,"_jetpack_memberships_contains_paid_content":false,"footnotes":""},"categories":[6],"tags":[12880,18106,18107],"class_list":["post-27615","post","type-post","status-publish","format-standard","hentry","category-opinion","tag-abstencion","tag-abstencionistas","tag-voto-inutil"],"jetpack_featured_media_url":"","jetpack_sharing_enabled":true,"_links":{"self":[{"href":"https:\/\/www.granadablogs.com\/pateandoelmundo\/wp-json\/wp\/v2\/posts\/27615","targetHints":{"allow":["GET"]}}],"collection":[{"href":"https:\/\/www.granadablogs.com\/pateandoelmundo\/wp-json\/wp\/v2\/posts"}],"about":[{"href":"https:\/\/www.granadablogs.com\/pateandoelmundo\/wp-json\/wp\/v2\/types\/post"}],"author":[{"embeddable":true,"href":"https:\/\/www.granadablogs.com\/pateandoelmundo\/wp-json\/wp\/v2\/users\/1"}],"replies":[{"embeddable":true,"href":"https:\/\/www.granadablogs.com\/pateandoelmundo\/wp-json\/wp\/v2\/comments?post=27615"}],"version-history":[{"count":1,"href":"https:\/\/www.granadablogs.com\/pateandoelmundo\/wp-json\/wp\/v2\/posts\/27615\/revisions"}],"predecessor-version":[{"id":27616,"href":"https:\/\/www.granadablogs.com\/pateandoelmundo\/wp-json\/wp\/v2\/posts\/27615\/revisions\/27616"}],"wp:attachment":[{"href":"https:\/\/www.granadablogs.com\/pateandoelmundo\/wp-json\/wp\/v2\/media?parent=27615"}],"wp:term":[{"taxonomy":"category","embeddable":true,"href":"https:\/\/www.granadablogs.com\/pateandoelmundo\/wp-json\/wp\/v2\/categories?post=27615"},{"taxonomy":"post_tag","embeddable":true,"href":"https:\/\/www.granadablogs.com\/pateandoelmundo\/wp-json\/wp\/v2\/tags?post=27615"}],"curies":[{"name":"wp","href":"https:\/\/api.w.org\/{rel}","templated":true}]}}