{"id":27426,"date":"2019-06-26T07:05:47","date_gmt":"2019-06-26T06:05:47","guid":{"rendered":"https:\/\/www.granadablogs.com\/pateandoelmundo\/?p=27426"},"modified":"2019-06-25T13:08:45","modified_gmt":"2019-06-25T12:08:45","slug":"ciudad-de-medianias","status":"publish","type":"post","link":"https:\/\/www.granadablogs.com\/pateandoelmundo\/ciudad-de-medianias\/","title":{"rendered":"Ciudad de median\u00edas"},"content":{"rendered":"<p>Disculpen si no me doy golpes de orgullo y fervor en el pecho por la ansiada llegada del AVE a su nido granadino. Que todav\u00eda est\u00e1 a medio terminar, por cierto: hasta que la entrada del tren de alta velocidad en nuestra ciudad no sea soterrada y mientras no se arregle lo de la variante de Loja, m\u00e1s que un AVE, tendremos un MEVE de media velocidad.<\/p>\n<p><a href=\"https:\/\/www.granadablogs.com\/pateandoelmundo\/?attachment_id=27427\" rel=\"attachment wp-att-27427\"><img loading=\"lazy\" decoding=\"async\" class=\"aligncenter size-medium wp-image-27427\" src=\"https:\/\/www.granadablogs.com\/pateandoelmundo\/wp-content\/uploads\/2019\/06\/0-Loja-300x185.jpg\" alt=\"\" width=\"300\" height=\"185\" srcset=\"https:\/\/www.granadablogs.com\/pateandoelmundo\/wp-content\/uploads\/2019\/06\/0-Loja-300x185.jpg 300w, https:\/\/www.granadablogs.com\/pateandoelmundo\/wp-content\/uploads\/2019\/06\/0-Loja.jpg 624w\" sizes=\"auto, (max-width: 300px) 100vw, 300px\" \/><\/a><\/p>\n<p>Todo ello no obsta para que me alegre sobremanera por el fin del aislamiento ferroviario, que una cosa no est\u00e1 re\u00f1ida con la otra. \u00bfPuede uno estar contento y a la vez cabreado por la misma cosa? Y no estar loco, quiero decir\u2026 Inauguramos un tren de mediana velocidad que resulta capital para nuestra tierra y, a la vez, estrenamos a un vicealcalde de cuyas competencias no sabemos nada. \u00bfO es un medio alcalde? Por lo del 2+2 quiero decir, no me sean mal pensados.<\/p>\n<p>Compareci\u00f3 Sebasti\u00e1n P\u00e9rez ante los medios el pasado lunes para, en realidad, no aclarar nada. O casi. Porque dej\u00f3 bien claro cu\u00e1l hab\u00eda sido el aut\u00e9ntico prop\u00f3sito de su campa\u00f1a, el objetivo \u00faltimo de su programa electoral: \u201clo importante era que el PSOE de Paco Cuenca no siguiera en la alcald\u00eda y lo hemos conseguido, as\u00ed que objetivo cumplido\u201d.<\/p>\n<p>\u00a1Pero hombre! Ya podr\u00eda haber empezado \u2014y terminado\u2014 por ah\u00ed el PP su campa\u00f1a electoral. Nos habr\u00edamos ahorrado las disquisiciones sobre el t\u00fanel por el centro de la ciudad, las escaleras mec\u00e1nicas a la Alhambra y la famosa pregunta de \u00bfy el cierre del anillo, pa\u2019cuando? Lo importante era echar a Cuenca. Lo de un proyecto de ciudad y la quiebra de las arcas municipales\u2026 si eso ya tal, que dir\u00eda Rajoy.<\/p>\n<p><a href=\"https:\/\/www.granadablogs.com\/pateandoelmundo\/?attachment_id=27428\" rel=\"attachment wp-att-27428\"><img loading=\"lazy\" decoding=\"async\" class=\"aligncenter size-medium wp-image-27428\" src=\"https:\/\/www.granadablogs.com\/pateandoelmundo\/wp-content\/uploads\/2019\/06\/0-Lojas-300x186.jpg\" alt=\"\" width=\"300\" height=\"186\" srcset=\"https:\/\/www.granadablogs.com\/pateandoelmundo\/wp-content\/uploads\/2019\/06\/0-Lojas-300x186.jpg 300w, https:\/\/www.granadablogs.com\/pateandoelmundo\/wp-content\/uploads\/2019\/06\/0-Lojas.jpg 620w\" sizes=\"auto, (max-width: 300px) 100vw, 300px\" \/><\/a><\/p>\n<p>\u00a1Por fin un punto de encuentro entre Luis Salvador y Sebasti\u00e1n P\u00e9rez! Desbancar a Cuenca. Hay que reconocer que tener objetivos claros y concretos s\u00ed que une. A ver si, a partir de ah\u00ed, se ponen de acuerdo en algunas otras cosillas. Como en todo lo dem\u00e1s, por ejemplo, desde las \u00e1reas de gobierno al papel que reservan a Vox.<\/p>\n<p>Jes\u00fas Lens<\/p>\n<p><a href=\"https:\/\/twitter.com\/Jesus_Lens\" target=\"_blank\" rel=\"attachment noopener wp-att-26852\"><img loading=\"lazy\" decoding=\"async\" class=\"size-full wp-image-26852 alignleft\" src=\"https:\/\/www.granadablogs.com\/pateandoelmundo\/wp-content\/uploads\/2019\/03\/0Twitter.jpg\" alt=\"\" width=\"196\" height=\"47\" \/><\/a><\/p>\n","protected":false},"excerpt":{"rendered":"<p>Disculpen si no me doy golpes de orgullo y fervor en el pecho por la ansiada llegada del AVE a su nido granadino. Que todav\u00eda est\u00e1 a medio terminar, por cierto: hasta que la entrada del tren de alta velocidad en nuestra ciudad no sea soterrada y mientras no se arregle lo de la variante [&hellip;]<\/p>\n","protected":false},"author":1,"featured_media":0,"comment_status":"open","ping_status":"open","sticky":false,"template":"","format":"standard","meta":{"jetpack_post_was_ever_published":false,"_jetpack_newsletter_access":"","_jetpack_dont_email_post_to_subs":false,"_jetpack_newsletter_tier_id":0,"_jetpack_memberships_contains_paywalled_content":false,"_jetpack_memberships_contains_paid_content":false,"footnotes":""},"categories":[6],"tags":[12659,14288,17979,14300,17980],"class_list":["post-27426","post","type-post","status-publish","format-standard","hentry","category-opinion","tag-ave-soterrado","tag-ayuntamiento-de-granada","tag-echar-a-cuenca","tag-salvador-sebastian","tag-variante-de-loja"],"jetpack_featured_media_url":"","jetpack_sharing_enabled":true,"_links":{"self":[{"href":"https:\/\/www.granadablogs.com\/pateandoelmundo\/wp-json\/wp\/v2\/posts\/27426","targetHints":{"allow":["GET"]}}],"collection":[{"href":"https:\/\/www.granadablogs.com\/pateandoelmundo\/wp-json\/wp\/v2\/posts"}],"about":[{"href":"https:\/\/www.granadablogs.com\/pateandoelmundo\/wp-json\/wp\/v2\/types\/post"}],"author":[{"embeddable":true,"href":"https:\/\/www.granadablogs.com\/pateandoelmundo\/wp-json\/wp\/v2\/users\/1"}],"replies":[{"embeddable":true,"href":"https:\/\/www.granadablogs.com\/pateandoelmundo\/wp-json\/wp\/v2\/comments?post=27426"}],"version-history":[{"count":1,"href":"https:\/\/www.granadablogs.com\/pateandoelmundo\/wp-json\/wp\/v2\/posts\/27426\/revisions"}],"predecessor-version":[{"id":27429,"href":"https:\/\/www.granadablogs.com\/pateandoelmundo\/wp-json\/wp\/v2\/posts\/27426\/revisions\/27429"}],"wp:attachment":[{"href":"https:\/\/www.granadablogs.com\/pateandoelmundo\/wp-json\/wp\/v2\/media?parent=27426"}],"wp:term":[{"taxonomy":"category","embeddable":true,"href":"https:\/\/www.granadablogs.com\/pateandoelmundo\/wp-json\/wp\/v2\/categories?post=27426"},{"taxonomy":"post_tag","embeddable":true,"href":"https:\/\/www.granadablogs.com\/pateandoelmundo\/wp-json\/wp\/v2\/tags?post=27426"}],"curies":[{"name":"wp","href":"https:\/\/api.w.org\/{rel}","templated":true}]}}