{"id":27409,"date":"2019-06-21T13:07:53","date_gmt":"2019-06-21T12:07:53","guid":{"rendered":"https:\/\/www.granadablogs.com\/pateandoelmundo\/?p=27409"},"modified":"2019-06-21T13:07:53","modified_gmt":"2019-06-21T12:07:53","slug":"negaciaciones","status":"publish","type":"post","link":"https:\/\/www.granadablogs.com\/pateandoelmundo\/negaciaciones\/","title":{"rendered":"Negaciaciones"},"content":{"rendered":"<p>Estoy contento. Tengo que agradecer al por ahora alcalde de Granada, Luis Salvador, el chute de autoestima que me ha inyectado. De repente, soy consciente de que puedo hacer dos cosas a la vez: disfrutar del Corpus y preocuparme por el ayuntamiento de Granada.<\/p>\n<p><a href=\"https:\/\/www.granadablogs.com\/pateandoelmundo\/el-menton-ilustrado\/0-luis-salvador-morfopsicologico\/\" rel=\"attachment wp-att-27120\"><img loading=\"lazy\" decoding=\"async\" class=\"aligncenter size-medium wp-image-27120\" src=\"https:\/\/www.granadablogs.com\/pateandoelmundo\/wp-content\/uploads\/2019\/05\/0-Luis-Salvador-morfopsicol\u00f3gico-300x185.jpg\" alt=\"\" width=\"300\" height=\"185\" srcset=\"https:\/\/www.granadablogs.com\/pateandoelmundo\/wp-content\/uploads\/2019\/05\/0-Luis-Salvador-morfopsicol\u00f3gico-300x185.jpg 300w, https:\/\/www.granadablogs.com\/pateandoelmundo\/wp-content\/uploads\/2019\/05\/0-Luis-Salvador-morfopsicol\u00f3gico.jpg 624w\" sizes=\"auto, (max-width: 300px) 100vw, 300px\" \/><\/a><\/p>\n<p>Dicen que fue tensa, muy tensa, la rueda de prensa del pasado mi\u00e9rcoles. Con un ojo puesto en la Tarasca y otro en la plaza del Carmen, los periodistas que est\u00e1n cubriendo la informaci\u00f3n municipal amenazan con ahogarse en el proceloso mar de confusi\u00f3n que rodea a la composici\u00f3n del consistorio granadino.<\/p>\n<p>Qu\u00e9 pena, por cierto, que haya terminado el TAT Granada. Los mensajes que no dejan de mandar los representantes de Vox a trav\u00e9s de twitter nos obligan a estar continuamente on line. \u00a1Menudos hilos est\u00e1n montando! Veremos si son de acero o terminan resultando tan fr\u00e1giles como una tela de ara\u00f1a.<\/p>\n<p>Es complicado seguir la \u00faltima hora de las \u2018negaciaciones\u2019 entre PP y Cs, renegando los unos de los otros como Pedro neg\u00f3 a Cristo. Y aqu\u00ed es donde radica el problema: \u00bfc\u00f3mo piensa gestionar Granada esta gente, junta, despu\u00e9s de todo lo que est\u00e1 pasando?<\/p>\n<p>M\u00e1s all\u00e1 del sindi\u00f3s que ahora mismo es nuestro ayuntamiento, \u00bfc\u00f3mo puede salir nada bueno del cristo que tienen montado quienes, en teor\u00eda, deben ir de la mano para gobernar? \u00bfQu\u00e9 confianza se van a tener entre s\u00ed personas que no dejan de tildarse p\u00fablicamente de falsos, mentirosos y traidores?<\/p>\n<p><a href=\"https:\/\/www.granadablogs.com\/pateandoelmundo\/el-menton-ilustrado\/0-luis-salvador-estudio-morfopsicologico\/\" rel=\"attachment wp-att-27121\"><img loading=\"lazy\" decoding=\"async\" class=\"aligncenter size-medium wp-image-27121\" src=\"https:\/\/www.granadablogs.com\/pateandoelmundo\/wp-content\/uploads\/2019\/05\/0-Luis-Salvador-estudio-morfopsicol\u00f3gico-300x185.jpg\" alt=\"\" width=\"300\" height=\"185\" \/><\/a><\/p>\n<p>Entre la gran Granada y la Granada elegida, est\u00e1 la Granada disputada, disparatada y despatarrada. Seg\u00fan Luis Salvador, ser\u00e1 el pr\u00f3ximo lunes o martes, seguramente, cuando se explique a la ciudadan\u00eda el acuerdo de gobierno alcanzado con sus enemigos \u00edntimos. Recalco el \u2018seguramente\u2019 siguiendo la estela de Pablo Rodr\u00edguez: al ritmo al que avanzan las \u2018negaciaciones\u2019, puede ser una maravillosa palabra-comod\u00edn.<\/p>\n<p>Por el momento, C\u00e9sar D\u00edaz niega que se haya creado ninguna comisi\u00f3n para definir el nuevo gobierno de Granada, acusando a Cs de no cumplir los compromisos adquiridos. \u00a1Qu\u00e9 tranquilizador! \u00a1Cu\u00e1nto optimismo! Dicho lo cual\u2026 \u00bfpasamos a disfrutar del Corpus?<\/p>\n<p>Jes\u00fas Lens<\/p>\n<p><a href=\"https:\/\/twitter.com\/Jesus_Lens\" target=\"_blank\" rel=\"attachment noopener wp-att-26852\"><img loading=\"lazy\" decoding=\"async\" class=\"size-full wp-image-26852 alignleft\" src=\"https:\/\/www.granadablogs.com\/pateandoelmundo\/wp-content\/uploads\/2019\/03\/0Twitter.jpg\" alt=\"\" width=\"196\" height=\"47\" \/><\/a><\/p>\n","protected":false},"excerpt":{"rendered":"<p>Estoy contento. Tengo que agradecer al por ahora alcalde de Granada, Luis Salvador, el chute de autoestima que me ha inyectado. De repente, soy consciente de que puedo hacer dos cosas a la vez: disfrutar del Corpus y preocuparme por el ayuntamiento de Granada. Dicen que fue tensa, muy tensa, la rueda de prensa del [&hellip;]<\/p>\n","protected":false},"author":1,"featured_media":0,"comment_status":"open","ping_status":"open","sticky":false,"template":"","format":"standard","meta":{"jetpack_post_was_ever_published":false,"_jetpack_newsletter_access":"","_jetpack_dont_email_post_to_subs":false,"_jetpack_newsletter_tier_id":0,"_jetpack_memberships_contains_paywalled_content":false,"_jetpack_memberships_contains_paid_content":false,"footnotes":""},"categories":[6],"tags":[17967,17969,17968],"class_list":["post-27409","post","type-post","status-publish","format-standard","hentry","category-opinion","tag-negaciaciones","tag-negociaciones-ayuntamiento-granada","tag-negociaciones-jesus-lens"],"jetpack_featured_media_url":"","jetpack_sharing_enabled":true,"_links":{"self":[{"href":"https:\/\/www.granadablogs.com\/pateandoelmundo\/wp-json\/wp\/v2\/posts\/27409","targetHints":{"allow":["GET"]}}],"collection":[{"href":"https:\/\/www.granadablogs.com\/pateandoelmundo\/wp-json\/wp\/v2\/posts"}],"about":[{"href":"https:\/\/www.granadablogs.com\/pateandoelmundo\/wp-json\/wp\/v2\/types\/post"}],"author":[{"embeddable":true,"href":"https:\/\/www.granadablogs.com\/pateandoelmundo\/wp-json\/wp\/v2\/users\/1"}],"replies":[{"embeddable":true,"href":"https:\/\/www.granadablogs.com\/pateandoelmundo\/wp-json\/wp\/v2\/comments?post=27409"}],"version-history":[{"count":1,"href":"https:\/\/www.granadablogs.com\/pateandoelmundo\/wp-json\/wp\/v2\/posts\/27409\/revisions"}],"predecessor-version":[{"id":27410,"href":"https:\/\/www.granadablogs.com\/pateandoelmundo\/wp-json\/wp\/v2\/posts\/27409\/revisions\/27410"}],"wp:attachment":[{"href":"https:\/\/www.granadablogs.com\/pateandoelmundo\/wp-json\/wp\/v2\/media?parent=27409"}],"wp:term":[{"taxonomy":"category","embeddable":true,"href":"https:\/\/www.granadablogs.com\/pateandoelmundo\/wp-json\/wp\/v2\/categories?post=27409"},{"taxonomy":"post_tag","embeddable":true,"href":"https:\/\/www.granadablogs.com\/pateandoelmundo\/wp-json\/wp\/v2\/tags?post=27409"}],"curies":[{"name":"wp","href":"https:\/\/api.w.org\/{rel}","templated":true}]}}