{"id":27337,"date":"2019-06-06T09:02:15","date_gmt":"2019-06-06T08:02:15","guid":{"rendered":"https:\/\/www.granadablogs.com\/pateandoelmundo\/?p=27337"},"modified":"2019-06-10T09:04:05","modified_gmt":"2019-06-10T08:04:05","slug":"carretera-de-plata-y-negro","status":"publish","type":"post","link":"https:\/\/www.granadablogs.com\/pateandoelmundo\/carretera-de-plata-y-negro\/","title":{"rendered":"Carretera de plata y negro"},"content":{"rendered":"<p>Reza la sabidur\u00eda popular que \u2018a enemigo que huye, puente de plata\u2019, pero \u00bfy si el enemigo no ha huido y, de hecho, es la llamada <i>carretera de plata<\/i> la \u00fanica v\u00eda de comunicaci\u00f3n a trav\u00e9s de la que localizarle, identificarle y detenerle? Detenerle a \u00e9l y detener sus tropel\u00edas\u2026<\/p>\n<p><a href=\"https:\/\/www.granadablogs.com\/pateandoelmundo\/carretera-de-plata-y-negro\/0-carretera-de-plata-y-negro\/\" rel=\"attachment wp-att-27338\"><img loading=\"lazy\" decoding=\"async\" class=\"aligncenter size-medium wp-image-27338\" src=\"https:\/\/www.granadablogs.com\/pateandoelmundo\/wp-content\/uploads\/2019\/06\/0-Carretera-de-plata-y-negro-181x300.jpg\" alt=\"\" width=\"181\" height=\"300\" srcset=\"https:\/\/www.granadablogs.com\/pateandoelmundo\/wp-content\/uploads\/2019\/06\/0-Carretera-de-plata-y-negro-181x300.jpg 181w, https:\/\/www.granadablogs.com\/pateandoelmundo\/wp-content\/uploads\/2019\/06\/0-Carretera-de-plata-y-negro.jpg 447w\" sizes=\"auto, (max-width: 181px) 100vw, 181px\" \/><\/a><\/p>\n<p>La <i>carretera de plata<\/i> es una v\u00eda de asfalto que une dos lejanas e ignotas ciudades, una de Suecia y otra de Noruega. 500 kil\u00f3metros de asfalto por una zona muy del norte y por los que no circula nadie: apenas hay nada que ver durante el trayecto y, no demasiado lejos, hay una autopista mucho m\u00e1s concurrida.<\/p>\n<p>Bosques ominosos, monta\u00f1as despojadas, lagos amenazadores y el sol de medianoche acompa\u00f1ar\u00e1n al viajero que se aventure en su trazado. Y alg\u00fan que otro vecino de la zona, los \u00fanicos que utilizan la <i>carretera de plata<\/i>. Lelle, por ejemplo, se ha convertido en una presencia tan habitual como fantasmal, un usuario habitual<i> <\/i>durante los interminables d\u00edas del verano sueco. Tres a\u00f1os lleva conduciendo sin desmayo, en busca del rastro de su hija desaparecida, Lina.<\/p>\n<p>Una ma\u00f1ana, Lelle dej\u00f3 a Lina en la parada del autob\u00fas\u2026 y nunca m\u00e1s se supo. Nunca lleg\u00f3 a subirse al veh\u00edculo, tal y como declar\u00f3 el ch\u00f3fer. De hecho, un usuario del autob\u00fas, Torbj\u00f6rn, se\u00f1al\u00f3 que ya no estaba en la parada cuando \u00e9l lleg\u00f3, minutos antes de la arribada del bus.<\/p>\n<p><a href=\"https:\/\/www.granadablogs.com\/pateandoelmundo\/carretera-de-plata-y-negro\/0-carretera-de-plata\/\" rel=\"attachment wp-att-27339\"><img loading=\"lazy\" decoding=\"async\" class=\"aligncenter size-medium wp-image-27339\" src=\"https:\/\/www.granadablogs.com\/pateandoelmundo\/wp-content\/uploads\/2019\/06\/0-Carretera-de-plata-198x300.jpeg\" alt=\"\" width=\"198\" height=\"300\" srcset=\"https:\/\/www.granadablogs.com\/pateandoelmundo\/wp-content\/uploads\/2019\/06\/0-Carretera-de-plata-198x300.jpeg 198w, https:\/\/www.granadablogs.com\/pateandoelmundo\/wp-content\/uploads\/2019\/06\/0-Carretera-de-plata-768x1165.jpeg 768w, https:\/\/www.granadablogs.com\/pateandoelmundo\/wp-content\/uploads\/2019\/06\/0-Carretera-de-plata-644x977.jpeg 644w, https:\/\/www.granadablogs.com\/pateandoelmundo\/wp-content\/uploads\/2019\/06\/0-Carretera-de-plata.jpeg 800w\" sizes=\"auto, (max-width: 198px) 100vw, 198px\" \/><\/a><\/p>\n<p>A la remota localidad de Skelleftea tambi\u00e9n llegan Meja, una adolescente harta de dar tumbos por la vida, y su complicada madre, una mujer errabunda que ha conocido a Torbj\u00f6rn a trav\u00e9s de Internet y con el que se apresta a iniciar una relaci\u00f3n m\u00e1s o menos sentimental.<\/p>\n<p>Entre todos ellos, una familia de neorruralistas que trabajan la tierra con esmero y dedicaci\u00f3n, alejados de las nuevas tecnolog\u00edas. Y es que, a lo largo de la <i>carretera de plata<\/i> residen muchas personas que han elegido alejarse del mundanal ruido. Gente que se sale de las autopistas convencionales por las que transcurre una vida rutinaria y estresante para conducirse por las carreteras secundarias m\u00e1s lejanas e inaccesibles. Y llenas de curvas. Carreteras perdidas <a href=\"https:\/\/www.granadablogs.com\/pateandoelmundo\/carreteras-perdidas-historias-negras-como-el-asfalto\/\" target=\"_blank\" rel=\"noopener\">como estas<\/a> de las que hablamos hace una semana en esta misma secci\u00f3n&#8230;<\/p>\n<p><a href=\"https:\/\/www.granadablogs.com\/pateandoelmundo\/carretera-de-plata-y-negro\/0-carretera-de-plata-suecia\/\" rel=\"attachment wp-att-27340\"><img loading=\"lazy\" decoding=\"async\" class=\"aligncenter size-medium wp-image-27340\" src=\"https:\/\/www.granadablogs.com\/pateandoelmundo\/wp-content\/uploads\/2019\/06\/0-Carretera-de-plata-suecia-300x175.jpg\" alt=\"\" width=\"300\" height=\"175\" srcset=\"https:\/\/www.granadablogs.com\/pateandoelmundo\/wp-content\/uploads\/2019\/06\/0-Carretera-de-plata-suecia-300x175.jpg 300w, https:\/\/www.granadablogs.com\/pateandoelmundo\/wp-content\/uploads\/2019\/06\/0-Carretera-de-plata-suecia-768x447.jpg 768w, https:\/\/www.granadablogs.com\/pateandoelmundo\/wp-content\/uploads\/2019\/06\/0-Carretera-de-plata-suecia-644x375.jpg 644w, https:\/\/www.granadablogs.com\/pateandoelmundo\/wp-content\/uploads\/2019\/06\/0-Carretera-de-plata-suecia.jpg 980w\" sizes=\"auto, (max-width: 300px) 100vw, 300px\" \/><\/a><\/p>\n<p>Lelle es un hombre con una misi\u00f3n: encontrar el rastro de su hija desaparecida. Es el \u00fanico que parece concebir esperanzas de que todav\u00eda es posible. Stina Jackson, la joven autora de \u2018Carretera de plata\u2019, publicada por RBA, nos lo presenta desquiciado, solo y enfebrecido, recorriendo hasta los carriles y las v\u00edas de servicio m\u00e1s inaccesibles del territorio.<\/p>\n<p>La vetusta casa de Torbj\u00f6rn tampoco es un prodigio de limpieza, orden y estabilidad, como Meja y su madre no tardar\u00e1n en descubrir. Y es que la Suecia que nos describe Jackson es malsana, oscura y poco acogedora. Una Suecia muy diferente a la postal habitual de bosques luminosos, lagos arrebatadoramente azules y pr\u00edstina nieve. Una Suecia muy distinta, tambi\u00e9n, de la utop\u00eda socialdem\u00f3crata que nos venden las estad\u00edsticas sobre desarrollo econ\u00f3mico y renta per c\u00e1pita.<\/p>\n<p>No es f\u00e1cil sobrevivir en mitad de la naturaleza. Ni en Suecia ni en ning\u00fan lado. Lo supimos al leer \u2018Nuestra casa en el bosque\u2019, de Andrea Hejlskov, publicada por Volcano. Por mucho que se lleven los movimientos neorrurales, prescindir de las ventajas de la civilizaci\u00f3n para volver al campo y fusionarse con \u00e9l de forma natural\u2026 puede acabar resultando antinatural.<\/p>\n<p><a href=\"https:\/\/www.granadablogs.com\/pateandoelmundo\/carretera-de-plata-y-negro\/0-car\/\" rel=\"attachment wp-att-27341\"><img loading=\"lazy\" decoding=\"async\" class=\"aligncenter size-medium wp-image-27341\" src=\"https:\/\/www.granadablogs.com\/pateandoelmundo\/wp-content\/uploads\/2019\/06\/0-Car-200x300.jpg\" alt=\"\" width=\"200\" height=\"300\" srcset=\"https:\/\/www.granadablogs.com\/pateandoelmundo\/wp-content\/uploads\/2019\/06\/0-Car-200x300.jpg 200w, https:\/\/www.granadablogs.com\/pateandoelmundo\/wp-content\/uploads\/2019\/06\/0-Car.jpg 298w\" sizes=\"auto, (max-width: 200px) 100vw, 200px\" \/><\/a><\/p>\n<p>Adem\u00e1s de la tensi\u00f3n narrativa creciente, lo mejor de la novela de Stina Jackson es situar al lector frente a las contradicciones de la sociedad contempor\u00e1nea: la soledad, los peligros de Internet, el alcoholismo, el individualismo a ultranza\u2026 y los conspiranoicos.<\/p>\n<p>En \u2018Carretera de plata\u2019 se concentra un microcosmos de personajes de lo m\u00e1s interesante. Y amenazante. La autora desarrolla en paralelo una trama en la que no ocurren grandes cosas. O, quiz\u00e1, es solo que no parecen ocurrir, dada la sutileza con la que la autora trata determinados temas.<\/p>\n<p>No soy un gran aficionado a los autores n\u00f3rdicos. Me cansan sus hordas de asesinos en serie, crueles y despiadados, dotados de una inteligencia privilegiada y una vasta cultura. No soporto esos <i>tour de force<\/i> que tratan de estirar el clich\u00e9 hasta l\u00edmites insospechados.<\/p>\n<p>De ah\u00ed que Stina Jackson y su \u2018Carretera de plata\u2019 hayan sido un feliz descubrimiento. Nacida en 1983, Jackson ya ha ganado el premio a la mejor novela del 2018, concedido por la Academia Sueca de Escritores de Novela Negra, con su debut literario.<\/p>\n<p><a href=\"https:\/\/www.granadablogs.com\/pateandoelmundo\/carretera-de-plata-y-negro\/0-carretera-stina\/\" rel=\"attachment wp-att-27342\"><img loading=\"lazy\" decoding=\"async\" class=\"aligncenter size-medium wp-image-27342\" src=\"https:\/\/www.granadablogs.com\/pateandoelmundo\/wp-content\/uploads\/2019\/06\/0-Carretera-Stina-300x300.jpeg\" alt=\"\" width=\"300\" height=\"300\" srcset=\"https:\/\/www.granadablogs.com\/pateandoelmundo\/wp-content\/uploads\/2019\/06\/0-Carretera-Stina-300x300.jpeg 300w, https:\/\/www.granadablogs.com\/pateandoelmundo\/wp-content\/uploads\/2019\/06\/0-Carretera-Stina-150x150.jpeg 150w, https:\/\/www.granadablogs.com\/pateandoelmundo\/wp-content\/uploads\/2019\/06\/0-Carretera-Stina.jpeg 370w\" sizes=\"auto, (max-width: 300px) 100vw, 300px\" \/><\/a><\/p>\n<p>Lean \u2018Carretera de plata\u2019 y p\u00f3nganse en la piel de Lelle. Acomp\u00e1\u00f1enle en la b\u00fasqueda de su hija desaparecida y conozcan a Meja, la joven reci\u00e9n llegada a un entorno hostil. \u00bfC\u00f3mo encajar\u00e1, si es que termina encajando? Lean la novela para no confundir lo agradable de pasar un fin de semana en el hotel rural de un pueblo pintoresco y lo divertido de cortar le\u00f1a para encender la chimenea y asar morcilla, con lo jodido de talar \u00e1rboles para hacerse su propia casa.<\/p>\n<p>Jes\u00fas Lens<\/p>\n<p><a href=\"https:\/\/twitter.com\/Jesus_Lens\" target=\"_blank\" rel=\"attachment noopener wp-att-26852\"><img loading=\"lazy\" decoding=\"async\" class=\"size-full wp-image-26852 alignleft\" src=\"https:\/\/www.granadablogs.com\/pateandoelmundo\/wp-content\/uploads\/2019\/03\/0Twitter.jpg\" alt=\"\" width=\"196\" height=\"47\" \/><\/a><\/p>\n","protected":false},"excerpt":{"rendered":"<p>Reza la sabidur\u00eda popular que \u2018a enemigo que huye, puente de plata\u2019, pero \u00bfy si el enemigo no ha huido y, de hecho, es la llamada carretera de plata la \u00fanica v\u00eda de comunicaci\u00f3n a trav\u00e9s de la que localizarle, identificarle y detenerle? Detenerle a \u00e9l y detener sus tropel\u00edas\u2026 La carretera de plata es [&hellip;]<\/p>\n","protected":false},"author":1,"featured_media":0,"comment_status":"open","ping_status":"open","sticky":false,"template":"","format":"standard","meta":{"jetpack_post_was_ever_published":false,"_jetpack_newsletter_access":"","_jetpack_dont_email_post_to_subs":false,"_jetpack_newsletter_tier_id":0,"_jetpack_memberships_contains_paywalled_content":false,"_jetpack_memberships_contains_paid_content":false,"footnotes":""},"categories":[21,11774],"tags":[17873,17923,17922,14564,17924,17874],"class_list":["post-27337","post","type-post","status-publish","format-standard","hentry","category-negra-y-criminal","category-rincon-oscuro","tag-carretera-de-plata","tag-carretera-de-plata-rba","tag-carretera-de-plata-stina-jackson","tag-carretera-perdida","tag-roba-serie-negra","tag-stina-jackson"],"jetpack_featured_media_url":"","jetpack_sharing_enabled":true,"_links":{"self":[{"href":"https:\/\/www.granadablogs.com\/pateandoelmundo\/wp-json\/wp\/v2\/posts\/27337","targetHints":{"allow":["GET"]}}],"collection":[{"href":"https:\/\/www.granadablogs.com\/pateandoelmundo\/wp-json\/wp\/v2\/posts"}],"about":[{"href":"https:\/\/www.granadablogs.com\/pateandoelmundo\/wp-json\/wp\/v2\/types\/post"}],"author":[{"embeddable":true,"href":"https:\/\/www.granadablogs.com\/pateandoelmundo\/wp-json\/wp\/v2\/users\/1"}],"replies":[{"embeddable":true,"href":"https:\/\/www.granadablogs.com\/pateandoelmundo\/wp-json\/wp\/v2\/comments?post=27337"}],"version-history":[{"count":3,"href":"https:\/\/www.granadablogs.com\/pateandoelmundo\/wp-json\/wp\/v2\/posts\/27337\/revisions"}],"predecessor-version":[{"id":27345,"href":"https:\/\/www.granadablogs.com\/pateandoelmundo\/wp-json\/wp\/v2\/posts\/27337\/revisions\/27345"}],"wp:attachment":[{"href":"https:\/\/www.granadablogs.com\/pateandoelmundo\/wp-json\/wp\/v2\/media?parent=27337"}],"wp:term":[{"taxonomy":"category","embeddable":true,"href":"https:\/\/www.granadablogs.com\/pateandoelmundo\/wp-json\/wp\/v2\/categories?post=27337"},{"taxonomy":"post_tag","embeddable":true,"href":"https:\/\/www.granadablogs.com\/pateandoelmundo\/wp-json\/wp\/v2\/tags?post=27337"}],"curies":[{"name":"wp","href":"https:\/\/api.w.org\/{rel}","templated":true}]}}