{"id":27274,"date":"2019-05-30T09:05:54","date_gmt":"2019-05-30T08:05:54","guid":{"rendered":"https:\/\/www.granadablogs.com\/pateandoelmundo\/?p=27274"},"modified":"2019-05-30T09:27:30","modified_gmt":"2019-05-30T08:27:30","slug":"4-anos-300-votos","status":"publish","type":"post","link":"https:\/\/www.granadablogs.com\/pateandoelmundo\/4-anos-300-votos\/","title":{"rendered":"4 a\u00f1os = 300 votos"},"content":{"rendered":"<p>Mucho se est\u00e1 hablando de si la fragmentaci\u00f3n de las izquierdas en Granada ha impedido la consecuci\u00f3n del cuarto concejal por parte de Podemos-Izquierda Unida-Adelante. Ya saben ustedes que las matem\u00e1ticas aplicadas a la l\u00f3gica electoral dif\u00edcilmente cuadran. La autocr\u00edtica est\u00e1 muy bien si es sincera y sirve para mirar hacia delante, pero llorar por los 3.000 votos de Vamos Granada y Equo es tan \u00fatil, ahora, como culpar de la liga perdida al fallo del delantero en la \u00faltima jugada del partido.<\/p>\n<p><a href=\"https:\/\/www.granadablogs.com\/pateandoelmundo\/4-anos-300-votos\/0-vemos\/\" rel=\"attachment wp-att-27275\"><img loading=\"lazy\" decoding=\"async\" class=\"aligncenter size-medium wp-image-27275\" src=\"https:\/\/www.granadablogs.com\/pateandoelmundo\/wp-content\/uploads\/2019\/05\/0-Vemos-300x144.jpg\" alt=\"\" width=\"300\" height=\"144\" srcset=\"https:\/\/www.granadablogs.com\/pateandoelmundo\/wp-content\/uploads\/2019\/05\/0-Vemos-300x144.jpg 300w, https:\/\/www.granadablogs.com\/pateandoelmundo\/wp-content\/uploads\/2019\/05\/0-Vemos-768x368.jpg 768w, https:\/\/www.granadablogs.com\/pateandoelmundo\/wp-content\/uploads\/2019\/05\/0-Vemos-644x308.jpg 644w, https:\/\/www.granadablogs.com\/pateandoelmundo\/wp-content\/uploads\/2019\/05\/0-Vemos.jpg 978w\" sizes=\"auto, (max-width: 300px) 100vw, 300px\" \/><\/a><\/p>\n<p>Resulta mucho m\u00e1s interesante reflexionar acerca de otro pu\u00f1ado de votos. 300, en este caso. Son los 300 votos cosechados por Pilar Rivas y su Partido del Bienestar, que consigui\u00f3 242 sufragios; y por Luis de Haro Rossy, cuya Granada Verdad y Democracia se alz\u00f3 con la tit\u00e1nica cifra de\u2026 \u00a168 papeletas! Menudo papel\u00f3n.<\/p>\n<p>Creo que es importante rese\u00f1ar este dato porque Pilar Rivas y Luis de Haro fueron concejales electos en el Ayuntamiento granadino durante los \u00faltimos cuatro a\u00f1os\u2026 \u00a1y esta es la vergonzante huella que han dejado en el electorado!<\/p>\n<p><a href=\"https:\/\/www.granadablogs.com\/pateandoelmundo\/4-anos-300-votos\/0-vamos\/\" rel=\"attachment wp-att-27276\"><img loading=\"lazy\" decoding=\"async\" class=\"aligncenter size-medium wp-image-27276\" src=\"https:\/\/www.granadablogs.com\/pateandoelmundo\/wp-content\/uploads\/2019\/05\/0-Vamos-300x169.jpg\" alt=\"\" width=\"300\" height=\"169\" srcset=\"https:\/\/www.granadablogs.com\/pateandoelmundo\/wp-content\/uploads\/2019\/05\/0-Vamos-300x169.jpg 300w, https:\/\/www.granadablogs.com\/pateandoelmundo\/wp-content\/uploads\/2019\/05\/0-Vamos.jpg 575w\" sizes=\"auto, (max-width: 300px) 100vw, 300px\" \/><\/a><\/p>\n<p>Los 300 votos reunidos por Luis de Haro y Pilar Rivas son la consecuencia directa de su \u2018trabajo\u2019 de todo este tiempo, dedicados en cuerpo y alma\u2026 a despellejarse, atacarse y zaherirse con sus compa\u00f1eros de Vamos Granada, que tampoco han sacado concejal. A\u00f1os dedicados, de paso, a entorpecer el trabajo diario del Ayuntamiento. Hagan la prueba. Pongan en Google los nombres de Luis de Haro y Pilar Rivas, juntos, y comprueben qu\u00e9 aparece. (Sobre sus rebati\u00f1as escrib\u00ed en su momento <a href=\"https:\/\/www.granadablogs.com\/pateandoelmundo\/vamos-que-nos-vamos\/\" target=\"_blank\" rel=\"noopener\">esta columna<\/a> para IDEAL)<\/p>\n<p>\u00bfNo les da nada, quedar as\u00ed retratados? Qu\u00e9 pena de egos inflamados, volando por encima de la realidad.<\/p>\n<p>Jes\u00fas Lens<\/p>\n<p><a href=\"https:\/\/twitter.com\/Jesus_Lens\" target=\"_blank\" rel=\"attachment noopener wp-att-26852\"><img loading=\"lazy\" decoding=\"async\" class=\"size-full wp-image-26852 alignleft\" src=\"https:\/\/www.granadablogs.com\/pateandoelmundo\/wp-content\/uploads\/2019\/03\/0Twitter.jpg\" alt=\"\" width=\"196\" height=\"47\" \/><\/a><\/p>\n","protected":false},"excerpt":{"rendered":"<p>Mucho se est\u00e1 hablando de si la fragmentaci\u00f3n de las izquierdas en Granada ha impedido la consecuci\u00f3n del cuarto concejal por parte de Podemos-Izquierda Unida-Adelante. Ya saben ustedes que las matem\u00e1ticas aplicadas a la l\u00f3gica electoral dif\u00edcilmente cuadran. La autocr\u00edtica est\u00e1 muy bien si es sincera y sirve para mirar hacia delante, pero llorar por [&hellip;]<\/p>\n","protected":false},"author":1,"featured_media":0,"comment_status":"open","ping_status":"open","sticky":false,"template":"","format":"standard","meta":{"jetpack_post_was_ever_published":false,"_jetpack_newsletter_access":"","_jetpack_dont_email_post_to_subs":false,"_jetpack_newsletter_tier_id":0,"_jetpack_memberships_contains_paywalled_content":false,"_jetpack_memberships_contains_paid_content":false,"footnotes":""},"categories":[6],"tags":[17885,17886,17887,15431,17883,17884,15432,14554],"class_list":["post-27274","post","type-post","status-publish","format-standard","hentry","category-opinion","tag-68-votos","tag-izquierda-atomizada","tag-izquierda-rota","tag-luis-de-haro","tag-luis-de-haro-rossy","tag-partido-bienestar-gente","tag-pilar-rivas","tag-vamos-granada"],"jetpack_featured_media_url":"","jetpack_sharing_enabled":true,"_links":{"self":[{"href":"https:\/\/www.granadablogs.com\/pateandoelmundo\/wp-json\/wp\/v2\/posts\/27274","targetHints":{"allow":["GET"]}}],"collection":[{"href":"https:\/\/www.granadablogs.com\/pateandoelmundo\/wp-json\/wp\/v2\/posts"}],"about":[{"href":"https:\/\/www.granadablogs.com\/pateandoelmundo\/wp-json\/wp\/v2\/types\/post"}],"author":[{"embeddable":true,"href":"https:\/\/www.granadablogs.com\/pateandoelmundo\/wp-json\/wp\/v2\/users\/1"}],"replies":[{"embeddable":true,"href":"https:\/\/www.granadablogs.com\/pateandoelmundo\/wp-json\/wp\/v2\/comments?post=27274"}],"version-history":[{"count":4,"href":"https:\/\/www.granadablogs.com\/pateandoelmundo\/wp-json\/wp\/v2\/posts\/27274\/revisions"}],"predecessor-version":[{"id":27280,"href":"https:\/\/www.granadablogs.com\/pateandoelmundo\/wp-json\/wp\/v2\/posts\/27274\/revisions\/27280"}],"wp:attachment":[{"href":"https:\/\/www.granadablogs.com\/pateandoelmundo\/wp-json\/wp\/v2\/media?parent=27274"}],"wp:term":[{"taxonomy":"category","embeddable":true,"href":"https:\/\/www.granadablogs.com\/pateandoelmundo\/wp-json\/wp\/v2\/categories?post=27274"},{"taxonomy":"post_tag","embeddable":true,"href":"https:\/\/www.granadablogs.com\/pateandoelmundo\/wp-json\/wp\/v2\/tags?post=27274"}],"curies":[{"name":"wp","href":"https:\/\/api.w.org\/{rel}","templated":true}]}}