{"id":27154,"date":"2019-05-11T09:44:50","date_gmt":"2019-05-11T08:44:50","guid":{"rendered":"https:\/\/www.granadablogs.com\/pateandoelmundo\/?p=27154"},"modified":"2019-05-11T09:44:50","modified_gmt":"2019-05-11T08:44:50","slug":"hoy-sabado-nadie-en-casa","status":"publish","type":"post","link":"https:\/\/www.granadablogs.com\/pateandoelmundo\/hoy-sabado-nadie-en-casa\/","title":{"rendered":"Hoy s\u00e1bado, nadie en casa"},"content":{"rendered":"<p>Este s\u00e1bado no va a haber nadie en casa, que no vamos a caber en las calles. En d\u00edas como hoy, uno siente orgullo de vivir en Granada. Y pesar, tambi\u00e9n. Hoy, ni siquiera ser G\u00e9minis y mi supuesto superpoder para desdoblarme me permitir\u00e1 llegar a todos los lugares en que me gustar\u00eda estar.<\/p>\n<figure id=\"attachment_27155\" aria-describedby=\"caption-attachment-27155\" style=\"width: 300px\" class=\"wp-caption aligncenter\"><a href=\"https:\/\/www.granadablogs.com\/pateandoelmundo\/hoy-sabado-nadie-en-casa\/0-victor-amela\/\" rel=\"attachment wp-att-27155\"><img loading=\"lazy\" decoding=\"async\" class=\"size-medium wp-image-27155\" src=\"https:\/\/www.granadablogs.com\/pateandoelmundo\/wp-content\/uploads\/2019\/05\/0-V\u00edctor-Amela-300x200.jpg\" alt=\"\" width=\"300\" height=\"200\" srcset=\"https:\/\/www.granadablogs.com\/pateandoelmundo\/wp-content\/uploads\/2019\/05\/0-V\u00edctor-Amela-300x200.jpg 300w, https:\/\/www.granadablogs.com\/pateandoelmundo\/wp-content\/uploads\/2019\/05\/0-V\u00edctor-Amela.jpg 624w\" sizes=\"auto, (max-width: 300px) 100vw, 300px\" \/><\/a><figcaption id=\"caption-attachment-27155\" class=\"wp-caption-text\">A las 13 horas, con V\u00edctor Amela en la Feria del Libro. Foto Alfredo Aguilar<\/figcaption><\/figure>\n<p>Para los amantes de la literatura, la escisi\u00f3n esquizoide comenz\u00f3 ayer, cuando nos debat\u00edamos entre la inauguraci\u00f3n de la Feria del Libro y la clausura del Festival de Poes\u00eda, coincidentes en horario y una prueba m\u00e1s de lo imprescindible que es la coordinaci\u00f3n de una agenda cultural institucional que impida estos sinsentidos.<\/p>\n<p>Pero es que hoy s\u00e1bado, entre otras propuestas y convocatorias de primer nivel, tenemos un programa de la Feria del Libro que quita el hipo, el f\u00fatbol femenino en Los C\u00e1rmenes, las jornadas de puertas abiertas de la Base de Armilla, festival a\u00e9reo incluido; y el majestuoso En \u00d3rbita, con la vuelta de 091. Esperemos que toque en primicia alguno de los nuevos temas que est\u00e1n grabando.<\/p>\n<figure id=\"attachment_27156\" aria-describedby=\"caption-attachment-27156\" style=\"width: 300px\" class=\"wp-caption aligncenter\"><a href=\"https:\/\/www.granadablogs.com\/pateandoelmundo\/hoy-sabado-nadie-en-casa\/0-fernando-marias\/\" rel=\"attachment wp-att-27156\"><img loading=\"lazy\" decoding=\"async\" class=\"size-medium wp-image-27156\" src=\"https:\/\/www.granadablogs.com\/pateandoelmundo\/wp-content\/uploads\/2019\/05\/0-Fernando-Mar\u00edas-300x188.jpg\" alt=\"\" width=\"300\" height=\"188\" srcset=\"https:\/\/www.granadablogs.com\/pateandoelmundo\/wp-content\/uploads\/2019\/05\/0-Fernando-Mar\u00edas-300x188.jpg 300w, https:\/\/www.granadablogs.com\/pateandoelmundo\/wp-content\/uploads\/2019\/05\/0-Fernando-Mar\u00edas-768x480.jpg 768w, https:\/\/www.granadablogs.com\/pateandoelmundo\/wp-content\/uploads\/2019\/05\/0-Fernando-Mar\u00edas-644x403.jpg 644w, https:\/\/www.granadablogs.com\/pateandoelmundo\/wp-content\/uploads\/2019\/05\/0-Fernando-Mar\u00edas.jpg 1080w\" sizes=\"auto, (max-width: 300px) 100vw, 300px\" \/><\/a><figcaption id=\"caption-attachment-27156\" class=\"wp-caption-text\">A las 20 horas, Fernando Mar\u00edas<\/figcaption><\/figure>\n<p>Cantaban Mach\u00edn primero y El Cigala despu\u00e9s, acompa\u00f1ado por Bebo Vald\u00e9s, aquello de c\u00f3mo se puede querer a dos mujeres a la vez y no estar loco. Hoy s\u00e1bado, en Granada\u2026 \u00a1se desencadena la locura! Personalmente, estar\u00e9 con mi querido V\u00edctor Amela a las 13 horas, en la Caseta de Firmas de la Feria del Libro, con su \u2018Yo pude salvar a Lorca\u2019. Espero echar unas ca\u00f1as con \u00e9l y con otro enorme lorquiano, Fernando Mar\u00edas.<\/p>\n<p>Por la tarde, me temo que me voy a perder las presentaciones de la reedici\u00f3n del Detective del Zaid\u00edn, con Alfonso Salazar y Alejandro Pedregosa. Y la conversaci\u00f3n con Nuccio Ordine a prop\u00f3sito de su libro \u2018La utilidad de lo in\u00fatil\u2019, que viene de la mano de la Fundaci\u00f3n Tres Culturas. O la actividad de Fernando Mar\u00edas y Gabriel Hern\u00e1ndez Walta en torno a \u2018Como t\u00fa. 20 relatos + 20 ilustraciones por la igualdad\u2019, un libro juvenil del que tenemos que hablar.<\/p>\n<p><a href=\"https:\/\/www.granadablogs.com\/pateandoelmundo\/hoy-sabado-nadie-en-casa\/0-nuccio-ordine\/\" rel=\"attachment wp-att-27157\"><img loading=\"lazy\" decoding=\"async\" class=\"aligncenter size-medium wp-image-27157\" src=\"https:\/\/www.granadablogs.com\/pateandoelmundo\/wp-content\/uploads\/2019\/05\/0-Nuccio-Ordine-197x300.jpg\" alt=\"\" width=\"197\" height=\"300\" srcset=\"https:\/\/www.granadablogs.com\/pateandoelmundo\/wp-content\/uploads\/2019\/05\/0-Nuccio-Ordine-197x300.jpg 197w, https:\/\/www.granadablogs.com\/pateandoelmundo\/wp-content\/uploads\/2019\/05\/0-Nuccio-Ordine-768x1169.jpg 768w, https:\/\/www.granadablogs.com\/pateandoelmundo\/wp-content\/uploads\/2019\/05\/0-Nuccio-Ordine-644x980.jpg 644w, https:\/\/www.granadablogs.com\/pateandoelmundo\/wp-content\/uploads\/2019\/05\/0-Nuccio-Ordine.jpg 945w\" sizes=\"auto, (max-width: 197px) 100vw, 197px\" \/><\/a><\/p>\n<p>Lo leo y se me caen lagrimones de tinta al fracasar una y otra vez en las pruebas de bilocaci\u00f3n en que estoy empe\u00f1ado. Porque esta tarde no me pierdo En \u00d3rbita, uno de los grandes festivales musicales del a\u00f1o, en Espa\u00f1a. \u00bfY ustedes, por d\u00f3nde andar\u00e1n?<\/p>\n<p>Jes\u00fas Lens<\/p>\n<p><a href=\"https:\/\/twitter.com\/Jesus_Lens\" target=\"_blank\" rel=\"attachment noopener wp-att-26852\"><img loading=\"lazy\" decoding=\"async\" class=\"size-full wp-image-26852 alignleft\" src=\"https:\/\/www.granadablogs.com\/pateandoelmundo\/wp-content\/uploads\/2019\/03\/0Twitter.jpg\" alt=\"\" width=\"196\" height=\"47\" \/><\/a><\/p>\n<p>&nbsp;<\/p>\n","protected":false},"excerpt":{"rendered":"<p>Este s\u00e1bado no va a haber nadie en casa, que no vamos a caber en las calles. En d\u00edas como hoy, uno siente orgullo de vivir en Granada. Y pesar, tambi\u00e9n. Hoy, ni siquiera ser G\u00e9minis y mi supuesto superpoder para desdoblarme me permitir\u00e1 llegar a todos los lugares en que me gustar\u00eda estar. Para [&hellip;]<\/p>\n","protected":false},"author":1,"featured_media":0,"comment_status":"open","ping_status":"open","sticky":false,"template":"","format":"standard","meta":{"jetpack_post_was_ever_published":false,"_jetpack_newsletter_access":"","_jetpack_dont_email_post_to_subs":false,"_jetpack_newsletter_tier_id":0,"_jetpack_memberships_contains_paywalled_content":false,"_jetpack_memberships_contains_paid_content":false,"footnotes":""},"categories":[6],"tags":[2782,17801,17803,12013,17802,17225],"class_list":["post-27154","post","type-post","status-publish","format-standard","hentry","category-opinion","tag-feria-del-libro-granada","tag-fernando-marias-granada","tag-festival-en-orbita","tag-fundacion-tres-culturas","tag-nuncio-ordine","tag-victor-amela-granada"],"jetpack_featured_media_url":"","jetpack_sharing_enabled":true,"_links":{"self":[{"href":"https:\/\/www.granadablogs.com\/pateandoelmundo\/wp-json\/wp\/v2\/posts\/27154","targetHints":{"allow":["GET"]}}],"collection":[{"href":"https:\/\/www.granadablogs.com\/pateandoelmundo\/wp-json\/wp\/v2\/posts"}],"about":[{"href":"https:\/\/www.granadablogs.com\/pateandoelmundo\/wp-json\/wp\/v2\/types\/post"}],"author":[{"embeddable":true,"href":"https:\/\/www.granadablogs.com\/pateandoelmundo\/wp-json\/wp\/v2\/users\/1"}],"replies":[{"embeddable":true,"href":"https:\/\/www.granadablogs.com\/pateandoelmundo\/wp-json\/wp\/v2\/comments?post=27154"}],"version-history":[{"count":2,"href":"https:\/\/www.granadablogs.com\/pateandoelmundo\/wp-json\/wp\/v2\/posts\/27154\/revisions"}],"predecessor-version":[{"id":27159,"href":"https:\/\/www.granadablogs.com\/pateandoelmundo\/wp-json\/wp\/v2\/posts\/27154\/revisions\/27159"}],"wp:attachment":[{"href":"https:\/\/www.granadablogs.com\/pateandoelmundo\/wp-json\/wp\/v2\/media?parent=27154"}],"wp:term":[{"taxonomy":"category","embeddable":true,"href":"https:\/\/www.granadablogs.com\/pateandoelmundo\/wp-json\/wp\/v2\/categories?post=27154"},{"taxonomy":"post_tag","embeddable":true,"href":"https:\/\/www.granadablogs.com\/pateandoelmundo\/wp-json\/wp\/v2\/tags?post=27154"}],"curies":[{"name":"wp","href":"https:\/\/api.w.org\/{rel}","templated":true}]}}