{"id":27067,"date":"2019-04-25T07:13:30","date_gmt":"2019-04-25T06:13:30","guid":{"rendered":"https:\/\/www.granadablogs.com\/pateandoelmundo\/?p=27067"},"modified":"2019-04-25T10:19:56","modified_gmt":"2019-04-25T09:19:56","slug":"a-las-casas-ahorcadas-de-cuenca-hay-que-ir","status":"publish","type":"post","link":"https:\/\/www.granadablogs.com\/pateandoelmundo\/a-las-casas-ahorcadas-de-cuenca-hay-que-ir\/","title":{"rendered":"A las Casas Ahorcadas de Cuenca hay que ir"},"content":{"rendered":"<p>Son de necesaria visita y obligado cumplimiento para los amantes del Noir. Las Casas Ahorcadas, el festival literario montado por Sergio Vera en Cuenca, convertido en lugar de culto donde reunirse al calor de lo mejor del g\u00e9nero negro y policial.<\/p>\n<p><a href=\"https:\/\/www.granadablogs.com\/pateandoelmundo\/a-las-casas-ahorcadas-de-cuenca-hay-que-ir\/0000-casas-ahorcadas-jesus-lens\/\" rel=\"attachment wp-att-27068\"><img loading=\"lazy\" decoding=\"async\" class=\"aligncenter size-medium wp-image-27068\" src=\"https:\/\/www.granadablogs.com\/pateandoelmundo\/wp-content\/uploads\/2019\/04\/0000-Casas-Ahorcadas-Jes\u00fas-Lens-140x300.jpg\" alt=\"\" width=\"140\" height=\"300\" srcset=\"https:\/\/www.granadablogs.com\/pateandoelmundo\/wp-content\/uploads\/2019\/04\/0000-Casas-Ahorcadas-Jes\u00fas-Lens-140x300.jpg 140w, https:\/\/www.granadablogs.com\/pateandoelmundo\/wp-content\/uploads\/2019\/04\/0000-Casas-Ahorcadas-Jes\u00fas-Lens.jpg 448w\" sizes=\"auto, (max-width: 140px) 100vw, 140px\" \/><\/a><\/p>\n<p>Fui el a\u00f1o pasado por primera vez y, como confes\u00e9 en alta voz durante una de las jornadas de la pasada edici\u00f3n de Granada Noir, me traje un mont\u00f3n de ideas. Me gust\u00f3 el car\u00e1cter diferente e innovador de un festival inspirador al que suelen ir algunos de los autores y autoras m\u00e1s interesantes del panorama literario espa\u00f1ol contempor\u00e1neo. Y algunos extranjeros, que este a\u00f1o vamos a tener el privilegio de escuchar a Massimo Carlotto, por ejemplo.<\/p>\n<p>Para quienes programamos actividades culturales, es imprescindible salir por ah\u00ed, a ver qu\u00e9 se cuece en otros sitios. Y c\u00f3mo se hace. Es igualmente necesario para experimentar en vivo y en directo c\u00f3mo funcionan los programas dise\u00f1ados sobre el papel, la reacci\u00f3n del p\u00fablico a las charlas, la interacci\u00f3n de los invitados y la acogida de las diferentes actividades, conferencias y mesas redondas.<\/p>\n<p>Los festivales literarios son especialmente complicados en ciudades como Granada, cuya profunda agenda cultural ofrece todas las semanas varias presentaciones de libros y diferentes conferencias, seminarios o encuentros de todo tipo. Es necesario afinar muy bien para ofrecer propuestas interesantes y atractivas para el p\u00fablico. Y ah\u00ed, la capacidad de comunicaci\u00f3n de los ponentes es esencial, al margen de la imprescindible calidad de sus obras, algo que, como al militar el valor, se les presupone.<\/p>\n<p><a href=\"https:\/\/www.granadablogs.com\/pateandoelmundo\/a-las-casas-ahorcadas-de-cuenca-hay-que-ir\/0000-casas-ahorcadas-2019-cartel\/\" rel=\"attachment wp-att-27069\"><img loading=\"lazy\" decoding=\"async\" class=\"aligncenter size-medium wp-image-27069\" src=\"https:\/\/www.granadablogs.com\/pateandoelmundo\/wp-content\/uploads\/2019\/04\/0000-Casas-Ahorcadas-2019-cartel-210x300.jpg\" alt=\"\" width=\"210\" height=\"300\" srcset=\"https:\/\/www.granadablogs.com\/pateandoelmundo\/wp-content\/uploads\/2019\/04\/0000-Casas-Ahorcadas-2019-cartel-210x300.jpg 210w, https:\/\/www.granadablogs.com\/pateandoelmundo\/wp-content\/uploads\/2019\/04\/0000-Casas-Ahorcadas-2019-cartel-768x1099.jpg 768w, https:\/\/www.granadablogs.com\/pateandoelmundo\/wp-content\/uploads\/2019\/04\/0000-Casas-Ahorcadas-2019-cartel-644x922.jpg 644w, https:\/\/www.granadablogs.com\/pateandoelmundo\/wp-content\/uploads\/2019\/04\/0000-Casas-Ahorcadas-2019-cartel.jpg 1118w\" sizes=\"auto, (max-width: 210px) 100vw, 210px\" \/><\/a><\/p>\n<p>As\u00ed, el a\u00f1o pasado tuvimos ocasi\u00f3n de conocer a Jos\u00e9 Antonio P\u00e9rez Ledo, un tipo proteico que lo mismo escribe novelas que es guionista de talk shows, monta espectaculares podcasts y publica tebeos tan interesantes como \u2018Los enciclopedistas\u2019.<\/p>\n<p>En Casas Ahorcadas tambi\u00e9n vi las enormes posibilidades del debate sobre corrupci\u00f3n y novela negra que replicamos en Granada Noir, con Graziella Moreno y Carles Qu\u00edlez en apasionante conversaci\u00f3n con Quico Chirino.<\/p>\n<p><a href=\"https:\/\/www.granadablogs.com\/pateandoelmundo\/a-las-casas-ahorcadas-de-cuenca-hay-que-ir\/0000-granada-noir-chirino\/\" rel=\"attachment wp-att-27070\"><img loading=\"lazy\" decoding=\"async\" class=\"aligncenter size-medium wp-image-27070\" src=\"https:\/\/www.granadablogs.com\/pateandoelmundo\/wp-content\/uploads\/2019\/04\/0000-Granada-Noir-Chirino-300x230.jpg\" alt=\"\" width=\"300\" height=\"230\" srcset=\"https:\/\/www.granadablogs.com\/pateandoelmundo\/wp-content\/uploads\/2019\/04\/0000-Granada-Noir-Chirino-300x230.jpg 300w, https:\/\/www.granadablogs.com\/pateandoelmundo\/wp-content\/uploads\/2019\/04\/0000-Granada-Noir-Chirino-768x589.jpg 768w, https:\/\/www.granadablogs.com\/pateandoelmundo\/wp-content\/uploads\/2019\/04\/0000-Granada-Noir-Chirino-644x494.jpg 644w, https:\/\/www.granadablogs.com\/pateandoelmundo\/wp-content\/uploads\/2019\/04\/0000-Granada-Noir-Chirino.jpg 912w\" sizes=\"auto, (max-width: 300px) 100vw, 300px\" \/><\/a><\/p>\n<p>Este a\u00f1o tengo especial inter\u00e9s en reencontrarme con Domingo Villar, que ha vuelto a la primera l\u00ednea de la actualidad editorial con la publicaci\u00f3n de su esperad\u00edsima \u2018El \u00faltimo barco\u2019, la nueva aventura del inspector Leo Caldas. Es una de las novelas, adem\u00e1s, que leeremos en el Club de Lectura de Granada Noir en las pr\u00f3ximas semanas, as\u00ed que pienso sacarle hasta el tu\u00e9tano al autor gallego.<\/p>\n<p>Les hablaba de Massimo Carlotto, un autor total que lo mismo escribe novelas que obras de teatro, hace reportajes para revistas o colabora con la prensa m\u00e1s comprometida. Su historia es fascinante: en 1976, con 19 a\u00f1os de edad y militante del grupo izquierdista Lotta Continua, es testigo del asesinato de una joven estudiante. Se presenta ante la polic\u00eda italiana para declarar, pero termina imputado como autor de un delito de homicidio.<\/p>\n<p><a href=\"https:\/\/www.granadablogs.com\/pateandoelmundo\/a-las-casas-ahorcadas-de-cuenca-hay-que-ir\/0000-massimo-carlotto\/\" rel=\"attachment wp-att-27071\"><img loading=\"lazy\" decoding=\"async\" class=\"aligncenter size-medium wp-image-27071\" src=\"https:\/\/www.granadablogs.com\/pateandoelmundo\/wp-content\/uploads\/2019\/04\/0000-Massimo-Carlotto-245x300.jpg\" alt=\"\" width=\"245\" height=\"300\" srcset=\"https:\/\/www.granadablogs.com\/pateandoelmundo\/wp-content\/uploads\/2019\/04\/0000-Massimo-Carlotto-245x300.jpg 245w, https:\/\/www.granadablogs.com\/pateandoelmundo\/wp-content\/uploads\/2019\/04\/0000-Massimo-Carlotto.jpg 545w\" sizes=\"auto, (max-width: 245px) 100vw, 245px\" \/><\/a><\/p>\n<p>Absuelto en primera instancia, fue condenado a 18 a\u00f1os de prisi\u00f3n tras la apelaci\u00f3n. Pendiente del cumplimiento de la condena, en 1982 decide exiliarse, primero a Francia y despu\u00e9s a M\u00e9xico, donde es detenido por la polic\u00eda y extraditado a Italia, donde es encarcelado. Tras una revisi\u00f3n del caso, la condena se reduce y, finalmente, gracias a la presi\u00f3n popular, Carlotto es indultado en 1993.<\/p>\n<p>A partir de 1995 comienza su exitosa trayectoria literaria con la publicaci\u00f3n de \u2018La verdad del caim\u00e1n\u2019, una excelente novela en la que el autor italiano tambi\u00e9n da rienda suelta a su pasi\u00f3n por el blues. Aunque sus libros han sido traducidas al castellano, su distribuci\u00f3n fue dispersa. Eso s\u00ed, en 2018 se reeditaron sus dos primeros t\u00edtulos en formato de bolsillo, lo que supone una inmejorable oportunidad para reencontrarnos con el Caim\u00e1n.<\/p>\n<p>Por Cuenca pasar\u00e1n ese imprescindible d\u00fao din\u00e1mico noir de nuestras letras conformado por Nieves Abarca y Vicente Garrido, ganadores del Tormo Negro, el premio que cada a\u00f1o concede el Club de Lectura de Las Casas Ahorcadas a su novela preferida del ejercicio. Y estar\u00e1 Carlos Bassas, que publicar\u00e1 su \u2018Soledad\u2019 a finales de mayo. Ya he tenido la oportunidad de leerla y les aseguro que, siendo dura como una pedrada en el occipucio, va a dar mucho que hablar.<\/p>\n<p><a href=\"https:\/\/www.granadablogs.com\/pateandoelmundo\/a-las-casas-ahorcadas-de-cuenca-hay-que-ir\/0000-nieves-abarca\/\" rel=\"attachment wp-att-27072\"><img loading=\"lazy\" decoding=\"async\" class=\"aligncenter size-medium wp-image-27072\" src=\"https:\/\/www.granadablogs.com\/pateandoelmundo\/wp-content\/uploads\/2019\/04\/0000-Nieves-Abarca-300x199.jpg\" alt=\"\" width=\"300\" height=\"199\" srcset=\"https:\/\/www.granadablogs.com\/pateandoelmundo\/wp-content\/uploads\/2019\/04\/0000-Nieves-Abarca-300x199.jpg 300w, https:\/\/www.granadablogs.com\/pateandoelmundo\/wp-content\/uploads\/2019\/04\/0000-Nieves-Abarca.jpg 400w\" sizes=\"auto, (max-width: 300px) 100vw, 300px\" \/><\/a><\/p>\n<p>Pero sobre todo, uno va a los festivales esperando descubrir cosas nuevas. A autores que no conoc\u00eda. Libros que no hab\u00eda le\u00eddo y de los que no ten\u00eda noticia. Savia fresca. Los festivales tambi\u00e9n tienen que ser eso: territorio de aventura al que acercarse sin saber exactamente qu\u00e9 se va a encontrar. No hay nada m\u00e1s aburrido que el tedio de la previsibilidad\u2026 ni nada m\u00e1s placentero que la sorpresa del descubrimiento.<\/p>\n<p>La responsabilidad de los programadores es ofrecer una propuesta de actividades de calidad contrastada que, al margen del mayor o menor nombre de sus protagonistas, resulte interesante y atractiva para el p\u00fablico. \u00a1Espero que a la gente de Cuenca le guste \u2018Black Water\u2019, la presentaci\u00f3n que les llevo este a\u00f1o!<\/p>\n<p>Es para eso -adem\u00e1s de para pasarlo bien, obviamente- para lo que viajamos a festivales originales, novedosos y diferentes como Las Casas Ahorcadas, Arag\u00f3n Negro, Bruma Negra o el Quais du Polar. Para ver, escuchar, descubrir, compartir, ofrecer, mostrar, aprender\u2026 y tratar de replicar las mejores pr\u00e1cticas en casa, en Granada Noir y en Gravite.<\/p>\n<p>Jes\u00fas Lens<\/p>\n<p><a href=\"https:\/\/twitter.com\/Jesus_Lens\" target=\"_blank\" rel=\"attachment noopener wp-att-26852\"><img loading=\"lazy\" decoding=\"async\" class=\"size-full wp-image-26852 alignleft\" src=\"https:\/\/www.granadablogs.com\/pateandoelmundo\/wp-content\/uploads\/2019\/03\/0Twitter.jpg\" alt=\"\" width=\"196\" height=\"47\" \/><\/a><\/p>\n","protected":false},"excerpt":{"rendered":"<p>Son de necesaria visita y obligado cumplimiento para los amantes del Noir. Las Casas Ahorcadas, el festival literario montado por Sergio Vera en Cuenca, convertido en lugar de culto donde reunirse al calor de lo mejor del g\u00e9nero negro y policial. Fui el a\u00f1o pasado por primera vez y, como confes\u00e9 en alta voz durante [&hellip;]<\/p>\n","protected":false},"author":1,"featured_media":0,"comment_status":"open","ping_status":"open","sticky":false,"template":"","format":"standard","meta":{"jetpack_post_was_ever_published":false,"_jetpack_newsletter_access":"","_jetpack_dont_email_post_to_subs":false,"_jetpack_newsletter_tier_id":0,"_jetpack_memberships_contains_paywalled_content":false,"_jetpack_memberships_contains_paid_content":false,"footnotes":""},"categories":[21,11774],"tags":[16214,17729,11145,17730,14819,17731,16212,14821],"class_list":["post-27067","post","type-post","status-publish","format-standard","hentry","category-negra-y-criminal","category-rincon-oscuro","tag-casas-ahorcadas","tag-casas-ahorcadas-cuenca","tag-granada-noir-2","tag-ir-a-festivales","tag-nieves-abarca","tag-programa-casas-ahorcadas-2019","tag-sergio-vera","tag-vicente-garrido"],"jetpack_featured_media_url":"","jetpack_sharing_enabled":true,"_links":{"self":[{"href":"https:\/\/www.granadablogs.com\/pateandoelmundo\/wp-json\/wp\/v2\/posts\/27067","targetHints":{"allow":["GET"]}}],"collection":[{"href":"https:\/\/www.granadablogs.com\/pateandoelmundo\/wp-json\/wp\/v2\/posts"}],"about":[{"href":"https:\/\/www.granadablogs.com\/pateandoelmundo\/wp-json\/wp\/v2\/types\/post"}],"author":[{"embeddable":true,"href":"https:\/\/www.granadablogs.com\/pateandoelmundo\/wp-json\/wp\/v2\/users\/1"}],"replies":[{"embeddable":true,"href":"https:\/\/www.granadablogs.com\/pateandoelmundo\/wp-json\/wp\/v2\/comments?post=27067"}],"version-history":[{"count":2,"href":"https:\/\/www.granadablogs.com\/pateandoelmundo\/wp-json\/wp\/v2\/posts\/27067\/revisions"}],"predecessor-version":[{"id":27074,"href":"https:\/\/www.granadablogs.com\/pateandoelmundo\/wp-json\/wp\/v2\/posts\/27067\/revisions\/27074"}],"wp:attachment":[{"href":"https:\/\/www.granadablogs.com\/pateandoelmundo\/wp-json\/wp\/v2\/media?parent=27067"}],"wp:term":[{"taxonomy":"category","embeddable":true,"href":"https:\/\/www.granadablogs.com\/pateandoelmundo\/wp-json\/wp\/v2\/categories?post=27067"},{"taxonomy":"post_tag","embeddable":true,"href":"https:\/\/www.granadablogs.com\/pateandoelmundo\/wp-json\/wp\/v2\/tags?post=27067"}],"curies":[{"name":"wp","href":"https:\/\/api.w.org\/{rel}","templated":true}]}}