{"id":27061,"date":"2019-04-25T10:11:16","date_gmt":"2019-04-25T09:11:16","guid":{"rendered":"https:\/\/www.granadablogs.com\/pateandoelmundo\/?p=27061"},"modified":"2019-04-25T10:11:16","modified_gmt":"2019-04-25T09:11:16","slug":"lorca-un-mar-de-suenos","status":"publish","type":"post","link":"https:\/\/www.granadablogs.com\/pateandoelmundo\/lorca-un-mar-de-suenos\/","title":{"rendered":"Lorca, un mar de sue\u00f1os"},"content":{"rendered":"<p>Aunque se lo dije ayer, Enrique G\u00e1mez no es consciente de cu\u00e1nto le agradezco que les diera mi nombre a Marina Heredia y Pedro Chicote hace unos meses, cuando estaban trabajando en una propuesta para el programa de verano \u2018Lorca y Granada en los jardines del Generalife\u2019.<\/p>\n<figure id=\"attachment_27062\" aria-describedby=\"caption-attachment-27062\" style=\"width: 225px\" class=\"wp-caption aligncenter\"><a href=\"https:\/\/www.granadablogs.com\/pateandoelmundo\/lorca-un-mar-de-suenos\/0000-lorca-y-la-pasion-marina-heredia-eva-yerbabuena\/\" rel=\"attachment wp-att-27062\"><img loading=\"lazy\" decoding=\"async\" class=\"size-medium wp-image-27062\" src=\"https:\/\/www.granadablogs.com\/pateandoelmundo\/wp-content\/uploads\/2019\/04\/0000-Lorca-y-la-pasi\u00f3n-Marina-Heredia-Eva-Yerbabuena-225x300.jpg\" alt=\"\" width=\"225\" height=\"300\" srcset=\"https:\/\/www.granadablogs.com\/pateandoelmundo\/wp-content\/uploads\/2019\/04\/0000-Lorca-y-la-pasi\u00f3n-Marina-Heredia-Eva-Yerbabuena-225x300.jpg 225w, https:\/\/www.granadablogs.com\/pateandoelmundo\/wp-content\/uploads\/2019\/04\/0000-Lorca-y-la-pasi\u00f3n-Marina-Heredia-Eva-Yerbabuena-768x1024.jpg 768w, https:\/\/www.granadablogs.com\/pateandoelmundo\/wp-content\/uploads\/2019\/04\/0000-Lorca-y-la-pasi\u00f3n-Marina-Heredia-Eva-Yerbabuena-644x859.jpg 644w, https:\/\/www.granadablogs.com\/pateandoelmundo\/wp-content\/uploads\/2019\/04\/0000-Lorca-y-la-pasi\u00f3n-Marina-Heredia-Eva-Yerbabuena.jpg 1536w\" sizes=\"auto, (max-width: 225px) 100vw, 225px\" \/><\/a><figcaption id=\"caption-attachment-27062\" class=\"wp-caption-text\">Marina Heredia y Eva Yerbabuena, ayer, en la presentaci\u00f3n del proyecto<\/figcaption><\/figure>\n<p>Les confieso que, al principio, estaba dudoso y no sab\u00eda por d\u00f3nde tirar ni c\u00f3mo afrontar la tarea. Se acercaba la Navidad, faltaban poqu\u00edsimos d\u00edas para que finalizara el plazo de entrega del proyecto y me encontraba m\u00e1s perdido que Rivera al terminar el Debate Decisivo, buscando un corrillo donde encajar.<\/p>\n<p>Tras varias charlas, acercamientos y aproximaciones a la portentosa idea de Marina Heredia de darle todo el protagonismo a la mujer, fusionando cuatro obras de Lorca en un mismo montaje; sendas conversaciones con la guionista Rosario Pardo y con el cineasta Jos\u00e9 S\u00e1nchez Montes terminaron de situarme y me permitieron condensar el torrencial sinf\u00edn de ideas de \u2018Lorca y la pasi\u00f3n, un mar de sue\u00f1os\u2019. \u00a0(Toda la informaci\u00f3n, <a href=\"https:\/\/www.juntadeandalucia.es\/cultura\/lorcaygranada\/es\/lorca-y-la-pasi\u00f3n-un-mar-de-sue\u00f1os\" target=\"_blank\" rel=\"noopener\">AQU\u00cd<\/a>)<\/p>\n<p>No le detallo el programa, que mi compa\u00f1ero y amigo Jos\u00e9 Antonio Mu\u00f1oz lo hace a las mil maravillas en las p\u00e1ginas de Cultura del IDEAL que tiene usted en las manos (Leer <a href=\"https:\/\/www.ideal.es\/culturas\/lorca-pasion-gran-20190424140040-nt.html\" target=\"_blank\" rel=\"noopener\">AQU\u00cd<\/a>. Perm\u00edtame, eso s\u00ed, una confidencia: nunca se ha visto antes un Lorca as\u00ed. Estamos ante una ocasi\u00f3n \u00fanica para descubrir a un Lorca in\u00e9dito, nuevo y revolucionario.<\/p>\n<p><a href=\"https:\/\/www.granadablogs.com\/pateandoelmundo\/lorca-un-mar-de-suenos\/000-lorca-y-la-pasion-jesus-lens\/\" rel=\"attachment wp-att-27063\"><img loading=\"lazy\" decoding=\"async\" class=\"aligncenter size-medium wp-image-27063\" src=\"https:\/\/www.granadablogs.com\/pateandoelmundo\/wp-content\/uploads\/2019\/04\/000-Lorca-y-la-pasi\u00f3n-Jes\u00fas-Lens-300x157.jpg\" alt=\"\" width=\"300\" height=\"157\" srcset=\"https:\/\/www.granadablogs.com\/pateandoelmundo\/wp-content\/uploads\/2019\/04\/000-Lorca-y-la-pasi\u00f3n-Jes\u00fas-Lens-300x157.jpg 300w, https:\/\/www.granadablogs.com\/pateandoelmundo\/wp-content\/uploads\/2019\/04\/000-Lorca-y-la-pasi\u00f3n-Jes\u00fas-Lens-768x402.jpg 768w, https:\/\/www.granadablogs.com\/pateandoelmundo\/wp-content\/uploads\/2019\/04\/000-Lorca-y-la-pasi\u00f3n-Jes\u00fas-Lens-644x337.jpg 644w\" sizes=\"auto, (max-width: 300px) 100vw, 300px\" \/><\/a><\/p>\n<p>Ayer, viendo la sonrisa franca, abierta y generosa de Laura Garc\u00eda Lorca durante la presentaci\u00f3n del programa, lo tuve claro: va a ser algo alucinante.<\/p>\n<p>Es prodigiosa la forma en que Marina Heredia y Rosario Pardo han engarzado los personajes de la Julieta de \u2018El p\u00fablico\u2019 y su amor rom\u00e1ntico con la ardiente Poncia de \u2018La Casa de Bernarda Alba\u2019; el amor maternal de \u2018As\u00ed que pasen cinco a\u00f1os\u2019 con el amor ideol\u00f3gico y a la libertad de Mariana Pineda.<\/p>\n<p><a href=\"https:\/\/www.granadablogs.com\/pateandoelmundo\/lorca-un-mar-de-suenos\/0000-lorca-amor\/\" rel=\"attachment wp-att-27064\"><img loading=\"lazy\" decoding=\"async\" class=\"aligncenter size-medium wp-image-27064\" src=\"https:\/\/www.granadablogs.com\/pateandoelmundo\/wp-content\/uploads\/2019\/04\/0000-Lorca-amor-225x300.jpg\" alt=\"\" width=\"225\" height=\"300\" srcset=\"https:\/\/www.granadablogs.com\/pateandoelmundo\/wp-content\/uploads\/2019\/04\/0000-Lorca-amor-225x300.jpg 225w, https:\/\/www.granadablogs.com\/pateandoelmundo\/wp-content\/uploads\/2019\/04\/0000-Lorca-amor-768x1024.jpg 768w, https:\/\/www.granadablogs.com\/pateandoelmundo\/wp-content\/uploads\/2019\/04\/0000-Lorca-amor-644x859.jpg 644w, https:\/\/www.granadablogs.com\/pateandoelmundo\/wp-content\/uploads\/2019\/04\/0000-Lorca-amor.jpg 1536w\" sizes=\"auto, (max-width: 225px) 100vw, 225px\" \/><\/a><\/p>\n<p>Estoy loco por ver sobre el escenario la plasmaci\u00f3n visual, esc\u00e9nica y musical del flujo de creatividad que est\u00e1 siendo la preparaci\u00f3n de \u2018Lorca y la pasi\u00f3n, un mar de sue\u00f1os\u2019, tal y como cuentan unos exultantes Eva \u2018Yerbabuena\u2019 y Jos\u00e9 S\u00e1nchez Montes.<\/p>\n<p>Dos consejos: saquen sus entradas cuanto antes. Volar\u00e1n. Y, por favor, aprovechen para leer las cuatro obras lorquianas citadas, de aqu\u00ed a verano.<\/p>\n<p>Jes\u00fas Lens<\/p>\n<p><a href=\"https:\/\/twitter.com\/Jesus_Lens\" target=\"_blank\" rel=\"attachment noopener wp-att-26852\"><img loading=\"lazy\" decoding=\"async\" class=\"size-full wp-image-26852 alignleft\" src=\"https:\/\/www.granadablogs.com\/pateandoelmundo\/wp-content\/uploads\/2019\/03\/0Twitter.jpg\" alt=\"\" width=\"196\" height=\"47\" \/><\/a><\/p>\n","protected":false},"excerpt":{"rendered":"<p>Aunque se lo dije ayer, Enrique G\u00e1mez no es consciente de cu\u00e1nto le agradezco que les diera mi nombre a Marina Heredia y Pedro Chicote hace unos meses, cuando estaban trabajando en una propuesta para el programa de verano \u2018Lorca y Granada en los jardines del Generalife\u2019. Les confieso que, al principio, estaba dudoso y [&hellip;]<\/p>\n","protected":false},"author":1,"featured_media":0,"comment_status":"open","ping_status":"open","sticky":false,"template":"","format":"standard","meta":{"jetpack_post_was_ever_published":false,"_jetpack_newsletter_access":"","_jetpack_dont_email_post_to_subs":false,"_jetpack_newsletter_tier_id":0,"_jetpack_memberships_contains_paywalled_content":false,"_jetpack_memberships_contains_paid_content":false,"footnotes":""},"categories":[6],"tags":[17728,17726,17727,17725],"class_list":["post-27061","post","type-post","status-publish","format-standard","hentry","category-opinion","tag-lorca-generalice-2019","tag-lorca-un-mar-de-suenos-lorca-marina-heredia","tag-lorca-verano-2019","tag-lorca-y-la-pasion"],"jetpack_featured_media_url":"","jetpack_sharing_enabled":true,"_links":{"self":[{"href":"https:\/\/www.granadablogs.com\/pateandoelmundo\/wp-json\/wp\/v2\/posts\/27061","targetHints":{"allow":["GET"]}}],"collection":[{"href":"https:\/\/www.granadablogs.com\/pateandoelmundo\/wp-json\/wp\/v2\/posts"}],"about":[{"href":"https:\/\/www.granadablogs.com\/pateandoelmundo\/wp-json\/wp\/v2\/types\/post"}],"author":[{"embeddable":true,"href":"https:\/\/www.granadablogs.com\/pateandoelmundo\/wp-json\/wp\/v2\/users\/1"}],"replies":[{"embeddable":true,"href":"https:\/\/www.granadablogs.com\/pateandoelmundo\/wp-json\/wp\/v2\/comments?post=27061"}],"version-history":[{"count":2,"href":"https:\/\/www.granadablogs.com\/pateandoelmundo\/wp-json\/wp\/v2\/posts\/27061\/revisions"}],"predecessor-version":[{"id":27066,"href":"https:\/\/www.granadablogs.com\/pateandoelmundo\/wp-json\/wp\/v2\/posts\/27061\/revisions\/27066"}],"wp:attachment":[{"href":"https:\/\/www.granadablogs.com\/pateandoelmundo\/wp-json\/wp\/v2\/media?parent=27061"}],"wp:term":[{"taxonomy":"category","embeddable":true,"href":"https:\/\/www.granadablogs.com\/pateandoelmundo\/wp-json\/wp\/v2\/categories?post=27061"},{"taxonomy":"post_tag","embeddable":true,"href":"https:\/\/www.granadablogs.com\/pateandoelmundo\/wp-json\/wp\/v2\/tags?post=27061"}],"curies":[{"name":"wp","href":"https:\/\/api.w.org\/{rel}","templated":true}]}}