{"id":27055,"date":"2019-04-24T18:38:22","date_gmt":"2019-04-24T17:38:22","guid":{"rendered":"https:\/\/www.granadablogs.com\/pateandoelmundo\/?p=27055"},"modified":"2019-04-24T18:38:22","modified_gmt":"2019-04-24T17:38:22","slug":"la-gestion-del-silencio","status":"publish","type":"post","link":"https:\/\/www.granadablogs.com\/pateandoelmundo\/la-gestion-del-silencio\/","title":{"rendered":"La gesti\u00f3n del silencio"},"content":{"rendered":"<p>No hay nada m\u00e1s complicado, en el proceloso mundo de la dial\u00e9ctica, que administrar los silencios. Siempre que doy cursos y charlas sobre comunicaci\u00f3n, se lo advierto al alumnado, poniendo como ejemplo al aut\u00e9ntico maestro en eso de quedarse callado: Jes\u00fas Quintero.<\/p>\n<p><a href=\"https:\/\/www.granadablogs.com\/pateandoelmundo\/la-gestion-del-silencio\/00-silencio-jesus-quintero\/\" rel=\"attachment wp-att-27056\"><img loading=\"lazy\" decoding=\"async\" class=\"aligncenter size-medium wp-image-27056\" src=\"https:\/\/www.granadablogs.com\/pateandoelmundo\/wp-content\/uploads\/2019\/04\/00-Silencio-Jes\u00fas-Quintero-300x225.jpg\" alt=\"\" width=\"300\" height=\"225\" srcset=\"https:\/\/www.granadablogs.com\/pateandoelmundo\/wp-content\/uploads\/2019\/04\/00-Silencio-Jes\u00fas-Quintero-300x225.jpg 300w, https:\/\/www.granadablogs.com\/pateandoelmundo\/wp-content\/uploads\/2019\/04\/00-Silencio-Jes\u00fas-Quintero.jpg 480w\" sizes=\"auto, (max-width: 300px) 100vw, 300px\" \/><\/a><\/p>\n<p>El Loco de la Colina le sacaba m\u00e1s verdades a sus interlocutores callando que fri\u00e9ndoles a preguntas. \u00bfSe acuerdan de aquellos hondos silencios, en los que parec\u00eda que el tiempo se deten\u00eda y el entrevistado, sin saber qu\u00e9 hacer, acababa diciendo en alta voz lo que jam\u00e1s hubiera sospechado que iba a confesar?<\/p>\n<p>No nos llevamos bien con el silencio. No estamos acostumbrados a \u00e9l. Vivimos en una sociedad eminentemente estruendosa. \u00a1Qu\u00e9 les pregunten a los cada vez m\u00e1s escasos vecinos de la Plaza del Carmen, hartos del ruido imperante en los aleda\u00f1os del Ayuntamiento!<\/p>\n<p><a href=\"https:\/\/www.granadablogs.com\/pateandoelmundo\/la-gestion-del-silencio\/00gestion-del-silencio\/\" rel=\"attachment wp-att-27057\"><img loading=\"lazy\" decoding=\"async\" class=\"aligncenter size-medium wp-image-27057\" src=\"https:\/\/www.granadablogs.com\/pateandoelmundo\/wp-content\/uploads\/2019\/04\/00Gesti\u00f3n-del-silencio-300x158.jpg\" alt=\"\" width=\"300\" height=\"158\" srcset=\"https:\/\/www.granadablogs.com\/pateandoelmundo\/wp-content\/uploads\/2019\/04\/00Gesti\u00f3n-del-silencio-300x158.jpg 300w, https:\/\/www.granadablogs.com\/pateandoelmundo\/wp-content\/uploads\/2019\/04\/00Gesti\u00f3n-del-silencio-768x405.jpg 768w, https:\/\/www.granadablogs.com\/pateandoelmundo\/wp-content\/uploads\/2019\/04\/00Gesti\u00f3n-del-silencio-644x339.jpg 644w, https:\/\/www.granadablogs.com\/pateandoelmundo\/wp-content\/uploads\/2019\/04\/00Gesti\u00f3n-del-silencio.jpg 960w\" sizes=\"auto, (max-width: 300px) 100vw, 300px\" \/><\/a><\/p>\n<p>Aun as\u00ed, el silencio est\u00e1 teniendo mucha presencia en los debates de la campa\u00f1a electoral. Hemos podido escuchar a Cayetana \u00c1lvarez de Toledo apelar a \u00e9l durante una aberrante intervenci\u00f3n en que mezclaba el silencio, las violaciones y el consentimiento.<\/p>\n<p>En el debate del lunes, Rivera se desliz\u00f3 por el filo de la navaja con su afectada y teatrera -que no teatral- apelaci\u00f3n al simon-garfunkeliano sonido del silencio. Al principio, pens\u00e9 que se refer\u00eda a las mujeres, ausentes en este Todos contra Todos y solo visibles en televisi\u00f3n\u2026 mientras pasaban la mopa.<\/p>\n<p>S\u00e1nchez y Casado fueron m\u00e1s prudentes en su gesti\u00f3n del silencio, haciendo bueno el Tractatus de Wittgenstein: \u201cDe lo que no se puede hablar, es mejor callarse\u201d. Interpelados por Rivera e Iglesias por la cuesti\u00f3n de los pactos post-electorales, se hicieron los longuis.<\/p>\n<p><a href=\"https:\/\/www.granadablogs.com\/pateandoelmundo\/la-gestion-del-silencio\/00-wittgenstein\/\" rel=\"attachment wp-att-27058\"><img loading=\"lazy\" decoding=\"async\" class=\"aligncenter size-medium wp-image-27058\" src=\"https:\/\/www.granadablogs.com\/pateandoelmundo\/wp-content\/uploads\/2019\/04\/00-wittgenstein-206x300.jpg\" alt=\"\" width=\"206\" height=\"300\" srcset=\"https:\/\/www.granadablogs.com\/pateandoelmundo\/wp-content\/uploads\/2019\/04\/00-wittgenstein-206x300.jpg 206w, https:\/\/www.granadablogs.com\/pateandoelmundo\/wp-content\/uploads\/2019\/04\/00-wittgenstein-644x939.jpg 644w, https:\/\/www.granadablogs.com\/pateandoelmundo\/wp-content\/uploads\/2019\/04\/00-wittgenstein.jpg 650w\" sizes=\"auto, (max-width: 206px) 100vw, 206px\" \/><\/a><\/p>\n<p>Casado sabe que necesita a la ultraderecha, pero no lo quiere confesar en alta voz. Ni puede comprometerse a hacer presidente a Rivera, llegados a un rocambolesco recuento de sufragios. Por su parte, Pedro neg\u00f3 tres veces a Pablo, como si sigui\u00e9ramos en Semana Santa, no sea que al final haya que centrarse. O algo.<\/p>\n<p>Para silencio estruendoso, el de Casado frente a las 127 iniciativas votadas al alim\u00f3n entre el PP vasco y Bildu y las siniestras manos manchadas de sangre. \u00a1Ah\u00ed s\u00ed se pudo escuchar un largo, espeso y genuino <i>sound of silence<\/i>!<\/p>\n<p>Jes\u00fas Lens<\/p>\n<p><a href=\"https:\/\/twitter.com\/Jesus_Lens\" target=\"_blank\" rel=\"attachment noopener wp-att-26852\"><img loading=\"lazy\" decoding=\"async\" class=\"size-full wp-image-26852 alignleft\" src=\"https:\/\/www.granadablogs.com\/pateandoelmundo\/wp-content\/uploads\/2019\/03\/0Twitter.jpg\" alt=\"\" width=\"196\" height=\"47\" \/><\/a><\/p>\n","protected":false},"excerpt":{"rendered":"<p>No hay nada m\u00e1s complicado, en el proceloso mundo de la dial\u00e9ctica, que administrar los silencios. Siempre que doy cursos y charlas sobre comunicaci\u00f3n, se lo advierto al alumnado, poniendo como ejemplo al aut\u00e9ntico maestro en eso de quedarse callado: Jes\u00fas Quintero. El Loco de la Colina le sacaba m\u00e1s verdades a sus interlocutores callando [&hellip;]<\/p>\n","protected":false},"author":1,"featured_media":0,"comment_status":"open","ping_status":"open","sticky":false,"template":"","format":"standard","meta":{"jetpack_post_was_ever_published":false,"_jetpack_newsletter_access":"","_jetpack_dont_email_post_to_subs":false,"_jetpack_newsletter_tier_id":0,"_jetpack_memberships_contains_paywalled_content":false,"_jetpack_memberships_contains_paid_content":false,"footnotes":""},"categories":[6],"tags":[12333,17414,17722,1797,17723,17724],"class_list":["post-27055","post","type-post","status-publish","format-standard","hentry","category-opinion","tag-debates-electorales","tag-elecciones-generales-2019","tag-gestion-del-silencio","tag-silencio","tag-tractatus","tag-wittgenstein"],"jetpack_featured_media_url":"","jetpack_sharing_enabled":true,"_links":{"self":[{"href":"https:\/\/www.granadablogs.com\/pateandoelmundo\/wp-json\/wp\/v2\/posts\/27055","targetHints":{"allow":["GET"]}}],"collection":[{"href":"https:\/\/www.granadablogs.com\/pateandoelmundo\/wp-json\/wp\/v2\/posts"}],"about":[{"href":"https:\/\/www.granadablogs.com\/pateandoelmundo\/wp-json\/wp\/v2\/types\/post"}],"author":[{"embeddable":true,"href":"https:\/\/www.granadablogs.com\/pateandoelmundo\/wp-json\/wp\/v2\/users\/1"}],"replies":[{"embeddable":true,"href":"https:\/\/www.granadablogs.com\/pateandoelmundo\/wp-json\/wp\/v2\/comments?post=27055"}],"version-history":[{"count":2,"href":"https:\/\/www.granadablogs.com\/pateandoelmundo\/wp-json\/wp\/v2\/posts\/27055\/revisions"}],"predecessor-version":[{"id":27060,"href":"https:\/\/www.granadablogs.com\/pateandoelmundo\/wp-json\/wp\/v2\/posts\/27055\/revisions\/27060"}],"wp:attachment":[{"href":"https:\/\/www.granadablogs.com\/pateandoelmundo\/wp-json\/wp\/v2\/media?parent=27055"}],"wp:term":[{"taxonomy":"category","embeddable":true,"href":"https:\/\/www.granadablogs.com\/pateandoelmundo\/wp-json\/wp\/v2\/categories?post=27055"},{"taxonomy":"post_tag","embeddable":true,"href":"https:\/\/www.granadablogs.com\/pateandoelmundo\/wp-json\/wp\/v2\/tags?post=27055"}],"curies":[{"name":"wp","href":"https:\/\/api.w.org\/{rel}","templated":true}]}}