{"id":27044,"date":"2019-04-22T04:55:18","date_gmt":"2019-04-22T03:55:18","guid":{"rendered":"https:\/\/www.granadablogs.com\/pateandoelmundo\/?p=27044"},"modified":"2019-04-21T18:59:06","modified_gmt":"2019-04-21T17:59:06","slug":"a-setas-o-a-saetas","status":"publish","type":"post","link":"https:\/\/www.granadablogs.com\/pateandoelmundo\/a-setas-o-a-saetas\/","title":{"rendered":"\u00bfA setas o a saetas?"},"content":{"rendered":"<p>El chiste es muy antiguo y est\u00e1 m\u00e1s repetido que ciertos pol\u00edticos en las listas electorales para el Ayuntamiento de Granada, pero me viene al pelo de lo que les quiero contar.<\/p>\n<p>Aunque el original est\u00e1 protagonizado por dos vascos, es extensivo a cualquier comunidad, sea foral o auton\u00f3mica. Los protagonistas son Patxi e I\u00f1aki, que han madrugado para salir al monte en busca de setas. Van charlando tan tranquilos mientras se agachan para cortarlas y echarlas en una cesta.<\/p>\n<p>\u2014Oye Patxi, \u00a1qu\u00e9 cantidad de setas! Nos vamos a poner moraos\u2026<\/p>\n<p>\u2014Y tanto que s\u00ed, I\u00f1aki<\/p>\n<p>\u2014\u00a1Ostras Patxi! \u00a1Mira ah\u00ed! \u00a1Un Rolex nuevecito!\u2014 dice I\u00f1aki mientras se agacha a recoger el peluco.<\/p>\n<p>\u2014A ver I\u00f1aki, \u00bfa qu\u00e9 estamos, a Rolex o a setas?\u2014 le espeta Patxi, mir\u00e1ndolo con una expresi\u00f3n entra la superioridad y el desprecio.<\/p>\n<p><a href=\"https:\/\/www.granadablogs.com\/pateandoelmundo\/?attachment_id=27045\" rel=\"attachment wp-att-27045\"><img loading=\"lazy\" decoding=\"async\" class=\"aligncenter size-medium wp-image-27045\" src=\"https:\/\/www.granadablogs.com\/pateandoelmundo\/wp-content\/uploads\/2019\/04\/0-Setas-o-Rolex-300x225.jpg\" alt=\"\" width=\"300\" height=\"225\" srcset=\"https:\/\/www.granadablogs.com\/pateandoelmundo\/wp-content\/uploads\/2019\/04\/0-Setas-o-Rolex-300x225.jpg 300w, https:\/\/www.granadablogs.com\/pateandoelmundo\/wp-content\/uploads\/2019\/04\/0-Setas-o-Rolex-768x576.jpg 768w, https:\/\/www.granadablogs.com\/pateandoelmundo\/wp-content\/uploads\/2019\/04\/0-Setas-o-Rolex-644x483.jpg 644w, https:\/\/www.granadablogs.com\/pateandoelmundo\/wp-content\/uploads\/2019\/04\/0-Setas-o-Rolex.jpg 1024w\" sizes=\"auto, (max-width: 300px) 100vw, 300px\" \/><\/a><\/p>\n<p>Esta Semana Santa hab\u00eda decidido quedarme a setas, en Granada. Me aclar\u00e9 la agenda de estos d\u00edas, algo te\u00f3ricamente no tan complicado, y me dispuse a escribir, largo y tendido. A escribir de esos temas alejados de las urgencias y del d\u00eda a d\u00eda\u2026<\/p>\n<p>\u00bfEl resultado? Manifiestamente mejorable. Por razones diversas no escrib\u00ed todo lo que me hubiera gustado. Y, encima, no vi ninguna procesi\u00f3n. O sea que ni me he hartado de setas, ni he escuchado saetas.<\/p>\n<p>Confieso que no soy muy de procesiones, pero cu\u00e1ndo he visto los Gitanos o el Silencio, he quedado profundamente conmovido. Hay que ser de piedra para que no te impresione algo as\u00ed. Recuerdo otra vez, volviendo a casa, que me cruc\u00e9 con una procesi\u00f3n por San Ant\u00f3n, con toda la iluminaci\u00f3n callejera apagada. Recuerdo la m\u00fasica de las cornetas y los tambores rasgando el oscuro silencio de la noche y sacudi\u00e9ndome como un electroshock.<\/p>\n<p><a href=\"https:\/\/www.granadablogs.com\/pateandoelmundo\/?attachment_id=27046\" rel=\"attachment wp-att-27046\"><img loading=\"lazy\" decoding=\"async\" class=\"aligncenter size-medium wp-image-27046\" src=\"https:\/\/www.granadablogs.com\/pateandoelmundo\/wp-content\/uploads\/2019\/04\/0-Cristo-Silencio-300x185.jpg\" alt=\"\" width=\"300\" height=\"185\" srcset=\"https:\/\/www.granadablogs.com\/pateandoelmundo\/wp-content\/uploads\/2019\/04\/0-Cristo-Silencio-300x185.jpg 300w, https:\/\/www.granadablogs.com\/pateandoelmundo\/wp-content\/uploads\/2019\/04\/0-Cristo-Silencio.jpg 624w\" sizes=\"auto, (max-width: 300px) 100vw, 300px\" \/><\/a><\/p>\n<p>Me he quedado a setas y le he dado la espalda a las saetas. Una tont\u00e1 como otra cualquier, estando en Granada. Qu\u00e9 pena, por cierto, las procesiones que no han podido salir. Todo el que haya estado un a\u00f1o preparando cualquier cosa sabe el dolor y la frustraci\u00f3n que provoca una anulaci\u00f3n de \u00faltima hora.<\/p>\n<figure id=\"attachment_27047\" aria-describedby=\"caption-attachment-27047\" style=\"width: 300px\" class=\"wp-caption aligncenter\"><a href=\"https:\/\/www.granadablogs.com\/pateandoelmundo\/?attachment_id=27047\" rel=\"attachment wp-att-27047\"><img loading=\"lazy\" decoding=\"async\" class=\"size-medium wp-image-27047\" src=\"https:\/\/www.granadablogs.com\/pateandoelmundo\/wp-content\/uploads\/2019\/04\/0-Procesi\u00f3n-Zaid\u00edn-Pepe-Mar\u00edn-300x185.jpg\" alt=\"\" width=\"300\" height=\"185\" srcset=\"https:\/\/www.granadablogs.com\/pateandoelmundo\/wp-content\/uploads\/2019\/04\/0-Procesi\u00f3n-Zaid\u00edn-Pepe-Mar\u00edn-300x185.jpg 300w, https:\/\/www.granadablogs.com\/pateandoelmundo\/wp-content\/uploads\/2019\/04\/0-Procesi\u00f3n-Zaid\u00edn-Pepe-Mar\u00edn.jpg 624w\" sizes=\"auto, (max-width: 300px) 100vw, 300px\" \/><\/a><figcaption id=\"caption-attachment-27047\" class=\"wp-caption-text\">Foto Pepe Mar\u00edn<\/figcaption><\/figure>\n<p>As\u00ed las cosas, ya tengo un prop\u00f3sito para el pr\u00f3ximo a\u00f1o: si me quedo en Granada por setas, tambi\u00e9n saldr\u00e9 a escuchar algunas saetas.<\/p>\n<p>Jes\u00fas Lens<\/p>\n<p><a href=\"https:\/\/twitter.com\/Jesus_Lens\" target=\"_blank\" rel=\"attachment noopener wp-att-26852\"><img loading=\"lazy\" decoding=\"async\" class=\"size-full wp-image-26852 alignleft\" src=\"https:\/\/www.granadablogs.com\/pateandoelmundo\/wp-content\/uploads\/2019\/03\/0Twitter.jpg\" alt=\"\" width=\"196\" height=\"47\" \/><\/a><\/p>\n","protected":false},"excerpt":{"rendered":"<p>El chiste es muy antiguo y est\u00e1 m\u00e1s repetido que ciertos pol\u00edticos en las listas electorales para el Ayuntamiento de Granada, pero me viene al pelo de lo que les quiero contar. Aunque el original est\u00e1 protagonizado por dos vascos, es extensivo a cualquier comunidad, sea foral o auton\u00f3mica. Los protagonistas son Patxi e I\u00f1aki, [&hellip;]<\/p>\n","protected":false},"author":1,"featured_media":0,"comment_status":"open","ping_status":"open","sticky":false,"template":"","format":"standard","meta":{"jetpack_post_was_ever_published":false,"_jetpack_newsletter_access":"","_jetpack_dont_email_post_to_subs":false,"_jetpack_newsletter_tier_id":0,"_jetpack_memberships_contains_paywalled_content":false,"_jetpack_memberships_contains_paid_content":false,"footnotes":""},"categories":[6],"tags":[17714,17715,17717,17716,17713,17711,17710,17712],"class_list":["post-27044","post","type-post","status-publish","format-standard","hentry","category-opinion","tag-cristo-de-los-gitanos","tag-cristo-del-silencio","tag-cristo-salesianos","tag-escribir-mas","tag-procesiones-suspendidas","tag-rolex-o-setas","tag-setas-o-rolex","tag-setas-o-saetas"],"jetpack_featured_media_url":"","jetpack_sharing_enabled":true,"_links":{"self":[{"href":"https:\/\/www.granadablogs.com\/pateandoelmundo\/wp-json\/wp\/v2\/posts\/27044","targetHints":{"allow":["GET"]}}],"collection":[{"href":"https:\/\/www.granadablogs.com\/pateandoelmundo\/wp-json\/wp\/v2\/posts"}],"about":[{"href":"https:\/\/www.granadablogs.com\/pateandoelmundo\/wp-json\/wp\/v2\/types\/post"}],"author":[{"embeddable":true,"href":"https:\/\/www.granadablogs.com\/pateandoelmundo\/wp-json\/wp\/v2\/users\/1"}],"replies":[{"embeddable":true,"href":"https:\/\/www.granadablogs.com\/pateandoelmundo\/wp-json\/wp\/v2\/comments?post=27044"}],"version-history":[{"count":1,"href":"https:\/\/www.granadablogs.com\/pateandoelmundo\/wp-json\/wp\/v2\/posts\/27044\/revisions"}],"predecessor-version":[{"id":27048,"href":"https:\/\/www.granadablogs.com\/pateandoelmundo\/wp-json\/wp\/v2\/posts\/27044\/revisions\/27048"}],"wp:attachment":[{"href":"https:\/\/www.granadablogs.com\/pateandoelmundo\/wp-json\/wp\/v2\/media?parent=27044"}],"wp:term":[{"taxonomy":"category","embeddable":true,"href":"https:\/\/www.granadablogs.com\/pateandoelmundo\/wp-json\/wp\/v2\/categories?post=27044"},{"taxonomy":"post_tag","embeddable":true,"href":"https:\/\/www.granadablogs.com\/pateandoelmundo\/wp-json\/wp\/v2\/tags?post=27044"}],"curies":[{"name":"wp","href":"https:\/\/api.w.org\/{rel}","templated":true}]}}