{"id":27038,"date":"2019-04-21T18:47:42","date_gmt":"2019-04-21T17:47:42","guid":{"rendered":"https:\/\/www.granadablogs.com\/pateandoelmundo\/?p=27038"},"modified":"2019-04-21T18:47:42","modified_gmt":"2019-04-21T17:47:42","slug":"voto-util-vs-voto-futil","status":"publish","type":"post","link":"https:\/\/www.granadablogs.com\/pateandoelmundo\/voto-util-vs-voto-futil\/","title":{"rendered":"Voto \u00fatil vs. Voto f\u00fatil"},"content":{"rendered":"<p>A la espera de analizar en profundidad los datos de la encuesta sobre intenci\u00f3n de voto en las elecciones del pr\u00f3ximo domingo que publica hoy IDEAL, me asaltan varias dudas motivadas por c\u00f3mo se ha planteado la campa\u00f1a electoral, de acuerdo con el tenso clima pol\u00edtico que nos ha tocado vivir.<\/p>\n<p><a href=\"https:\/\/www.granadablogs.com\/pateandoelmundo\/voto-util-vs-voto-futil\/00-encuesta-ideal-elecciones-28a\/\" rel=\"attachment wp-att-27039\"><img loading=\"lazy\" decoding=\"async\" class=\"aligncenter size-medium wp-image-27039\" src=\"https:\/\/www.granadablogs.com\/pateandoelmundo\/wp-content\/uploads\/2019\/04\/00-Encuesta-IDEAL-elecciones-28A--300x185.png\" alt=\"\" width=\"300\" height=\"185\" srcset=\"https:\/\/www.granadablogs.com\/pateandoelmundo\/wp-content\/uploads\/2019\/04\/00-Encuesta-IDEAL-elecciones-28A--300x185.png 300w, https:\/\/www.granadablogs.com\/pateandoelmundo\/wp-content\/uploads\/2019\/04\/00-Encuesta-IDEAL-elecciones-28A-.png 624w\" sizes=\"auto, (max-width: 300px) 100vw, 300px\" \/><\/a><\/p>\n<p>Nunca imagin\u00e9 que la pol\u00edtica espa\u00f1ola pudiera derivar en el frentismo al que se ha visto abocada esta campa\u00f1a, hasta el punto de que la mayor\u00eda de mensajes est\u00e1n dirigidos contra el otro, m\u00e1s que al planteamiento de un programa electoral propio, cre\u00edble e ilusionante para la gente.<\/p>\n<p>\u00bfCu\u00e1nta gente va a votar contra algo o contra alguien, m\u00e1s que a favor de un conjunto de propuestas constructivas y de futuro? \u00cdtem m\u00e1s: \u00bfcu\u00e1nta gente est\u00e1 dispuesta a introducir su sufragio en la urna pensando \u00edntimamente que cuanto peor, mejor? De ah\u00ed la doble apelaci\u00f3n de los pol\u00edticos en campa\u00f1a a luchar contra la abstenci\u00f3n y a favor del voto \u00fatil.<\/p>\n<p>La batalla por la participaci\u00f3n electoral va bien encauzada. Gente que se abstuvo consciente y activamente en las andaluzas va a comparecer en las urnas. El misterio es a qui\u00e9n votar\u00e1.<\/p>\n<figure id=\"attachment_27040\" aria-describedby=\"caption-attachment-27040\" style=\"width: 300px\" class=\"wp-caption aligncenter\"><a href=\"https:\/\/www.granadablogs.com\/pateandoelmundo\/voto-util-vs-voto-futil\/00-votar-tapandose-la-nariz\/\" rel=\"attachment wp-att-27040\"><img loading=\"lazy\" decoding=\"async\" class=\"size-medium wp-image-27040\" src=\"https:\/\/www.granadablogs.com\/pateandoelmundo\/wp-content\/uploads\/2019\/04\/00-Votar-tap\u00e1ndose-la-nariz-300x209.jpg\" alt=\"\" width=\"300\" height=\"209\" srcset=\"https:\/\/www.granadablogs.com\/pateandoelmundo\/wp-content\/uploads\/2019\/04\/00-Votar-tap\u00e1ndose-la-nariz-300x209.jpg 300w, https:\/\/www.granadablogs.com\/pateandoelmundo\/wp-content\/uploads\/2019\/04\/00-Votar-tap\u00e1ndose-la-nariz.jpg 512w\" sizes=\"auto, (max-width: 300px) 100vw, 300px\" \/><\/a><figcaption id=\"caption-attachment-27040\" class=\"wp-caption-text\">Forges lo ten\u00eda claro. Llegado el caso&#8230;<\/figcaption><\/figure>\n<p>Voto \u00fatil, dicen. Votar a X para evitar una disgregaci\u00f3n de sufragios que beneficiar\u00eda a Y. Votar a Z para que a W no le alcance a formar gobierno. Y en medio de todo este ruido medi\u00e1tico, con el desprop\u00f3sito del debate sobre los debates de fondo; la duda met\u00f3dica: \u00bfy por qu\u00e9 no votar a F?<\/p>\n<p>F, en esta hip\u00f3tesis, es el voto f\u00fatil. El voto in\u00fatil, desde la perspectiva de las posibilidades de gobierno. Para unos, es un voto rom\u00e1ntico, apoyar opciones con nulas posibilidades de aupar a un congresista o a un senador a su esca\u00f1o. Un ejercicio de compromiso y coherencia. Para otros, es tirar el voto a la basura, literalmente hablando.<\/p>\n<p>Dicen, tambi\u00e9n, que son las elecciones m\u00e1s importantes de nuestra historia democr\u00e1tica. Que es necesario posicionarse. Que no valen titubeos ni medias tintas.<\/p>\n<p><a href=\"https:\/\/www.granadablogs.com\/pateandoelmundo\/voto-util-vs-voto-futil\/00-campana-a-garrotazos\/\" rel=\"attachment wp-att-27041\"><img loading=\"lazy\" decoding=\"async\" class=\"aligncenter size-medium wp-image-27041\" src=\"https:\/\/www.granadablogs.com\/pateandoelmundo\/wp-content\/uploads\/2019\/04\/00-Campa\u00f1a-a-garrotazos-300x169.jpg\" alt=\"\" width=\"300\" height=\"169\" srcset=\"https:\/\/www.granadablogs.com\/pateandoelmundo\/wp-content\/uploads\/2019\/04\/00-Campa\u00f1a-a-garrotazos-300x169.jpg 300w, https:\/\/www.granadablogs.com\/pateandoelmundo\/wp-content\/uploads\/2019\/04\/00-Campa\u00f1a-a-garrotazos-768x432.jpg 768w, https:\/\/www.granadablogs.com\/pateandoelmundo\/wp-content\/uploads\/2019\/04\/00-Campa\u00f1a-a-garrotazos-644x363.jpg 644w, https:\/\/www.granadablogs.com\/pateandoelmundo\/wp-content\/uploads\/2019\/04\/00-Campa\u00f1a-a-garrotazos.jpg 1600w\" sizes=\"auto, (max-width: 300px) 100vw, 300px\" \/><\/a><\/p>\n<p>Es cierto que vivimos bajo la amenaza de una regresi\u00f3n en derechos y libertades, en conquistas sociales; pero agobia tanta presi\u00f3n, tanta exigencia. Agobia hasta el punto de confundir el voto \u00fatil con el voto f\u00fatil.<\/p>\n<p>Jes\u00fas Lens<\/p>\n<p><a href=\"https:\/\/twitter.com\/Jesus_Lens\" target=\"_blank\" rel=\"attachment noopener wp-att-26852\"><img loading=\"lazy\" decoding=\"async\" class=\"size-full wp-image-26852 alignleft\" src=\"https:\/\/www.granadablogs.com\/pateandoelmundo\/wp-content\/uploads\/2019\/03\/0Twitter.jpg\" alt=\"\" width=\"196\" height=\"47\" \/><\/a><\/p>\n","protected":false},"excerpt":{"rendered":"<p>A la espera de analizar en profundidad los datos de la encuesta sobre intenci\u00f3n de voto en las elecciones del pr\u00f3ximo domingo que publica hoy IDEAL, me asaltan varias dudas motivadas por c\u00f3mo se ha planteado la campa\u00f1a electoral, de acuerdo con el tenso clima pol\u00edtico que nos ha tocado vivir. Nunca imagin\u00e9 que la [&hellip;]<\/p>\n","protected":false},"author":1,"featured_media":0,"comment_status":"open","ping_status":"open","sticky":false,"template":"","format":"standard","meta":{"jetpack_post_was_ever_published":false,"_jetpack_newsletter_access":"","_jetpack_dont_email_post_to_subs":false,"_jetpack_newsletter_tier_id":0,"_jetpack_memberships_contains_paywalled_content":false,"_jetpack_memberships_contains_paid_content":false,"footnotes":""},"categories":[6],"tags":[17708,17707,17709,17706,17705,17704],"class_list":["post-27038","post","type-post","status-publish","format-standard","hentry","category-opinion","tag-duelo-a-garrotazos","tag-espana-frentista","tag-votar-contra-los-otros","tag-votar-tapandose-la-nariz","tag-voto-futil","tag-voto-util"],"jetpack_featured_media_url":"","jetpack_sharing_enabled":true,"_links":{"self":[{"href":"https:\/\/www.granadablogs.com\/pateandoelmundo\/wp-json\/wp\/v2\/posts\/27038","targetHints":{"allow":["GET"]}}],"collection":[{"href":"https:\/\/www.granadablogs.com\/pateandoelmundo\/wp-json\/wp\/v2\/posts"}],"about":[{"href":"https:\/\/www.granadablogs.com\/pateandoelmundo\/wp-json\/wp\/v2\/types\/post"}],"author":[{"embeddable":true,"href":"https:\/\/www.granadablogs.com\/pateandoelmundo\/wp-json\/wp\/v2\/users\/1"}],"replies":[{"embeddable":true,"href":"https:\/\/www.granadablogs.com\/pateandoelmundo\/wp-json\/wp\/v2\/comments?post=27038"}],"version-history":[{"count":2,"href":"https:\/\/www.granadablogs.com\/pateandoelmundo\/wp-json\/wp\/v2\/posts\/27038\/revisions"}],"predecessor-version":[{"id":27043,"href":"https:\/\/www.granadablogs.com\/pateandoelmundo\/wp-json\/wp\/v2\/posts\/27038\/revisions\/27043"}],"wp:attachment":[{"href":"https:\/\/www.granadablogs.com\/pateandoelmundo\/wp-json\/wp\/v2\/media?parent=27038"}],"wp:term":[{"taxonomy":"category","embeddable":true,"href":"https:\/\/www.granadablogs.com\/pateandoelmundo\/wp-json\/wp\/v2\/categories?post=27038"},{"taxonomy":"post_tag","embeddable":true,"href":"https:\/\/www.granadablogs.com\/pateandoelmundo\/wp-json\/wp\/v2\/tags?post=27038"}],"curies":[{"name":"wp","href":"https:\/\/api.w.org\/{rel}","templated":true}]}}