{"id":27032,"date":"2019-04-18T20:07:39","date_gmt":"2019-04-18T19:07:39","guid":{"rendered":"https:\/\/www.granadablogs.com\/pateandoelmundo\/?p=27032"},"modified":"2019-04-19T20:11:58","modified_gmt":"2019-04-19T19:11:58","slug":"la-cultura-erratica-de-la-junta","status":"publish","type":"post","link":"https:\/\/www.granadablogs.com\/pateandoelmundo\/la-cultura-erratica-de-la-junta\/","title":{"rendered":"La cultura err\u00e1tica de la Junta"},"content":{"rendered":"<p>Puede ser un efecto secundario de la inhalaci\u00f3n masiva de incienso o del aturdimiento provocado por el ruido de cornetas y tambores, pero ahora mismo no soy capaz de averiguar el punto en que se encuentran las relaciones entre la consejer\u00eda de Cultura de la Junta de Andaluc\u00eda, la OCG y el festival Cines del Sur.<\/p>\n<p><a href=\"https:\/\/www.granadablogs.com\/pateandoelmundo\/la-cultura-erratica-de-la-junta\/0000-ocg-lazos-rojos\/\" rel=\"attachment wp-att-27033\"><img loading=\"lazy\" decoding=\"async\" class=\"aligncenter size-medium wp-image-27033\" src=\"https:\/\/www.granadablogs.com\/pateandoelmundo\/wp-content\/uploads\/2019\/04\/0000-OCG-Lazos-rojos-300x174.jpg\" alt=\"\" width=\"300\" height=\"174\" srcset=\"https:\/\/www.granadablogs.com\/pateandoelmundo\/wp-content\/uploads\/2019\/04\/0000-OCG-Lazos-rojos-300x174.jpg 300w, https:\/\/www.granadablogs.com\/pateandoelmundo\/wp-content\/uploads\/2019\/04\/0000-OCG-Lazos-rojos.jpg 313w\" sizes=\"auto, (max-width: 300px) 100vw, 300px\" \/><\/a><\/p>\n<p>Primero, una pregunta, \u00bfde qui\u00e9n fue la brillante idea de fusionar las delegaciones de Fomento y Cultura, en aras de a saber qu\u00e9 ahorro u optimizaci\u00f3n de recursos? Guillermo Quero llevaba Cultura, Turismo y Deportes. Que ya es llevar, pero que pod\u00eda tener un cierto sentido org\u00e1nico. Ahora bien: \u00bfCultura y Fomento?<\/p>\n<p>Para ser exactos, a Antonio Granados le ha tocado en prenda gestionar Fomento, Vivienda, Ordenaci\u00f3n del Territorio y Cultura, nada menos. Como si a un costalero le encomiendan llevar sobre un hombro al Cristo de los Gitanos y, sobre el otro, a la Virgen de las Angustias.<\/p>\n<p>Es normal, por tanto, que ante los conflictos abiertos en torno a la Orquesta Ciudad de Granada y a Cines del Sur, no haya una postura clara sobre qu\u00e9 ocurre, por qu\u00e9 y qu\u00e9 soluciones son posibles.<\/p>\n<figure id=\"attachment_27034\" aria-describedby=\"caption-attachment-27034\" style=\"width: 212px\" class=\"wp-caption aligncenter\"><a href=\"https:\/\/www.granadablogs.com\/pateandoelmundo\/la-cultura-erratica-de-la-junta\/000-cines-del-sur\/\" rel=\"attachment wp-att-27034\"><img loading=\"lazy\" decoding=\"async\" class=\"size-medium wp-image-27034\" src=\"https:\/\/www.granadablogs.com\/pateandoelmundo\/wp-content\/uploads\/2019\/04\/000-Cines-del-Sur-212x300.jpg\" alt=\"\" width=\"212\" height=\"300\" srcset=\"https:\/\/www.granadablogs.com\/pateandoelmundo\/wp-content\/uploads\/2019\/04\/000-Cines-del-Sur-212x300.jpg 212w, https:\/\/www.granadablogs.com\/pateandoelmundo\/wp-content\/uploads\/2019\/04\/000-Cines-del-Sur.jpg 479w\" sizes=\"auto, (max-width: 212px) 100vw, 212px\" \/><\/a><figcaption id=\"caption-attachment-27034\" class=\"wp-caption-text\">\u00bfSer\u00e1 este el \u00faltimo cartel de Cines del Sur?<\/figcaption><\/figure>\n<p>\u00bfPor qu\u00e9 vuelve a cuestionarse Cines del Sur? \u00bfEs una circunstancia meramente econ\u00f3mica o hay algo m\u00e1s? He escrito tantas veces sobre las bondades de un festival que nos permite asomarnos a las cinematograf\u00edas de otros continentes, de pa\u00edses diferentes a los habituales, que me siendo instalado en el D\u00eda de la Marmota, en un <i>deja vu<\/i> constante.<\/p>\n<p>Analicemos territorialmente la cuesti\u00f3n cin\u00e9filo-festivalera en Andaluc\u00eda: Festival de Cine Europeo de Sevilla, Iberoamericano de Huelva, Africano de Tarifa, Espa\u00f1ol de M\u00e1laga\u2026 \u00bfy se cuestiona, otra vez, Cines del Sur en Granada? No entiendo nada.<\/p>\n<p>PP y Cs deben recordar que la Cultura, en Granada, es un recurso econ\u00f3mico de primer orden y una fuente de ingresos para la sociedad en su conjunto. Que nuestro PIB se apoya, adem\u00e1s de en el turismo y en el ladrillo, en la industria cultural.<\/p>\n<p><a href=\"https:\/\/www.granadablogs.com\/pateandoelmundo\/la-cultura-erratica-de-la-junta\/000-cines-del-sur-inauguracion\/\" rel=\"attachment wp-att-27035\"><img loading=\"lazy\" decoding=\"async\" class=\"aligncenter size-medium wp-image-27035\" src=\"https:\/\/www.granadablogs.com\/pateandoelmundo\/wp-content\/uploads\/2019\/04\/000-Cines-del-Sur-inauguraci\u00f3n-300x169.jpg\" alt=\"\" width=\"300\" height=\"169\" srcset=\"https:\/\/www.granadablogs.com\/pateandoelmundo\/wp-content\/uploads\/2019\/04\/000-Cines-del-Sur-inauguraci\u00f3n-300x169.jpg 300w, https:\/\/www.granadablogs.com\/pateandoelmundo\/wp-content\/uploads\/2019\/04\/000-Cines-del-Sur-inauguraci\u00f3n-644x362.jpg 644w, https:\/\/www.granadablogs.com\/pateandoelmundo\/wp-content\/uploads\/2019\/04\/000-Cines-del-Sur-inauguraci\u00f3n.jpg 667w\" sizes=\"auto, (max-width: 300px) 100vw, 300px\" \/><\/a><\/p>\n<p>Hace falta que la Consejer\u00eda de Cultura de la Junta de Andaluc\u00eda demuestre que Granada le importa. De momento y en estos meses, su pol\u00edtica est\u00e1 siendo confusa, err\u00e1tica, poco clara y en absoluto convincente.<\/p>\n<p>Jes\u00fas Lens<\/p>\n<p><a href=\"https:\/\/twitter.com\/Jesus_Lens\" target=\"_blank\" rel=\"attachment noopener wp-att-26852\"><img loading=\"lazy\" decoding=\"async\" class=\"size-full wp-image-26852 alignleft\" src=\"https:\/\/www.granadablogs.com\/pateandoelmundo\/wp-content\/uploads\/2019\/03\/0Twitter.jpg\" alt=\"\" width=\"196\" height=\"47\" \/><\/a><\/p>\n","protected":false},"excerpt":{"rendered":"<p>Puede ser un efecto secundario de la inhalaci\u00f3n masiva de incienso o del aturdimiento provocado por el ruido de cornetas y tambores, pero ahora mismo no soy capaz de averiguar el punto en que se encuentran las relaciones entre la consejer\u00eda de Cultura de la Junta de Andaluc\u00eda, la OCG y el festival Cines del [&hellip;]<\/p>\n","protected":false},"author":1,"featured_media":0,"comment_status":"open","ping_status":"open","sticky":false,"template":"","format":"standard","meta":{"jetpack_post_was_ever_published":false,"_jetpack_newsletter_access":"","_jetpack_dont_email_post_to_subs":false,"_jetpack_newsletter_tier_id":0,"_jetpack_memberships_contains_paywalled_content":false,"_jetpack_memberships_contains_paid_content":false,"footnotes":""},"categories":[10,17,6],"tags":[17703,934,17702,17699,4859,17700,17701],"class_list":["post-27032","post","type-post","status-publish","format-standard","hentry","category-cine","category-musica","category-opinion","tag-cancelan-cines-del-sur","tag-cines-del-sur","tag-cines-del-sur-final","tag-cultura-junta-andalucia","tag-jose-sanchez-montes","tag-ocg","tag-ocg-lazos-rojos"],"jetpack_featured_media_url":"","jetpack_sharing_enabled":true,"_links":{"self":[{"href":"https:\/\/www.granadablogs.com\/pateandoelmundo\/wp-json\/wp\/v2\/posts\/27032","targetHints":{"allow":["GET"]}}],"collection":[{"href":"https:\/\/www.granadablogs.com\/pateandoelmundo\/wp-json\/wp\/v2\/posts"}],"about":[{"href":"https:\/\/www.granadablogs.com\/pateandoelmundo\/wp-json\/wp\/v2\/types\/post"}],"author":[{"embeddable":true,"href":"https:\/\/www.granadablogs.com\/pateandoelmundo\/wp-json\/wp\/v2\/users\/1"}],"replies":[{"embeddable":true,"href":"https:\/\/www.granadablogs.com\/pateandoelmundo\/wp-json\/wp\/v2\/comments?post=27032"}],"version-history":[{"count":2,"href":"https:\/\/www.granadablogs.com\/pateandoelmundo\/wp-json\/wp\/v2\/posts\/27032\/revisions"}],"predecessor-version":[{"id":27037,"href":"https:\/\/www.granadablogs.com\/pateandoelmundo\/wp-json\/wp\/v2\/posts\/27032\/revisions\/27037"}],"wp:attachment":[{"href":"https:\/\/www.granadablogs.com\/pateandoelmundo\/wp-json\/wp\/v2\/media?parent=27032"}],"wp:term":[{"taxonomy":"category","embeddable":true,"href":"https:\/\/www.granadablogs.com\/pateandoelmundo\/wp-json\/wp\/v2\/categories?post=27032"},{"taxonomy":"post_tag","embeddable":true,"href":"https:\/\/www.granadablogs.com\/pateandoelmundo\/wp-json\/wp\/v2\/tags?post=27032"}],"curies":[{"name":"wp","href":"https:\/\/api.w.org\/{rel}","templated":true}]}}