{"id":27005,"date":"2019-04-16T11:23:15","date_gmt":"2019-04-16T10:23:15","guid":{"rendered":"https:\/\/www.granadablogs.com\/pateandoelmundo\/?p=27005"},"modified":"2019-04-16T11:23:15","modified_gmt":"2019-04-16T10:23:15","slug":"arde-nuestra-senora-de-paris","status":"publish","type":"post","link":"https:\/\/www.granadablogs.com\/pateandoelmundo\/arde-nuestra-senora-de-paris\/","title":{"rendered":"Arde Nuestra Se\u00f1ora de Par\u00eds"},"content":{"rendered":"<p>Lo \u00faltimo que he escuchado antes de desconectar para escribir estas l\u00edneas es que un portavoz de la propia Notre Dame se\u00f1ala que la estructura se encuentra muy da\u00f1ada y que est\u00e1 por ver si la b\u00f3veda aguanta sin venirse abajo, como el ya derrumbado pin\u00e1culo de la gran catedral parisina.<\/p>\n<p><a href=\"https:\/\/www.granadablogs.com\/pateandoelmundo\/arde-nuestra-senora-de-paris\/ardiendo-notre-dame\/\" rel=\"attachment wp-att-27006\"><img loading=\"lazy\" decoding=\"async\" class=\"aligncenter size-medium wp-image-27006\" src=\"https:\/\/www.granadablogs.com\/pateandoelmundo\/wp-content\/uploads\/2019\/04\/Ardiendo-Notre-Dame-300x188.jpg\" alt=\"\" width=\"300\" height=\"188\" srcset=\"https:\/\/www.granadablogs.com\/pateandoelmundo\/wp-content\/uploads\/2019\/04\/Ardiendo-Notre-Dame-300x188.jpg 300w, https:\/\/www.granadablogs.com\/pateandoelmundo\/wp-content\/uploads\/2019\/04\/Ardiendo-Notre-Dame-768x480.jpg 768w, https:\/\/www.granadablogs.com\/pateandoelmundo\/wp-content\/uploads\/2019\/04\/Ardiendo-Notre-Dame-644x403.jpg 644w, https:\/\/www.granadablogs.com\/pateandoelmundo\/wp-content\/uploads\/2019\/04\/Ardiendo-Notre-Dame.jpg 1024w\" sizes=\"auto, (max-width: 300px) 100vw, 300px\" \/><\/a><\/p>\n<p>Al principio de la tarde parec\u00eda algo sin importancia. Una columna de humo y poco m\u00e1s. Despu\u00e9s, daba la sensaci\u00f3n de ser controlable. Y, de repente, el horror de las llamas desbocadas frente a las que el agua de los bomberos no parec\u00eda ejercer efecto alguno.<\/p>\n<p>Un tarde que hab\u00eda arrancado con la publicaci\u00f3n del cartel del Festival del cine de Cannes de este a\u00f1o, parad\u00f3jicamente, de un naranja \u00edgneo y abrasador, casi a modo de premonici\u00f3n. \u00a1La tarde del D\u00eda Internacional del Arte, nada menos!<\/p>\n<p>Repaso las redes sociales y, aunque la mayor parte de la gente muestra su consternaci\u00f3n, empiezan a leerse los primeros arrebatos conspiranoicos, algo inevitable cuando se trata de terribles tragedias como esta.<\/p>\n<p><a href=\"https:\/\/www.granadablogs.com\/pateandoelmundo\/arde-nuestra-senora-de-paris\/arde-notre-dame\/\" rel=\"attachment wp-att-27007\"><img loading=\"lazy\" decoding=\"async\" class=\"aligncenter size-medium wp-image-27007\" src=\"https:\/\/www.granadablogs.com\/pateandoelmundo\/wp-content\/uploads\/2019\/04\/Arde-Notre-Dame-300x169.jpg\" alt=\"\" width=\"300\" height=\"169\" srcset=\"https:\/\/www.granadablogs.com\/pateandoelmundo\/wp-content\/uploads\/2019\/04\/Arde-Notre-Dame-300x169.jpg 300w, https:\/\/www.granadablogs.com\/pateandoelmundo\/wp-content\/uploads\/2019\/04\/Arde-Notre-Dame-768x432.jpg 768w, https:\/\/www.granadablogs.com\/pateandoelmundo\/wp-content\/uploads\/2019\/04\/Arde-Notre-Dame-644x362.jpg 644w, https:\/\/www.granadablogs.com\/pateandoelmundo\/wp-content\/uploads\/2019\/04\/Arde-Notre-Dame.jpg 1500w\" sizes=\"auto, (max-width: 300px) 100vw, 300px\" \/><\/a><\/p>\n<p>Echo cuentas. Ten\u00eda 20 a\u00f1os y fue mi primer viaje al extranjero con mi amigo Jorge. Una Pascua, precisamente. Fue pura casualidad que, al entrar en Notre Dame, ya de noche, un inmenso coro arrancara a cantar, haciendo retumbar los muros del templo. Lo recuerdo como una de las experiencias est\u00e9ticas m\u00e1s conmocionantes de mi vida. Fue entonces cuando comprend\u00ed que monumentos como Notre Dame, la propia m\u00fasica sacra o una procesi\u00f3n de Semana Santa, sin ir m\u00e1s lejos, son fen\u00f3menos culturales que van m\u00e1s all\u00e1 de lo puramente religioso.<\/p>\n<p>Despu\u00e9s volv\u00ed a Notre Dame, ya m\u00e1s mayor. Y sub\u00ed a esa parte alta que ahora se quema, entre las g\u00e1rgolas y los pin\u00e1culos. Era de d\u00eda y me maravill\u00e9 con los juegos de luz de las vidrieras y rosetones, pero no volv\u00ed a sentir el impacto de aquella primera vez. Ahora me resulta inconcebible pensar que, de todo aquello, solo vaya a quedar un recuerdo, imposible de revivir, imposible de recuperar.<\/p>\n<p><a href=\"https:\/\/www.granadablogs.com\/pateandoelmundo\/arde-nuestra-senora-de-paris\/arde-coro-notre-dame\/\" rel=\"attachment wp-att-27009\"><img loading=\"lazy\" decoding=\"async\" class=\"aligncenter size-medium wp-image-27009\" src=\"https:\/\/www.granadablogs.com\/pateandoelmundo\/wp-content\/uploads\/2019\/04\/Arde-Coro-Notre-Dame-300x201.jpg\" alt=\"\" width=\"300\" height=\"201\" srcset=\"https:\/\/www.granadablogs.com\/pateandoelmundo\/wp-content\/uploads\/2019\/04\/Arde-Coro-Notre-Dame-300x201.jpg 300w, https:\/\/www.granadablogs.com\/pateandoelmundo\/wp-content\/uploads\/2019\/04\/Arde-Coro-Notre-Dame.jpg 600w\" sizes=\"auto, (max-width: 300px) 100vw, 300px\" \/><\/a><\/p>\n<p>Arde Notre Dame. Arde Nuestra Se\u00f1ora de Par\u00eds. Arden Cuasimodo y Esmeralda. Arde un patrimonio universal que es nuestro. De todos nosotros. Arde un tesoro de la humanidad que se encuentra m\u00e1s all\u00e1 de banderas, credos y nacionalidades.<\/p>\n<p>Jes\u00fas Lens<\/p>\n<p><a href=\"https:\/\/twitter.com\/Jesus_Lens\" target=\"_blank\" rel=\"attachment noopener wp-att-26852\"><img loading=\"lazy\" decoding=\"async\" class=\"size-full wp-image-26852 alignleft\" src=\"https:\/\/www.granadablogs.com\/pateandoelmundo\/wp-content\/uploads\/2019\/03\/0Twitter.jpg\" alt=\"\" width=\"196\" height=\"47\" \/><\/a><\/p>\n","protected":false},"excerpt":{"rendered":"<p>Lo \u00faltimo que he escuchado antes de desconectar para escribir estas l\u00edneas es que un portavoz de la propia Notre Dame se\u00f1ala que la estructura se encuentra muy da\u00f1ada y que est\u00e1 por ver si la b\u00f3veda aguanta sin venirse abajo, como el ya derrumbado pin\u00e1culo de la gran catedral parisina. Al principio de la [&hellip;]<\/p>\n","protected":false},"author":1,"featured_media":0,"comment_status":"open","ping_status":"open","sticky":false,"template":"","format":"standard","meta":{"jetpack_post_was_ever_published":false,"_jetpack_newsletter_access":"","_jetpack_dont_email_post_to_subs":false,"_jetpack_newsletter_tier_id":0,"_jetpack_memberships_contains_paywalled_content":false,"_jetpack_memberships_contains_paid_content":false,"footnotes":""},"categories":[6],"tags":[17679,17681,17682,17680],"class_list":["post-27005","post","type-post","status-publish","format-standard","hentry","category-opinion","tag-arde-notre-dame","tag-arde-nuestra-senora-de-paris","tag-incendio-notre-dame","tag-notre-dame-arde"],"jetpack_featured_media_url":"","jetpack_sharing_enabled":true,"_links":{"self":[{"href":"https:\/\/www.granadablogs.com\/pateandoelmundo\/wp-json\/wp\/v2\/posts\/27005","targetHints":{"allow":["GET"]}}],"collection":[{"href":"https:\/\/www.granadablogs.com\/pateandoelmundo\/wp-json\/wp\/v2\/posts"}],"about":[{"href":"https:\/\/www.granadablogs.com\/pateandoelmundo\/wp-json\/wp\/v2\/types\/post"}],"author":[{"embeddable":true,"href":"https:\/\/www.granadablogs.com\/pateandoelmundo\/wp-json\/wp\/v2\/users\/1"}],"replies":[{"embeddable":true,"href":"https:\/\/www.granadablogs.com\/pateandoelmundo\/wp-json\/wp\/v2\/comments?post=27005"}],"version-history":[{"count":2,"href":"https:\/\/www.granadablogs.com\/pateandoelmundo\/wp-json\/wp\/v2\/posts\/27005\/revisions"}],"predecessor-version":[{"id":27011,"href":"https:\/\/www.granadablogs.com\/pateandoelmundo\/wp-json\/wp\/v2\/posts\/27005\/revisions\/27011"}],"wp:attachment":[{"href":"https:\/\/www.granadablogs.com\/pateandoelmundo\/wp-json\/wp\/v2\/media?parent=27005"}],"wp:term":[{"taxonomy":"category","embeddable":true,"href":"https:\/\/www.granadablogs.com\/pateandoelmundo\/wp-json\/wp\/v2\/categories?post=27005"},{"taxonomy":"post_tag","embeddable":true,"href":"https:\/\/www.granadablogs.com\/pateandoelmundo\/wp-json\/wp\/v2\/tags?post=27005"}],"curies":[{"name":"wp","href":"https:\/\/api.w.org\/{rel}","templated":true}]}}