{"id":2695,"date":"2009-06-21T07:00:23","date_gmt":"2009-06-21T06:00:23","guid":{"rendered":"http:\/\/www.granadablogs.com\/pateandoelmundo\/?p=2695"},"modified":"2009-06-20T17:21:51","modified_gmt":"2009-06-20T16:21:51","slug":"granada-historia-cultura-y-vida-cotidiana","status":"publish","type":"post","link":"https:\/\/www.granadablogs.com\/pateandoelmundo\/granada-historia-cultura-y-vida-cotidiana\/","title":{"rendered":"GRANADA: HISTORIA, CULTURA Y VIDA COTIDIANA"},"content":{"rendered":"<p>Ahora que llega el verano y Granada se llenar\u00e1 de turistas y visitantes, unas notas que me hizo llegar Gregorio, el Blogrredor, sobre la idiosincrasia de nuestra querida ciudad.<\/p>\n<p>El que avisa&#8230;<\/p>\n<p><strong><span style=\"text-decoration: underline;\">GRANADA: <\/span><\/strong><strong>Tambi\u00e9n conocida la capital mundial del botell\u00f3n, ciudad en la que el 80% de las viviendas est\u00e1n en alquiler y la mayor parte de sus habitantes son universitarios<\/strong><strong>. <\/strong><\/p>\n<div><strong><\/strong><\/div>\n<div><strong>\u00a0<\/strong><\/div>\n<div><strong>\u00a0<\/strong><\/div>\n<p><strong>\u00a0<\/p>\n<p><\/strong><\/p>\n<p><strong><span style=\"text-decoration: underline;\">HISTORIA: <\/span><\/strong><strong>Se dice que hubo una vez en Espa\u00f1a una ciudad de musulmanes llamada Granada. La llamaban as\u00ed por los inmensos campos de esta fruta que exist\u00edan alrededor de esta. <\/strong><\/p>\n<div><strong><\/strong><\/div>\n<div><strong><strong>La ciudad est\u00e1 en obras desde el a\u00f1o 1204 A.C. y se dice que no acabar\u00e1n hasta que sea una ciudad flotante y capaz de dominar el mundo. La Fase de rotondizaci\u00f3n masiva se acabar\u00e1 justito antes de las elecciones de cualquier mayo.<\/strong><\/strong><\/div>\n<div><strong><\/strong><\/div>\n<p><strong><\/p>\n<div><strong><\/strong><\/div>\n<div><strong><span style=\"text-decoration: underline;\">ESPECIE AUT\u00d3CTONA:<\/span> <strong>Grana\u00edno o &#8216;malafoll\u00e1s&#8217;, denominados as\u00ed por su innegable buen car\u00e1cter (especialmente aquellos individuos de cierta edad) y la abundancia de<\/strong><\/strong><\/div>\n<div><strong><\/strong><\/div>\n<p><\/strong><strong><\/p>\n<div><strong>Yonis y Yolis.<\/strong><\/div>\n<div><strong><span style=\"text-decoration: underline;\">ECONOM\u00cdA:<\/span> <strong>El eje econ\u00f3mico granadino se apoya en siete pilares fundamentales:<\/strong><strong><br \/>\n<\/strong><strong>* Un castillo rojo del que cada vez pueden visitarse menos zonas.<\/strong><strong><br \/>\n<\/strong><strong>* Una sierra que nunca tiene nieve natural.<\/strong><strong><br \/>\n<\/strong><strong>* Una universidad plagada de estudiantes extranjeros.<\/strong><strong><br \/>\n<\/strong><strong>* Guiris que se dejan el dinero en las teter\u00edas de la ciudad, que guiris co\u00f1o!<\/strong><strong><br \/>\n<\/strong><strong>* Las obras, con el objetivo de convertir gran\u00e1 en una rotonda gigante, dan trabajo a los que no tiene un piso que alquilar a estudiantes guiris.<\/strong><strong><br \/>\n<\/strong><strong>* La huerta del rasillo\/resillo (existen verdaderas dudas acerca de su nombre).<\/strong><strong><br \/>\n<\/strong><strong>* Geogr\u00e1ficamente ninguno de sus extremos toca con Sevilla.<\/strong><strong><br \/>\n<\/strong><strong>* La forma de la provincia recuerda vagamente a un jam\u00f3n de Trev\u00e9lez.<\/strong><\/strong><\/div>\n<div><strong><\/strong><\/div>\n<p><\/strong><strong><\/p>\n<div><strong><\/strong><\/div>\n<div><strong><strong><span style=\"text-decoration: underline;\">BEBIDA OFICIAL:<\/span><\/strong><strong><span style=\"text-decoration: underline;\"> <\/span><\/strong><strong>La litrona de Alhambra, o en su defecto un botell\u00edn de 1925<\/strong><\/strong><\/div>\n<div><strong><\/strong><\/div>\n<p><\/strong><strong><\/p>\n<div><strong><\/strong><\/div>\n<div><strong><strong><span style=\"text-decoration: underline;\">PLANEAMIENTO URBANO:<\/span><\/strong><strong> El planeamiento urbano granadino est\u00e1 concebido como un puzzle sin soluci\u00f3n dise\u00f1ado por los \u00e1rabes con el fin de hacer enloquecer a los invasores. S\u00f3lo los granadinos aut\u00f3ctonos son capaces de caminar por sus calles sin perderse y sin pegar gritos de desesperaci\u00f3n, siempre que esas calles no se encuentren en el Albayz\u00edn, zona en la que los conceptos &#8216;espacio&#8217;, &#8216;tiempo&#8217; e &#8216;higiene&#8217; carecen de sentido. Seg\u00fan sus habitantes, cualquier punto de la ciudad est\u00e1 a cinco minutos a pie, aunque s\u00f3lo lo haya conseguido Chuck Norris.<\/strong><\/strong><\/div>\n<div><strong><\/strong><\/div>\n<p><\/strong><strong><\/p>\n<div><strong><\/strong><\/div>\n<div><strong>Granada se divide en seis barrios principales:<\/strong><\/div>\n<div><strong><strong><em>1. La Chana<\/em><\/strong><strong>: <\/strong><strong>Barrio que se interpone entre el granadino y las provincias de M\u00e1laga, C\u00f3rdoba y el Imperio de Maracena. Los granadinos acuden a esa zona para viajar a las mencionadas ciudades o por error. Est\u00e1 plagado de Bares de tapas, para comer ya que est\u00e1s ah\u00ed.<\/strong><strong><br \/>\n<\/strong><br \/>\n<strong><em>2. El Zaid\u00edn:<\/em><\/strong><strong> <\/strong><strong>Tambi\u00e9n llamado &#8216;Said\u00edn&#8217; o incluso &#8216;S\u00e1idin&#8217;. Lugar de origen y madriguera de los Canis granadinos, en el que la media de edad se sit\u00faa en los 16 a\u00f1os. Aqu\u00ed no existen los DNI ni las leyes. Se trata de una sociedad independiente, perfectamente jerarquizada en funci\u00f3n del miedo que inspiren los motes de sus habitantes (&#8216;Er Chino&#8217;, &#8216;Er Negro&#8217;, &#8216;Er Y\u00e9remi&#8217;, &#8216;Er Canijo&#8217;) y del ruido que hagan sus motos y de lo tuneadas que se hallen.<\/strong><\/strong><\/div>\n<p><\/strong><strong>\u00a0<\/p>\n<p>\u00a0<\/p>\n<p><\/strong><\/p>\n<p><strong>En un intento genocida por parte del alcalde, se intent\u00f3 dejar sin suministro de alimentos y provisiones a los zaidineros haciendo pasar por mitad de su territorio un &#8216;carril bici&#8217; que part\u00eda el barrio por la mitad, provocando que el instinto agresivo de los zaidineros se acentuase, lo que deriv\u00f3 en una insurrecci\u00f3n sin precedentes. El Centro Comercial Neptuno fue sitiado por mangurrinos armados hasta los dientes de tubos de escape Yasuni, se abrieron peluquer\u00edas, tiendas de ropa surfera, de suplementos para culturistas y pusieron en el cine Blade Trinity.<\/strong><\/p>\n<p><strong>La situaci\u00f3n se hizo insostenible. El incidente se sald\u00f3 con centenares de heridos, veinte motos robadas y tres partos. El Tratado de Paz establec\u00eda la retirada inmediata de los zaidineros del Centro Comercial Neptuno, la abdicaci\u00f3n del alcalde y la retirada del carril bici hasta la zona de los Alminares.<\/strong><strong><br \/>\n<\/strong><strong><br \/>\n<\/strong><strong><em>3. El Centro:<\/em><\/strong><strong> <\/strong><strong>En esta zona se pueden encontrar alba\u00f1iles, farmacias, el t\u00edo del 20 minutos y tiendas de ropa. Con un sistema de vigilancia s\u00f3lo igualado por la prisi\u00f3n de Alcatraz, est\u00e1 completamente trufado con c\u00e1maras de seguridad cuya \u00fanica funci\u00f3n estriba en no invadir el carril bus, bajo sanci\u00f3n de una pasta gansa y cuarenta latigazos en la plaza del Ayuntamiento. Las carreteras que por \u00e9l transitan fueron robadas al aeropuerto por los zaidineros durante la insurrecci\u00f3n del carril bici y por eso es tan peque\u00f1o el aeropuerto y las carreteras tienen tantas luces.<\/strong><\/p>\n<div><strong><\/strong><\/div>\n<div><strong><strong><em>4. El Albayz\u00edn:<\/em><\/strong><strong><em> <\/em><\/strong><strong>Rompecabezas urban\u00edstico imposible de resolver incluso con los m\u00e1s potentes superordenadores. Construido por los \u00e1rabes antes de su expulsi\u00f3n, s\u00f3lo Chuck Norris es capaz de entrar y salir de \u00e9l y entender c\u00f3mo.<\/strong><strong><br \/>\n<\/strong><strong>Sus habitantes s\u00f3lo se alimentan de hach\u00eds, cerveza y de los cad\u00e1veres de los guiris que no consiguen salir<\/strong><\/strong><\/div>\n<div><strong><\/strong><\/div>\n<p><strong><\/p>\n<div><strong>.<\/strong><\/div>\n<div><strong><em>5. El Almanj\u00e1yar:<\/em> <strong>Tambi\u00e9n llamado Pol\u00edgono\/Pol\u00edgamo\/Pol\u00e9gamo\/ElM\u00e1h all\u00e1. Se trata del equivalente a Mordor en Granada.<\/strong><\/strong><\/div>\n<div><strong><\/strong><\/div>\n<p><\/strong><strong><\/p>\n<div><strong><\/strong><\/div>\n<div><strong><\/strong><\/div>\n<div><strong><\/strong><\/div>\n<p><\/strong><strong><\/p>\n<div><strong>Se encuentra situado en la zona Norte de Granada, pasando La Chana, y s\u00f3lo se puede llegar hasta all\u00ed montando en un F-16 y tir\u00e1ndose en paraca\u00eddas, ya que cualquier veh\u00edculo a motor con ruedas que traspase sus fronteras ser\u00e1 confiscado inmediatamente, desguazado y reciclado para construir columpios para la feria o quemado para hacer de calefacci\u00f3n o servir de barricada.<br \/>\nAdem\u00e1s est\u00e1 delimitado por barricadas de neum\u00e1ticos en llamas obtenidos por el rescate de los coches de los incautos que se atreven a entrar. La odisea a pie tampoco es halag\u00fce\u00f1a ya que un ristre de burros y caballos en descomposici\u00f3n ahuyentan a los transe\u00fantes incautos am\u00e9n de la polic\u00eda, que solamente puede entrar con antidisturbios y a las 8 de la ma\u00f1ana cuando todos la est\u00e1n durmiendo.<\/strong><\/div>\n<div><strong>El 95% del terreno de este barrio est\u00e1 formado por el cine Kin\u00e9polis, un 4% por el recinto ferial, que es ferial durante 10 d\u00edas, y el resto del a\u00f1o, las yonquis prestan sus servicios, comandadas por susto, sida y muerte. El 1% restante por viviendas de protecci\u00f3n oficial. Menci\u00f3n especial merece Isengard, unas torres blancas camufladas como VPO, que tienen su color debido a la materia prima que se vende en su interior. Sus habitantes viven en la calle, a cualquier hora del d\u00eda, estaci\u00f3n del a\u00f1o, llueva o nieve, por que el mono puede aparecer a cualquier hora. Nunca duermen y son inspiraci\u00f3n y la evoluci\u00f3n de los zaidineros en un escalaf\u00f3n superior hacia el lado oscuro de la fuerza.<\/strong><\/div>\n<div><strong>El deporte ha sido una constante all\u00ed, por lo que se le llama tambi\u00e9n La Villa Ol\u00edmpica: Se ven muchos ch\u00e1ndales y medallas de oro por <strong>la zona.<\/strong><\/strong><\/div>\n<p><\/strong><strong><\/p>\n<div><strong><\/strong><\/div>\n<div><strong><strong><em>6. Cenes<\/em><\/strong><strong> (de la vega, de mar\u00eda, de la coca (\u00bfcola?), de los audi\u00b4s TT\u00b4s&#8230;): <\/strong><strong>A los pies de la sierra y porque no hab\u00eda un sitio m\u00e1s alejado nace Cenes. Aqu\u00ed puedes conseguir todo lo denominado pirata, desde el digital plus hasta las zapatillas de Fernando Alonso, recordaros que emule (software) fue creado por inform\u00e1ticos de Cenes y que el dvd virgen y el chip de la PS 1, 2, 3 e incluso el de la 4 (hardware) ha sido desarrollado por ciudadanos de amoto de Cenes. La industria comercial consiste b\u00e1sicamente en la recogida oto\u00f1al de las hierbas del a\u00f1o y su posterior empaquetamiento y exportaci\u00f3n de la flor de la risa, tambi\u00e9n vendida en riqu\u00edsimas barritas energ\u00e9ticas muy parecidas al turr\u00f3n, en textura, me refiero. Los &#8216;saidineros&#8217; tambi\u00e9n lo llaman &#8216;senes&#8217;, pues estos individuos son primos hermanos de los ceneros, pero no son tan malos. <\/strong><\/strong><\/div>\n<div><strong>\u00a0<\/strong><\/div>\n<p><\/strong><strong>\u00a0<\/p>\n<p><\/strong><\/p>\n<p><strong>El turismo genera much\u00edsimos beneficios para el pueblo, pues en cenes existe un lema &#8216; todo lo tuyo es nuestro&#8217; y gracias a los olvidos de los no-ceneros de sus pertenencias (que puede que a punta de navaja, pero olvidados al fin y al cabo) sobrevive el denominado cenero mayor en cuya camiseta pone &#8216;si has perdido algo aqu\u00ed, b\u00fascalo en el ebay&#8217;. Para desgracia del ayuntamiento de granada el pueblo se expande hac\u00eda la capital y ya van 10.000 habitantes y es que pronto, Cenes ser\u00e1 un lugar donde nunca se pondr\u00e1 el sol y donde el almanj\u00e1yar y el zaid\u00edn no tienen sitio. Chuck Norris reside aqu\u00ed durante la temporada de ski y hace snowboard sin tabla y ha aprendido a decir: &#8216;esta pat\u00e1 giratoria pa ti, mi polla&#8217;<\/strong><\/p>\n<p><strong><span style=\"text-decoration: underline;\">AEROPUERTO:<\/span><\/strong><strong> <\/strong><strong>La flota a\u00e9rea granadina consta de dos aeronaves:<\/strong><strong><br \/>\n<\/strong><strong>* Una pajarita que hizo el jefe del aeropuerto en un esfuerzo presupuestario.<br \/>\n* Una avioneta para fumigar campos donada por UNICEF.<\/strong><strong><br \/>\n<\/strong><strong><br \/>\n<span style=\"text-decoration: underline;\">IDIOMA:<\/span><\/strong><strong><span style=\"text-decoration: underline;\"> <\/span><\/strong><strong>El grana\u00edno. Con opci\u00f3n del zaidinero seg\u00fan la zona en que se encuentre.<br \/>\n<\/strong><strong><br \/>\n<\/strong><strong><span style=\"text-decoration: underline;\">EXPRESIONES:<\/span><\/strong><strong> <\/strong><strong>En toda buena oraci\u00f3n debe aparecer la palabra estrella del grana\u00edno: &#8216;polla&#8217;, un n\u00famero infinitesimal de veces con sus distintas acepciones:<\/strong><strong><br \/>\n<\/strong><\/p>\n<div><strong>* No se quiere decir lo que se hace: &#8216;\u00bfque haces?&#8217; &#8211; &#8216;nada, el pollas&#8217;.<br \/>\n* Adjetivo despreciativo: &#8216;oye carapolla&#8217;.<br \/>\n* Interjecci\u00f3n que denota molestia o hast\u00edo: &#8216;y la polla er t\u00edo&#8217;, &#8216;\u00bfque pollas haces?&#8217; &#8216;\u00bfque pollas dices?&#8217;<br \/>\n* Como sustituto o complemento de pronombres: &#8216;y este cubata pa mi polla&#8217;.<br \/>\n* Expresi\u00f3n muy dif\u00edcil de clasificar por los ling\u00fcistas pero muy usada es la de &#8216;ni pollas&#8217;: &#8216;yo me via com\u00e9 un boca\u00edllo, ni pollas&#8217;.<br \/>\n* Expresi\u00f3n de enfado: &#8216;Cuidao con la polla&#8217;.<\/strong><\/div>\n<div><strong>Otra expresi\u00f3n estrella es aquella construida a partir de la contracci\u00f3n m\u00e1xima de las palabras:<br \/>\n* La vin pae!: La virgen compadre! &#8211; Utilizada sobre todo por el poligonero que va con su &#8216;amotos&#8217; a tomarse una pizza por 1 euro a media ma\u00f1ana en los seis duros.<\/strong><\/div>\n<div><strong>\u00a0<\/strong><\/div>\n<p><strong>\u00a0<\/p>\n<p><\/strong><\/p>\n","protected":false},"excerpt":{"rendered":"<p>Ahora que llega el verano y Granada se llenar\u00e1 de turistas y visitantes, unas notas que me hizo llegar Gregorio, el Blogrredor, sobre la idiosincrasia de nuestra querida ciudad. El que avisa&#8230; GRANADA: Tambi\u00e9n conocida la capital mundial del botell\u00f3n, ciudad en la que el 80% de las viviendas est\u00e1n en alquiler y la mayor [&hellip;]<\/p>\n","protected":false},"author":1,"featured_media":0,"comment_status":"open","ping_status":"open","sticky":false,"template":"","format":"standard","meta":{"jetpack_post_was_ever_published":false,"_jetpack_newsletter_access":"","_jetpack_dont_email_post_to_subs":false,"_jetpack_newsletter_tier_id":0,"_jetpack_memberships_contains_paywalled_content":false,"_jetpack_memberships_contains_paid_content":false,"footnotes":""},"categories":[24],"tags":[1185,111,1281,32,24],"class_list":["post-2695","post","type-post","status-publish","format-standard","hentry","category-viajes","tag-cultura","tag-granada","tag-historia","tag-humor","tag-viajes"],"jetpack_featured_media_url":"","jetpack_sharing_enabled":true,"_links":{"self":[{"href":"https:\/\/www.granadablogs.com\/pateandoelmundo\/wp-json\/wp\/v2\/posts\/2695","targetHints":{"allow":["GET"]}}],"collection":[{"href":"https:\/\/www.granadablogs.com\/pateandoelmundo\/wp-json\/wp\/v2\/posts"}],"about":[{"href":"https:\/\/www.granadablogs.com\/pateandoelmundo\/wp-json\/wp\/v2\/types\/post"}],"author":[{"embeddable":true,"href":"https:\/\/www.granadablogs.com\/pateandoelmundo\/wp-json\/wp\/v2\/users\/1"}],"replies":[{"embeddable":true,"href":"https:\/\/www.granadablogs.com\/pateandoelmundo\/wp-json\/wp\/v2\/comments?post=2695"}],"version-history":[{"count":4,"href":"https:\/\/www.granadablogs.com\/pateandoelmundo\/wp-json\/wp\/v2\/posts\/2695\/revisions"}],"predecessor-version":[{"id":2771,"href":"https:\/\/www.granadablogs.com\/pateandoelmundo\/wp-json\/wp\/v2\/posts\/2695\/revisions\/2771"}],"wp:attachment":[{"href":"https:\/\/www.granadablogs.com\/pateandoelmundo\/wp-json\/wp\/v2\/media?parent=2695"}],"wp:term":[{"taxonomy":"category","embeddable":true,"href":"https:\/\/www.granadablogs.com\/pateandoelmundo\/wp-json\/wp\/v2\/categories?post=2695"},{"taxonomy":"post_tag","embeddable":true,"href":"https:\/\/www.granadablogs.com\/pateandoelmundo\/wp-json\/wp\/v2\/tags?post=2695"}],"curies":[{"name":"wp","href":"https:\/\/api.w.org\/{rel}","templated":true}]}}