{"id":26861,"date":"2019-03-23T21:29:44","date_gmt":"2019-03-23T20:29:44","guid":{"rendered":"https:\/\/www.granadablogs.com\/pateandoelmundo\/?p=26861"},"modified":"2019-03-24T21:33:21","modified_gmt":"2019-03-24T20:33:21","slug":"el-abismo-del-brexit","status":"publish","type":"post","link":"https:\/\/www.granadablogs.com\/pateandoelmundo\/el-abismo-del-brexit\/","title":{"rendered":"El abismo del Brexit"},"content":{"rendered":"<p>Vale que est\u00e1 manida y trillada, pero la m\u00e1xima de Nietzsche sigue pareci\u00e9ndome tan po\u00e9tica como prof\u00e9tica: \u2018si miras fijamente al abismo, el abismo te devuelve la mirada\u2019.<\/p>\n<p>El Brexit, por ejemplo.<\/p>\n<p><a href=\"https:\/\/www.granadablogs.com\/pateandoelmundo\/el-abismo-del-brexit\/brexit-3\/\" rel=\"attachment wp-att-26862\"><img loading=\"lazy\" decoding=\"async\" class=\"aligncenter size-full wp-image-26862\" src=\"https:\/\/www.granadablogs.com\/pateandoelmundo\/wp-content\/uploads\/2019\/03\/Brexit.jpg\" alt=\"\" width=\"286\" height=\"176\" \/><\/a><\/p>\n<p>En las \u00faltimas semanas, seguir la actualidad del Brexit es m\u00e1s interesante que cualquier serie de Netflix. Es como \u2018Juego de Tronos\u2019, donde la noche es oscura y alberga horrores, pero con m\u00e1s giros de guion. Cada d\u00eda, una nueva votaci\u00f3n. Una propuesta diferente. Una nueva negociaci\u00f3n.<\/p>\n<p>\u00bfEstar\u00e1 contabilizando la UE el n\u00famero de horas que sus funcionarios llevan dedicados al Brexit, desde el infausto 23 de junio de 2016? \u00bfSabremos alguna vez lo que estar\u00e1n costando, en euros, las negociaciones para la salida -o no- del Reino Unido de la Uni\u00f3n?<\/p>\n<p>Llega un momento en que el yo m\u00e1s irascible y visceral que todos llevamos dentro, sobre todo si le hemos animado con unas birras y unas bravas, se inclina por el c\u00e9lebre Q-S-Vyn-D-n-Pt-Vz, acompa\u00f1ado de todo tipo de ep\u00edtetos, insultos y palabras malsonantes. Un que-les-den tan pasionalmente sentido\u2026 como cerebralmente sinsentido.<\/p>\n<p><a href=\"https:\/\/www.granadablogs.com\/pateandoelmundo\/el-abismo-del-brexit\/the-new-yorker-brexit\/\" rel=\"attachment wp-att-26863\"><img loading=\"lazy\" decoding=\"async\" class=\"aligncenter size-medium wp-image-26863\" src=\"https:\/\/www.granadablogs.com\/pateandoelmundo\/wp-content\/uploads\/2019\/03\/The-New-Yorker-Brexit-220x300.jpg\" alt=\"\" width=\"220\" height=\"300\" srcset=\"https:\/\/www.granadablogs.com\/pateandoelmundo\/wp-content\/uploads\/2019\/03\/The-New-Yorker-Brexit-220x300.jpg 220w, https:\/\/www.granadablogs.com\/pateandoelmundo\/wp-content\/uploads\/2019\/03\/The-New-Yorker-Brexit.jpg 380w\" sizes=\"auto, (max-width: 220px) 100vw, 220px\" \/><\/a><\/p>\n<p>Porque con el Brexit perdemos todos. \u00bfLeyeron el reportaje de Antonio S\u00e1nchez en el IDEAL del pasado domingo? Una excelente pieza repleta de an\u00e1lisis num\u00e9ricos sobre los riesgos para nuestra tierra de llegar al 29 de marzo sin un acuerdo entre el Reino Unido y la UE. Acuerdo o pr\u00f3rroga, lo que ustedes prefieran.<\/p>\n<p>Hasta un 1% del PIB provincial se puede ver afectado por un Brexit a las bravas. 150 millones de euros en juego, contantes y sonantes. La cifra es bien elocuente: uno de cada cien euros que se mueven anualmente en nuestra provincia tienen relaci\u00f3n con Reino Unido y se ver\u00e1n afectados por el Brexit.<\/p>\n<p>Pero m\u00e1s all\u00e1 de las macrocifras que generan las importaciones y las exportaciones, est\u00e1 la gente. Las personas. Los vecinos. Los brit\u00e1nicos que viven y trabajan en nuestra tierra y los miles y miles de nuestros compatriotas que residen y curran en el Reino Unido. Y los estudiantes, claro. Y los profesores. Las universidades.<\/p>\n<p><a href=\"https:\/\/www.granadablogs.com\/pateandoelmundo\/el-abismo-del-brexit\/brexit-monstruo\/\" rel=\"attachment wp-att-26864\"><img loading=\"lazy\" decoding=\"async\" class=\"aligncenter size-medium wp-image-26864\" src=\"https:\/\/www.granadablogs.com\/pateandoelmundo\/wp-content\/uploads\/2019\/03\/Brexit-monstruo-300x169.jpg\" alt=\"\" width=\"300\" height=\"169\" srcset=\"https:\/\/www.granadablogs.com\/pateandoelmundo\/wp-content\/uploads\/2019\/03\/Brexit-monstruo-300x169.jpg 300w, https:\/\/www.granadablogs.com\/pateandoelmundo\/wp-content\/uploads\/2019\/03\/Brexit-monstruo-768x432.jpg 768w, https:\/\/www.granadablogs.com\/pateandoelmundo\/wp-content\/uploads\/2019\/03\/Brexit-monstruo-644x362.jpg 644w, https:\/\/www.granadablogs.com\/pateandoelmundo\/wp-content\/uploads\/2019\/03\/Brexit-monstruo.jpg 1120w\" sizes=\"auto, (max-width: 300px) 100vw, 300px\" \/><\/a><\/p>\n<p>S\u00ed. Es cierto. Estamos del Brexit hasta m\u00e1s all\u00e1 del colodrillo. Pero, en beneficio de todos, ojal\u00e1 que se consiga el mejor acuerdo posible.<\/p>\n<p>Jes\u00fas Lens<\/p>\n<p><a href=\"https:\/\/twitter.com\/Jesus_Lens\" target=\"_blank\" rel=\"attachment noopener wp-att-26852\"><img loading=\"lazy\" decoding=\"async\" class=\"size-full wp-image-26852 alignleft\" src=\"https:\/\/www.granadablogs.com\/pateandoelmundo\/wp-content\/uploads\/2019\/03\/0Twitter.jpg\" alt=\"\" width=\"196\" height=\"47\" \/><\/a><\/p>\n","protected":false},"excerpt":{"rendered":"<p>Vale que est\u00e1 manida y trillada, pero la m\u00e1xima de Nietzsche sigue pareci\u00e9ndome tan po\u00e9tica como prof\u00e9tica: \u2018si miras fijamente al abismo, el abismo te devuelve la mirada\u2019. El Brexit, por ejemplo. En las \u00faltimas semanas, seguir la actualidad del Brexit es m\u00e1s interesante que cualquier serie de Netflix. Es como \u2018Juego de Tronos\u2019, donde [&hellip;]<\/p>\n","protected":false},"author":1,"featured_media":0,"comment_status":"open","ping_status":"open","sticky":false,"template":"","format":"standard","meta":{"jetpack_post_was_ever_published":false,"_jetpack_newsletter_access":"","_jetpack_dont_email_post_to_subs":false,"_jetpack_newsletter_tier_id":0,"_jetpack_memberships_contains_paywalled_content":false,"_jetpack_memberships_contains_paid_content":false,"footnotes":""},"categories":[6],"tags":[],"class_list":["post-26861","post","type-post","status-publish","format-standard","hentry","category-opinion"],"jetpack_featured_media_url":"","jetpack_sharing_enabled":true,"_links":{"self":[{"href":"https:\/\/www.granadablogs.com\/pateandoelmundo\/wp-json\/wp\/v2\/posts\/26861","targetHints":{"allow":["GET"]}}],"collection":[{"href":"https:\/\/www.granadablogs.com\/pateandoelmundo\/wp-json\/wp\/v2\/posts"}],"about":[{"href":"https:\/\/www.granadablogs.com\/pateandoelmundo\/wp-json\/wp\/v2\/types\/post"}],"author":[{"embeddable":true,"href":"https:\/\/www.granadablogs.com\/pateandoelmundo\/wp-json\/wp\/v2\/users\/1"}],"replies":[{"embeddable":true,"href":"https:\/\/www.granadablogs.com\/pateandoelmundo\/wp-json\/wp\/v2\/comments?post=26861"}],"version-history":[{"count":2,"href":"https:\/\/www.granadablogs.com\/pateandoelmundo\/wp-json\/wp\/v2\/posts\/26861\/revisions"}],"predecessor-version":[{"id":26866,"href":"https:\/\/www.granadablogs.com\/pateandoelmundo\/wp-json\/wp\/v2\/posts\/26861\/revisions\/26866"}],"wp:attachment":[{"href":"https:\/\/www.granadablogs.com\/pateandoelmundo\/wp-json\/wp\/v2\/media?parent=26861"}],"wp:term":[{"taxonomy":"category","embeddable":true,"href":"https:\/\/www.granadablogs.com\/pateandoelmundo\/wp-json\/wp\/v2\/categories?post=26861"},{"taxonomy":"post_tag","embeddable":true,"href":"https:\/\/www.granadablogs.com\/pateandoelmundo\/wp-json\/wp\/v2\/tags?post=26861"}],"curies":[{"name":"wp","href":"https:\/\/api.w.org\/{rel}","templated":true}]}}