{"id":26811,"date":"2019-03-19T09:09:11","date_gmt":"2019-03-19T08:09:11","guid":{"rendered":"https:\/\/www.granadablogs.com\/pateandoelmundo\/?p=26811"},"modified":"2019-03-19T09:09:11","modified_gmt":"2019-03-19T08:09:11","slug":"inversion-en-cultura","status":"publish","type":"post","link":"https:\/\/www.granadablogs.com\/pateandoelmundo\/inversion-en-cultura\/","title":{"rendered":"Inversi\u00f3n en Cultura"},"content":{"rendered":"<p>Qu\u00e9 clarividentes y qu\u00e9 ciertas, las palabras del escritor y gestor cultural Alfonso Salazar: \u201csi no se espera rendimiento econ\u00f3mico de un \u00e1rbol, no entiendo por qu\u00e9 debe esperarse de la actividad cultural; los \u00e1rboles dan sombra y ox\u00edgeno, las actividades culturales dan conocimiento y forman una ciudadan\u00eda cr\u00edtica\u201d. Alfonso nos recordaba de esa manera el aut\u00e9ntico y verdadero sentido del concepto \u2018Cultura\u2019, extra\u00eddo de la Declaraci\u00f3n de M\u00e9xico de la Unesco.<\/p>\n<p><a href=\"https:\/\/www.granadablogs.com\/pateandoelmundo\/inversion-en-cultura\/alfonso-salazar-2\/\" rel=\"attachment wp-att-26812\"><img loading=\"lazy\" decoding=\"async\" class=\"aligncenter size-medium wp-image-26812\" src=\"https:\/\/www.granadablogs.com\/pateandoelmundo\/wp-content\/uploads\/2019\/03\/Alfonso-Salazar-300x300.jpg\" alt=\"\" width=\"300\" height=\"300\" srcset=\"https:\/\/www.granadablogs.com\/pateandoelmundo\/wp-content\/uploads\/2019\/03\/Alfonso-Salazar-300x300.jpg 300w, https:\/\/www.granadablogs.com\/pateandoelmundo\/wp-content\/uploads\/2019\/03\/Alfonso-Salazar-150x150.jpg 150w, https:\/\/www.granadablogs.com\/pateandoelmundo\/wp-content\/uploads\/2019\/03\/Alfonso-Salazar.jpg 768w, https:\/\/www.granadablogs.com\/pateandoelmundo\/wp-content\/uploads\/2019\/03\/Alfonso-Salazar-644x644.jpg 644w\" sizes=\"auto, (max-width: 300px) 100vw, 300px\" \/><\/a><\/p>\n<p>Sus l\u00facidas palabras se incluyen en el ilustrativo reportaje de Jorge Pastor sobre la inversi\u00f3n en cultura de los ayuntamientos granadinos, la sexta de sus prioridades presupuestarias. En concreto, para el Ayuntamiento de Granada que -supuestamente- aspira a ser Capital Cultural en 2031, la cultura ocupa la s\u00e9ptima posici\u00f3n. Ser\u00eda, adem\u00e1s, la \u00faltima de las capitales andaluzas en inversi\u00f3n cultural por ciudadano. (Leer <a href=\"https:\/\/www.ideal.es\/culturas\/inversion-cultura-sexta-20190317184048-nt.html\" target=\"_blank\" rel=\"noopener\">AQU\u00cd<\/a>)<\/p>\n<p>Lo bueno de las cifras -o lo malo, seg\u00fan quien las mire- es que son como el algod\u00f3n del famoso anuncio: no enga\u00f1an. Son datos ciertos y objetivos que, despu\u00e9s, cada uno interpretar\u00e1 como quiera, sacando sus propias conclusiones.<\/p>\n<p><a href=\"https:\/\/www.granadablogs.com\/pateandoelmundo\/inversion-en-cultura\/cultura-gasto\/\" rel=\"attachment wp-att-26813\"><img loading=\"lazy\" decoding=\"async\" class=\"aligncenter size-medium wp-image-26813\" src=\"https:\/\/www.granadablogs.com\/pateandoelmundo\/wp-content\/uploads\/2019\/03\/Cultura-gasto-300x169.jpg\" alt=\"\" width=\"300\" height=\"169\" srcset=\"https:\/\/www.granadablogs.com\/pateandoelmundo\/wp-content\/uploads\/2019\/03\/Cultura-gasto-300x169.jpg 300w, https:\/\/www.granadablogs.com\/pateandoelmundo\/wp-content\/uploads\/2019\/03\/Cultura-gasto.jpg 620w\" sizes=\"auto, (max-width: 300px) 100vw, 300px\" \/><\/a><\/p>\n<p>Las partidas dedicadas a cultura deber\u00edan ser consideradas como inversi\u00f3n y no como gasto. Su gesti\u00f3n no deber\u00eda quedar al albur de los representantes pol\u00edticos de cada momento, sino responder a una estrategia a largo plazo, consensuada con la ciudadan\u00eda y coordinada por los t\u00e9cnicos culturales, en la que todos los agentes remen en la misma direcci\u00f3n. Ya saben, el c\u00e9lebre aforismo de S\u00e9neca: \u2018Ning\u00fan viento es favorable para quien no sabe a d\u00f3nde va\u2019.<\/p>\n<p>Otra importante puntualizaci\u00f3n extra\u00edda del reportaje de Jorge Pastor: no es lo mismo la cultura que los festejos y la diversi\u00f3n. Tema arduo donde los haya, pero imprescindible. Llenar, llenar a toda costa, no debe ser un objetivo en s\u00ed mismo cuando hablamos de cultura. Es un factor importante, pero no el \u00fanico.<\/p>\n<p><a href=\"https:\/\/www.granadablogs.com\/pateandoelmundo\/inversion-en-cultura\/cultura-diputacion\/\" rel=\"attachment wp-att-26814\"><img loading=\"lazy\" decoding=\"async\" class=\"aligncenter size-medium wp-image-26814\" src=\"https:\/\/www.granadablogs.com\/pateandoelmundo\/wp-content\/uploads\/2019\/03\/Cultura-diputaci\u00f3n-300x203.jpg\" alt=\"\" width=\"300\" height=\"203\" srcset=\"https:\/\/www.granadablogs.com\/pateandoelmundo\/wp-content\/uploads\/2019\/03\/Cultura-diputaci\u00f3n-300x203.jpg 300w, https:\/\/www.granadablogs.com\/pateandoelmundo\/wp-content\/uploads\/2019\/03\/Cultura-diputaci\u00f3n.jpg 343w\" sizes=\"auto, (max-width: 300px) 100vw, 300px\" \/><\/a><\/p>\n<p>Y el papel vertebrador de la Diputaci\u00f3n. Imprescindible, llegando hasta el \u00faltimo rinc\u00f3n de la provincia y d\u00e1ndole todo el sentido a los concepto de inclusi\u00f3n e integraci\u00f3n. El mismo derecho a disfrutar de actividades culturales de calidad tienen los pueblos peque\u00f1os y las pedan\u00edas que las grandes ciudades y la capital. Que luego nos echamos las manos a la cabeza con la Espa\u00f1a que se va quedando vac\u00eda.<\/p>\n<p>Jes\u00fas Lens<\/p>\n<p><a href=\"https:\/\/twitter.com\/Jesus_Lens\" target=\"_blank\" rel=\"attachment noopener wp-att-26053\"><img loading=\"lazy\" decoding=\"async\" class=\"size-full wp-image-26053 alignleft\" src=\"https:\/\/www.granadablogs.com\/pateandoelmundo\/wp-content\/uploads\/2018\/11\/0Twitter-Lens.jpg\" alt=\"\" width=\"196\" height=\"47\" \/><\/a><\/p>\n","protected":false},"excerpt":{"rendered":"<p>Qu\u00e9 clarividentes y qu\u00e9 ciertas, las palabras del escritor y gestor cultural Alfonso Salazar: \u201csi no se espera rendimiento econ\u00f3mico de un \u00e1rbol, no entiendo por qu\u00e9 debe esperarse de la actividad cultural; los \u00e1rboles dan sombra y ox\u00edgeno, las actividades culturales dan conocimiento y forman una ciudadan\u00eda cr\u00edtica\u201d. Alfonso nos recordaba de esa manera [&hellip;]<\/p>\n","protected":false},"author":1,"featured_media":0,"comment_status":"open","ping_status":"open","sticky":false,"template":"","format":"standard","meta":{"jetpack_post_was_ever_published":false,"_jetpack_newsletter_access":"","_jetpack_dont_email_post_to_subs":false,"_jetpack_newsletter_tier_id":0,"_jetpack_memberships_contains_paywalled_content":false,"_jetpack_memberships_contains_paid_content":false,"footnotes":""},"categories":[6],"tags":[1005,17565,17564,972,16326],"class_list":["post-26811","post","type-post","status-publish","format-standard","hentry","category-opinion","tag-alfonso-salazar","tag-cultura-diputacion","tag-cultura-e-inversion","tag-diputacion-de-granada","tag-gasto-en-cultura"],"jetpack_featured_media_url":"","jetpack_sharing_enabled":true,"_links":{"self":[{"href":"https:\/\/www.granadablogs.com\/pateandoelmundo\/wp-json\/wp\/v2\/posts\/26811","targetHints":{"allow":["GET"]}}],"collection":[{"href":"https:\/\/www.granadablogs.com\/pateandoelmundo\/wp-json\/wp\/v2\/posts"}],"about":[{"href":"https:\/\/www.granadablogs.com\/pateandoelmundo\/wp-json\/wp\/v2\/types\/post"}],"author":[{"embeddable":true,"href":"https:\/\/www.granadablogs.com\/pateandoelmundo\/wp-json\/wp\/v2\/users\/1"}],"replies":[{"embeddable":true,"href":"https:\/\/www.granadablogs.com\/pateandoelmundo\/wp-json\/wp\/v2\/comments?post=26811"}],"version-history":[{"count":2,"href":"https:\/\/www.granadablogs.com\/pateandoelmundo\/wp-json\/wp\/v2\/posts\/26811\/revisions"}],"predecessor-version":[{"id":26816,"href":"https:\/\/www.granadablogs.com\/pateandoelmundo\/wp-json\/wp\/v2\/posts\/26811\/revisions\/26816"}],"wp:attachment":[{"href":"https:\/\/www.granadablogs.com\/pateandoelmundo\/wp-json\/wp\/v2\/media?parent=26811"}],"wp:term":[{"taxonomy":"category","embeddable":true,"href":"https:\/\/www.granadablogs.com\/pateandoelmundo\/wp-json\/wp\/v2\/categories?post=26811"},{"taxonomy":"post_tag","embeddable":true,"href":"https:\/\/www.granadablogs.com\/pateandoelmundo\/wp-json\/wp\/v2\/tags?post=26811"}],"curies":[{"name":"wp","href":"https:\/\/api.w.org\/{rel}","templated":true}]}}