{"id":26806,"date":"2019-03-18T04:04:47","date_gmt":"2019-03-18T03:04:47","guid":{"rendered":"https:\/\/www.granadablogs.com\/pateandoelmundo\/?p=26806"},"modified":"2019-03-17T21:11:12","modified_gmt":"2019-03-17T20:11:12","slug":"petit-paris-en-granada","status":"publish","type":"post","link":"https:\/\/www.granadablogs.com\/pateandoelmundo\/petit-paris-en-granada\/","title":{"rendered":"Petit Par\u00eds en Granada"},"content":{"rendered":"<p>El comisario Polo ha vuelto. Es m\u00e1s que probable que ustedes le descubrieran en \u2018Gran Granada\u2019, t\u00edtulo de una extraordinaria novela de Justo Navarro\u2026 parafraseada por el PP local como leit motiv de su campa\u00f1a electoral.<\/p>\n<p><a href=\"https:\/\/www.granadablogs.com\/pateandoelmundo\/?attachment_id=26807\" rel=\"attachment wp-att-26807\"><img loading=\"lazy\" decoding=\"async\" class=\"aligncenter size-medium wp-image-26807\" src=\"https:\/\/www.granadablogs.com\/pateandoelmundo\/wp-content\/uploads\/2019\/03\/Petit-Par\u00eds-en-Granada-212x300.jpg\" alt=\"\" width=\"212\" height=\"300\" srcset=\"https:\/\/www.granadablogs.com\/pateandoelmundo\/wp-content\/uploads\/2019\/03\/Petit-Par\u00eds-en-Granada-212x300.jpg 212w, https:\/\/www.granadablogs.com\/pateandoelmundo\/wp-content\/uploads\/2019\/03\/Petit-Par\u00eds-en-Granada-644x911.jpg 644w, https:\/\/www.granadablogs.com\/pateandoelmundo\/wp-content\/uploads\/2019\/03\/Petit-Par\u00eds-en-Granada.jpg 679w\" sizes=\"auto, (max-width: 212px) 100vw, 212px\" \/><\/a><\/p>\n<p>Pero no, tranquilos. En la \u2018Gran Granada\u2019 de Navarro no hay escaleras mec\u00e1nicas para subir a la Alhambra ni imposibles t\u00faneles kilom\u00e9tricos. \u2018Gran Granada\u2019 es una novela magn\u00edfica, como les dec\u00eda, protagonizada por un personaje inolvidable y de la que escrib\u00ed en IDEAL hace unos a\u00f1os, <a href=\"https:\/\/www.granadablogs.com\/pateandoelmundo\/gran-granada\/\" target=\"_blank\" rel=\"noopener\">AQU\u00cd<\/a>. Tanto, que Justo Navarro lo vuelve a utilizar en su novela m\u00e1s reciente: \u2018Petit Paris\u2019, igualmente publicada en la prestigiosa editorial Anagrama.<\/p>\n<p>En \u2018Gran Granada\u2019, que arrancaba en 1963, el comisario Polo ya era mayor. Un venerable anciano, casi. Pero segu\u00eda tan l\u00facido que no se le escapaba nada de lo ocurr\u00eda en la ciudad.<\/p>\n<p>En \u2018Petit Paris\u2019 le encontramos m\u00e1s joven. Veinte a\u00f1os, nada menos. Porque Justo Navarro ha escrito una sorprendente segunda parte de \u2018Gran Granada\u2019 que nos conduce al Par\u00eds ocupado por los nazis, en 1943, cuando las cosas han empezado a derrumbarse en el frente ruso y los aliados ya dominan el norte de \u00c1frica.<\/p>\n<p><a href=\"https:\/\/www.granadablogs.com\/pateandoelmundo\/?attachment_id=26808\" rel=\"attachment wp-att-26808\"><img loading=\"lazy\" decoding=\"async\" class=\"aligncenter size-medium wp-image-26808\" src=\"https:\/\/www.granadablogs.com\/pateandoelmundo\/wp-content\/uploads\/2019\/03\/Petit-Par\u00eds-191x300.jpg\" alt=\"\" width=\"191\" height=\"300\" srcset=\"https:\/\/www.granadablogs.com\/pateandoelmundo\/wp-content\/uploads\/2019\/03\/Petit-Par\u00eds-191x300.jpg 191w, https:\/\/www.granadablogs.com\/pateandoelmundo\/wp-content\/uploads\/2019\/03\/Petit-Par\u00eds-768x1207.jpg 768w, https:\/\/www.granadablogs.com\/pateandoelmundo\/wp-content\/uploads\/2019\/03\/Petit-Par\u00eds-644x1012.jpg 644w, https:\/\/www.granadablogs.com\/pateandoelmundo\/wp-content\/uploads\/2019\/03\/Petit-Par\u00eds.jpg 1653w\" sizes=\"auto, (max-width: 191px) 100vw, 191px\" \/><\/a><\/p>\n<p>En aquel tiempo, Par\u00eds no era una fiesta, pero s\u00ed resultaba ser un lugar extraordinariamente interesante en el que proliferaban soldados, esp\u00edas, diplom\u00e1ticos y buscavidas de toda laya, origen y condici\u00f3n. Por ejemplo, un p\u00edcaro que huy\u00f3 de Granada con nocturnidad y alevos\u00eda, llev\u00e1ndose consigo una importante cantidad de oro, el peor delito imaginable en una Espa\u00f1a que todav\u00eda de desangraba por las heridas de la Guerra Civil.<\/p>\n<p>Resulta emocionante sentarse con el comisario Polo en el acogedor Caf\u00e9-Lecher\u00eda Bib-Rambla y, a los pocos d\u00edas, descubrir de su mano rec\u00f3nditos bistr\u00f3s parisinos y excitantes clubes de alterne. Porque Polo ha de localizar al esquivo buscavidas fugado. Y restituir a su due\u00f1o el oro robado. Sin hacer ruido, adem\u00e1s. (<a href=\"https:\/\/www.granadablogs.com\/pateandoelmundo\/los-escenarios-de-la-granada-mas-noir\/\" target=\"_blank\" rel=\"noopener\">Aqu\u00ed<\/a> escrib\u00ed hace unas semanas sobre los escenarios de la Granada m\u00e1s Noir)<\/p>\n<p><a href=\"https:\/\/www.granadablogs.com\/pateandoelmundo\/?attachment_id=26809\" rel=\"attachment wp-att-26809\"><img loading=\"lazy\" decoding=\"async\" class=\"aligncenter size-medium wp-image-26809\" src=\"https:\/\/www.granadablogs.com\/pateandoelmundo\/wp-content\/uploads\/2019\/03\/Escenarios-Novela-Negra-Granada-266x300.jpg\" alt=\"\" width=\"266\" height=\"300\" srcset=\"https:\/\/www.granadablogs.com\/pateandoelmundo\/wp-content\/uploads\/2019\/03\/Escenarios-Novela-Negra-Granada-266x300.jpg 266w, https:\/\/www.granadablogs.com\/pateandoelmundo\/wp-content\/uploads\/2019\/03\/Escenarios-Novela-Negra-Granada.jpg 567w\" sizes=\"auto, (max-width: 266px) 100vw, 266px\" \/><\/a><\/p>\n<p>\u00bfC\u00f3mo se le ocurrir\u00eda a Justo Navarro una historia tan interesante? \u00bfDe d\u00f3nde le surgi\u00f3 la idea para el comisario Polo? \u00bfTen\u00eda prevista ya \u2018Petit Paris\u2019 cuando escrib\u00eda \u2018Gran Granada\u2019? \u00bfEra, al menos, una posibilidad?<\/p>\n<p>Gracias al Centro Andaluz de las Letras, esta tarde tendremos la respuesta a esa y a otras muchas preguntas. Estaremos con Justo Navarro en la Biblioteca de Andaluc\u00eda y la pasaremos mejor que bien.<\/p>\n<p>Jes\u00fas Lens<\/p>\n","protected":false},"excerpt":{"rendered":"<p>El comisario Polo ha vuelto. Es m\u00e1s que probable que ustedes le descubrieran en \u2018Gran Granada\u2019, t\u00edtulo de una extraordinaria novela de Justo Navarro\u2026 parafraseada por el PP local como leit motiv de su campa\u00f1a electoral. Pero no, tranquilos. En la \u2018Gran Granada\u2019 de Navarro no hay escaleras mec\u00e1nicas para subir a la Alhambra ni [&hellip;]<\/p>\n","protected":false},"author":1,"featured_media":0,"comment_status":"open","ping_status":"open","sticky":false,"template":"","format":"standard","meta":{"jetpack_post_was_ever_published":false,"_jetpack_newsletter_access":"","_jetpack_dont_email_post_to_subs":false,"_jetpack_newsletter_tier_id":0,"_jetpack_memberships_contains_paywalled_content":false,"_jetpack_memberships_contains_paid_content":false,"footnotes":""},"categories":[11144,21,6],"tags":[17563,17562,12626,17561,17439,17558,17560,17559],"class_list":["post-26806","post","type-post","status-publish","format-standard","hentry","category-granada-noir","category-negra-y-criminal","category-opinion","tag-cal-andalucia","tag-centro-andaluz-letras","tag-gran-granada","tag-gran-granada-justo-navarro","tag-petit-paris","tag-petit-paris-en-granada","tag-petit-paris-justo-navarro","tag-petit-paris-novela"],"jetpack_featured_media_url":"","jetpack_sharing_enabled":true,"_links":{"self":[{"href":"https:\/\/www.granadablogs.com\/pateandoelmundo\/wp-json\/wp\/v2\/posts\/26806","targetHints":{"allow":["GET"]}}],"collection":[{"href":"https:\/\/www.granadablogs.com\/pateandoelmundo\/wp-json\/wp\/v2\/posts"}],"about":[{"href":"https:\/\/www.granadablogs.com\/pateandoelmundo\/wp-json\/wp\/v2\/types\/post"}],"author":[{"embeddable":true,"href":"https:\/\/www.granadablogs.com\/pateandoelmundo\/wp-json\/wp\/v2\/users\/1"}],"replies":[{"embeddable":true,"href":"https:\/\/www.granadablogs.com\/pateandoelmundo\/wp-json\/wp\/v2\/comments?post=26806"}],"version-history":[{"count":1,"href":"https:\/\/www.granadablogs.com\/pateandoelmundo\/wp-json\/wp\/v2\/posts\/26806\/revisions"}],"predecessor-version":[{"id":26810,"href":"https:\/\/www.granadablogs.com\/pateandoelmundo\/wp-json\/wp\/v2\/posts\/26806\/revisions\/26810"}],"wp:attachment":[{"href":"https:\/\/www.granadablogs.com\/pateandoelmundo\/wp-json\/wp\/v2\/media?parent=26806"}],"wp:term":[{"taxonomy":"category","embeddable":true,"href":"https:\/\/www.granadablogs.com\/pateandoelmundo\/wp-json\/wp\/v2\/categories?post=26806"},{"taxonomy":"post_tag","embeddable":true,"href":"https:\/\/www.granadablogs.com\/pateandoelmundo\/wp-json\/wp\/v2\/tags?post=26806"}],"curies":[{"name":"wp","href":"https:\/\/api.w.org\/{rel}","templated":true}]}}