{"id":26737,"date":"2019-03-08T20:25:53","date_gmt":"2019-03-08T19:25:53","guid":{"rendered":"https:\/\/www.granadablogs.com\/pateandoelmundo\/?p=26737"},"modified":"2019-03-08T20:25:53","modified_gmt":"2019-03-08T19:25:53","slug":"un-museo-en-la-merced","status":"publish","type":"post","link":"https:\/\/www.granadablogs.com\/pateandoelmundo\/un-museo-en-la-merced\/","title":{"rendered":"Un museo en la Merced"},"content":{"rendered":"<p>Hace unos d\u00edas, cuando el PP presentaba su programa electoral, los comentaristas pusimos el acento en algunas de sus propuestas m\u00e1s llamativas y pintorescas, de las escaleras mec\u00e1nicas para subir a la Alhambra y al Albaic\u00edn -\u00a1al cielo con ellas!- al Gran T\u00fanel por los bajos de nuestra ciudad. (Leer <a href=\"https:\/\/www.granadablogs.com\/pateandoelmundo\/escaleras-y-soterramientos\/\" target=\"_blank\" rel=\"noopener\">AQU\u00cd<\/a>)<\/p>\n<p><a href=\"https:\/\/www.granadablogs.com\/pateandoelmundo\/un-museo-en-la-merced\/convento-merced\/\" rel=\"attachment wp-att-26738\"><img loading=\"lazy\" decoding=\"async\" class=\"aligncenter size-medium wp-image-26738\" src=\"https:\/\/www.granadablogs.com\/pateandoelmundo\/wp-content\/uploads\/2019\/03\/Convento-Merced-300x200.jpg\" alt=\"\" width=\"300\" height=\"200\" srcset=\"https:\/\/www.granadablogs.com\/pateandoelmundo\/wp-content\/uploads\/2019\/03\/Convento-Merced-300x200.jpg 300w, https:\/\/www.granadablogs.com\/pateandoelmundo\/wp-content\/uploads\/2019\/03\/Convento-Merced-768x511.jpg 768w, https:\/\/www.granadablogs.com\/pateandoelmundo\/wp-content\/uploads\/2019\/03\/Convento-Merced-644x429.jpg 644w, https:\/\/www.granadablogs.com\/pateandoelmundo\/wp-content\/uploads\/2019\/03\/Convento-Merced.jpg 1899w\" sizes=\"auto, (max-width: 300px) 100vw, 300px\" \/><\/a><\/p>\n<p>Hab\u00eda una, sin embargo, a la que apenas le prestamos atenci\u00f3n: convertir el convento de la Merced en el tantas veces requerido Gran Museo de la ciudad. O Museo, a secas. Que de tan grana\u00ednos que somos, a todos los proyectos les a\u00f1adimos el \u2018gran\u2019 cuando son ideas y despu\u00e9s, si se materializan, corren el riesgo de quedarse en nada, verbigracia, el Gran Espacio Esc\u00e9nico.<\/p>\n<p>Ayer tuvimos la suerte de disfrutar en las p\u00e1ginas de Ideal y en la web del peri\u00f3dico del portentoso reportaje de Jorge Pastor sobre la restauraci\u00f3n de la b\u00f3veda del convento. \u00a1Qu\u00e9 maravilla! No les cuento nada sobre su riqueza art\u00edstica. <a href=\"https:\/\/www.ideal.es\/culturas\/impresionante-boveda-convento-20190307201123-nt.html\" target=\"_blank\" rel=\"noopener\">\u00a1Lean a Jorge y del\u00e9itense con la espectacular foto de Pepe Mar\u00edn!<\/a><\/p>\n<p><a href=\"https:\/\/www.granadablogs.com\/pateandoelmundo\/un-museo-en-la-merced\/convento-de-la-merced-foto-pepe-marin\/\" rel=\"attachment wp-att-26739\"><img loading=\"lazy\" decoding=\"async\" class=\"aligncenter size-medium wp-image-26739\" src=\"https:\/\/www.granadablogs.com\/pateandoelmundo\/wp-content\/uploads\/2019\/03\/Convento-de-la-Merced-Foto-Pepe-Mar\u00edn-300x185.jpg\" alt=\"\" width=\"300\" height=\"185\" srcset=\"https:\/\/www.granadablogs.com\/pateandoelmundo\/wp-content\/uploads\/2019\/03\/Convento-de-la-Merced-Foto-Pepe-Mar\u00edn-300x185.jpg 300w, https:\/\/www.granadablogs.com\/pateandoelmundo\/wp-content\/uploads\/2019\/03\/Convento-de-la-Merced-Foto-Pepe-Mar\u00edn.jpg 624w\" sizes=\"auto, (max-width: 300px) 100vw, 300px\" \/><\/a><\/p>\n<p>El problema, o mejor dicho, el efecto colateral de tanta belleza es que tengo la necesidad compulsiva, no ya de ver esa b\u00f3veda restaurada, sino de que el edificio albergue el inexistente Gran Museo de la ciudad. O el Museo, como hemos convenido para no incurrir en peligrosas gran-dilocuencias.<\/p>\n<p>Sebasti\u00e1n P\u00e9rez insisti\u00f3 ayer en ello. Adem\u00e1s, propuso convertir el Centro Cultural de Gran Capit\u00e1n en Museo de Arte Contempor\u00e1neo. Dos propuestas muy interesantes que vendr\u00edan a enriquecer nuestra vida cultural, a ampliar los recursos muse\u00edsticos del centro urbano de cara a viajeros y turistas y a dar empaque a la candidatura a la Capitalidad Cultural del 2031.<\/p>\n<p>Una idea mucho m\u00e1s sensata y factible que aquellos siete museos inventados por el grupo de trabajo de la citada Capitalidad, m\u00e1s llamados a contentar a los poderes f\u00e1cticos del entorno -\u00a1ay, los roalillos!- que a convertirse en realidad. (<a href=\"https:\/\/www.granadablogs.com\/pateandoelmundo\/tag\/7-nuevos-museos-granada\/\" target=\"_blank\" rel=\"noopener\">AQU\u00cd<\/a> escrib\u00ed sobre ello)<\/p>\n<figure id=\"attachment_26740\" aria-describedby=\"caption-attachment-26740\" style=\"width: 300px\" class=\"wp-caption aligncenter\"><a href=\"https:\/\/www.granadablogs.com\/pateandoelmundo\/un-museo-en-la-merced\/gran-espacio-escenico\/\" rel=\"attachment wp-att-26740\"><img loading=\"lazy\" decoding=\"async\" class=\"size-medium wp-image-26740\" src=\"https:\/\/www.granadablogs.com\/pateandoelmundo\/wp-content\/uploads\/2019\/03\/Gran-Espacio-Esc\u00e9nico-300x169.jpg\" alt=\"\" width=\"300\" height=\"169\" srcset=\"https:\/\/www.granadablogs.com\/pateandoelmundo\/wp-content\/uploads\/2019\/03\/Gran-Espacio-Esc\u00e9nico-300x169.jpg 300w, https:\/\/www.granadablogs.com\/pateandoelmundo\/wp-content\/uploads\/2019\/03\/Gran-Espacio-Esc\u00e9nico-768x432.jpg 768w, https:\/\/www.granadablogs.com\/pateandoelmundo\/wp-content\/uploads\/2019\/03\/Gran-Espacio-Esc\u00e9nico-644x362.jpg 644w, https:\/\/www.granadablogs.com\/pateandoelmundo\/wp-content\/uploads\/2019\/03\/Gran-Espacio-Esc\u00e9nico.jpg 800w\" sizes=\"auto, (max-width: 300px) 100vw, 300px\" \/><\/a><figcaption id=\"caption-attachment-26740\" class=\"wp-caption-text\">El Gran Espacio Invisible<\/figcaption><\/figure>\n<p>La sabidur\u00eda popular reza que el que da primero da dos veces. Con esta propuesta, el PP acierta de pleno, presuponiendo que hayan sondeado al Madoc, propietario y diligente custodio del edificio, y que no pondr\u00e1 impedimentos. \u00bfQu\u00e9 nos propondr\u00e1n el resto de partidos? A\u00fan queda mucho tiempo, cierto, pero empezamos a tener curiosidad.<\/p>\n<p>Jes\u00fas Lens<\/p>\n<p><a href=\"https:\/\/twitter.com\/Jesus_Lens\" target=\"_blank\" rel=\"attachment noopener wp-att-25214\"><img loading=\"lazy\" decoding=\"async\" class=\"size-full wp-image-25214 alignleft\" src=\"https:\/\/www.granadablogs.com\/pateandoelmundo\/wp-content\/uploads\/2018\/06\/0Twitter-Lens.jpg\" alt=\"\" width=\"196\" height=\"47\" \/><\/a><\/p>\n","protected":false},"excerpt":{"rendered":"<p>Hace unos d\u00edas, cuando el PP presentaba su programa electoral, los comentaristas pusimos el acento en algunas de sus propuestas m\u00e1s llamativas y pintorescas, de las escaleras mec\u00e1nicas para subir a la Alhambra y al Albaic\u00edn -\u00a1al cielo con ellas!- al Gran T\u00fanel por los bajos de nuestra ciudad. (Leer AQU\u00cd) Hab\u00eda una, sin embargo, [&hellip;]<\/p>\n","protected":false},"author":1,"featured_media":0,"comment_status":"open","ping_status":"open","sticky":false,"template":"","format":"standard","meta":{"jetpack_post_was_ever_published":false,"_jetpack_newsletter_access":"","_jetpack_dont_email_post_to_subs":false,"_jetpack_newsletter_tier_id":0,"_jetpack_memberships_contains_paywalled_content":false,"_jetpack_memberships_contains_paid_content":false,"footnotes":""},"categories":[6],"tags":[17503,17504,17505,17507,12626,17506],"class_list":["post-26737","post","type-post","status-publish","format-standard","hentry","category-opinion","tag-convento-de-la-merced","tag-convento-merced-boveda","tag-convento-merced-museo","tag-gran-espacio-escenico","tag-gran-granada","tag-gran-nada"],"jetpack_featured_media_url":"","jetpack_sharing_enabled":true,"_links":{"self":[{"href":"https:\/\/www.granadablogs.com\/pateandoelmundo\/wp-json\/wp\/v2\/posts\/26737","targetHints":{"allow":["GET"]}}],"collection":[{"href":"https:\/\/www.granadablogs.com\/pateandoelmundo\/wp-json\/wp\/v2\/posts"}],"about":[{"href":"https:\/\/www.granadablogs.com\/pateandoelmundo\/wp-json\/wp\/v2\/types\/post"}],"author":[{"embeddable":true,"href":"https:\/\/www.granadablogs.com\/pateandoelmundo\/wp-json\/wp\/v2\/users\/1"}],"replies":[{"embeddable":true,"href":"https:\/\/www.granadablogs.com\/pateandoelmundo\/wp-json\/wp\/v2\/comments?post=26737"}],"version-history":[{"count":2,"href":"https:\/\/www.granadablogs.com\/pateandoelmundo\/wp-json\/wp\/v2\/posts\/26737\/revisions"}],"predecessor-version":[{"id":26742,"href":"https:\/\/www.granadablogs.com\/pateandoelmundo\/wp-json\/wp\/v2\/posts\/26737\/revisions\/26742"}],"wp:attachment":[{"href":"https:\/\/www.granadablogs.com\/pateandoelmundo\/wp-json\/wp\/v2\/media?parent=26737"}],"wp:term":[{"taxonomy":"category","embeddable":true,"href":"https:\/\/www.granadablogs.com\/pateandoelmundo\/wp-json\/wp\/v2\/categories?post=26737"},{"taxonomy":"post_tag","embeddable":true,"href":"https:\/\/www.granadablogs.com\/pateandoelmundo\/wp-json\/wp\/v2\/tags?post=26737"}],"curies":[{"name":"wp","href":"https:\/\/api.w.org\/{rel}","templated":true}]}}