{"id":26718,"date":"2019-03-05T20:26:09","date_gmt":"2019-03-05T19:26:09","guid":{"rendered":"https:\/\/www.granadablogs.com\/pateandoelmundo\/?p=26718"},"modified":"2019-03-05T20:26:09","modified_gmt":"2019-03-05T19:26:09","slug":"renaturalizar-el-genil","status":"publish","type":"post","link":"https:\/\/www.granadablogs.com\/pateandoelmundo\/renaturalizar-el-genil\/","title":{"rendered":"Renaturalizar el Genil"},"content":{"rendered":"<p>\u00bfQu\u00e9 les parece si seguimos con nuestras particulares cartas a los Reyes Magos electorales, ahora que estamos en pre-campa\u00f1a y los candidatos deben escucharnos? O, al menos, disimular y hacer como que nos escuchan\u2026<\/p>\n<p><a href=\"https:\/\/www.granadablogs.com\/pateandoelmundo\/renaturalizar-el-genil\/renaturalizar-rios-granada\/\" rel=\"attachment wp-att-26719\"><img loading=\"lazy\" decoding=\"async\" class=\"aligncenter size-medium wp-image-26719\" src=\"https:\/\/www.granadablogs.com\/pateandoelmundo\/wp-content\/uploads\/2019\/03\/Renaturalizar-r\u00edos-Granada-300x200.jpg\" alt=\"\" width=\"300\" height=\"200\" srcset=\"https:\/\/www.granadablogs.com\/pateandoelmundo\/wp-content\/uploads\/2019\/03\/Renaturalizar-r\u00edos-Granada-300x200.jpg 300w, https:\/\/www.granadablogs.com\/pateandoelmundo\/wp-content\/uploads\/2019\/03\/Renaturalizar-r\u00edos-Granada-768x512.jpg 768w, https:\/\/www.granadablogs.com\/pateandoelmundo\/wp-content\/uploads\/2019\/03\/Renaturalizar-r\u00edos-Granada-644x429.jpg 644w, https:\/\/www.granadablogs.com\/pateandoelmundo\/wp-content\/uploads\/2019\/03\/Renaturalizar-r\u00edos-Granada.jpg 1599w\" sizes=\"auto, (max-width: 300px) 100vw, 300px\" \/><\/a><\/p>\n<p>Hace unos d\u00edas, al final de la columna dedicada al corredor verde que propon\u00eda Antonio Cambril, cabeza de lista de \u2018Unidos Podemos\u2019, (leer <a href=\"https:\/\/www.granadablogs.com\/pateandoelmundo\/un-pulmon-verde-para-granada\/\" target=\"_blank\" rel=\"noopener\">aqu\u00ed<\/a>) les avanzaba otro de los temas que podr\u00edan ser objeto de debate sobre el futuro de nuestra ciudad, sobre la Granada que s\u00ed queremos: la renaturalizaci\u00f3n del Genil. Y la del Darro, ya que estamos.<\/p>\n<p>Hace ahora un a\u00f1o, 6.500 personas hab\u00edan firmado para devolverle la vida a las aguas muertas del r\u00edo Genil, a su paso por Granada. Y el mi\u00e9rcoles 21 de febrero del 2018, el concejal de Urbanismo, Medio Ambiente, Salud y Consumo, Miguel \u00c1ngel Fern\u00e1ndez, anunci\u00f3 que el alcalde Francisco Cuenca iba a dirigir \u201cuna carta tanto al delegado del Gobierno en Andaluc\u00eda como al presidente de la Confederaci\u00f3n Hidrogr\u00e1fica del Guadalquivir, en la que pedir\u00e1 una cita para abordar de manera conjunta el asunto\u201d.<\/p>\n<p><a href=\"https:\/\/www.granadablogs.com\/pateandoelmundo\/renaturalizar-el-genil\/renat-rios\/\" rel=\"attachment wp-att-26720\"><img loading=\"lazy\" decoding=\"async\" class=\"aligncenter size-medium wp-image-26720\" src=\"https:\/\/www.granadablogs.com\/pateandoelmundo\/wp-content\/uploads\/2019\/03\/Renat-r\u00edos-300x185.jpg\" alt=\"\" width=\"300\" height=\"185\" srcset=\"https:\/\/www.granadablogs.com\/pateandoelmundo\/wp-content\/uploads\/2019\/03\/Renat-r\u00edos-300x185.jpg 300w, https:\/\/www.granadablogs.com\/pateandoelmundo\/wp-content\/uploads\/2019\/03\/Renat-r\u00edos.jpg 624w\" sizes=\"auto, (max-width: 300px) 100vw, 300px\" \/><\/a><\/p>\n<p>No es un tema balad\u00ed: seg\u00fan la informaci\u00f3n de Ideal del referido 21\/02\/18, \u201cEl concejal ha recordado que en septiembre del a\u00f1o 2015 la Confederaci\u00f3n del Guadalquivir y la Delegaci\u00f3n del Gobierno presentaron en Granada un proyecto de 6,5 millones de euros para el reacondicionamiento de los cauces de los r\u00edos Genil y Darro\u201d. Desde entonces, ha habido reuniones que han incluido a la UGR y a Emasagra, pero de momento no se ha concretado nada de nada. \u00bfSer\u00e1 una de las medidas que lleve el PSOE en su programa electoral?<\/p>\n<p>En cualquier caso, es de justicia recordar que Los Verdes ya pidieron la renaturalizaci\u00f3n del Genil all\u00e1 por 2009 y que IU llev\u00f3 una propuesta en ese sentido al pleno del Ayuntamiento en 2017, remarcando que era un tema pendiente que se hab\u00eda tratado en 2002 y 2006.<\/p>\n<p>&nbsp;<\/p>\n<figure id=\"attachment_26721\" aria-describedby=\"caption-attachment-26721\" style=\"width: 300px\" class=\"wp-caption aligncenter\"><a href=\"https:\/\/www.granadablogs.com\/pateandoelmundo\/renaturalizar-el-genil\/genil-renaturalizado\/\" rel=\"attachment wp-att-26721\"><img loading=\"lazy\" decoding=\"async\" class=\"size-medium wp-image-26721\" src=\"https:\/\/www.granadablogs.com\/pateandoelmundo\/wp-content\/uploads\/2019\/03\/Genil-renaturalizado-300x200.jpg\" alt=\"\" width=\"300\" height=\"200\" srcset=\"https:\/\/www.granadablogs.com\/pateandoelmundo\/wp-content\/uploads\/2019\/03\/Genil-renaturalizado-300x200.jpg 300w, https:\/\/www.granadablogs.com\/pateandoelmundo\/wp-content\/uploads\/2019\/03\/Genil-renaturalizado.jpg 624w\" sizes=\"auto, (max-width: 300px) 100vw, 300px\" \/><\/a><figcaption id=\"caption-attachment-26721\" class=\"wp-caption-text\">As\u00ed podr\u00eda lucir el Genil renaturalizado<\/figcaption><\/figure>\n<p>Lo he escrito otras veces: no tenemos suerte con nuestros r\u00edos. Cuando no los embovedamos para sacarlos de nuestra vista, los amortajamos entre hormig\u00f3n y cemento armado. (Leer <a href=\"https:\/\/www.granadablogs.com\/pateandoelmundo\/granada-y-sus-rios\/\" target=\"_blank\" rel=\"noopener\">AQU\u00cd<\/a>, por ejemplo)<\/p>\n<p>Dado que ahora hay mucha m\u00e1s conciencia ecol\u00f3gica y el cambio clim\u00e1tico amenaza con golpearnos de lleno, \u00bfser\u00e1 hora de afrontar este proyecto de una vez?<\/p>\n<p>Jes\u00fas Lens<\/p>\n<p><a href=\"https:\/\/twitter.com\/Jesus_Lens\" target=\"_blank\" rel=\"attachment noopener wp-att-26053\"><img loading=\"lazy\" decoding=\"async\" class=\"size-full wp-image-26053 alignleft\" src=\"https:\/\/www.granadablogs.com\/pateandoelmundo\/wp-content\/uploads\/2018\/11\/0Twitter-Lens.jpg\" alt=\"\" width=\"196\" height=\"47\" \/><\/a><\/p>\n","protected":false},"excerpt":{"rendered":"<p>\u00bfQu\u00e9 les parece si seguimos con nuestras particulares cartas a los Reyes Magos electorales, ahora que estamos en pre-campa\u00f1a y los candidatos deben escucharnos? O, al menos, disimular y hacer como que nos escuchan\u2026 Hace unos d\u00edas, al final de la columna dedicada al corredor verde que propon\u00eda Antonio Cambril, cabeza de lista de \u2018Unidos [&hellip;]<\/p>\n","protected":false},"author":1,"featured_media":0,"comment_status":"open","ping_status":"open","sticky":false,"template":"","format":"standard","meta":{"jetpack_post_was_ever_published":false,"_jetpack_newsletter_access":"","_jetpack_dont_email_post_to_subs":false,"_jetpack_newsletter_tier_id":0,"_jetpack_memberships_contains_paywalled_content":false,"_jetpack_memberships_contains_paid_content":false,"footnotes":""},"categories":[6],"tags":[17491,17488,17490,17489],"class_list":["post-26718","post","type-post","status-publish","format-standard","hentry","category-opinion","tag-carro-y-genil","tag-genil-renaturalizado","tag-recuperar-rios-granada","tag-renaturalizar-rios"],"jetpack_featured_media_url":"","jetpack_sharing_enabled":true,"_links":{"self":[{"href":"https:\/\/www.granadablogs.com\/pateandoelmundo\/wp-json\/wp\/v2\/posts\/26718","targetHints":{"allow":["GET"]}}],"collection":[{"href":"https:\/\/www.granadablogs.com\/pateandoelmundo\/wp-json\/wp\/v2\/posts"}],"about":[{"href":"https:\/\/www.granadablogs.com\/pateandoelmundo\/wp-json\/wp\/v2\/types\/post"}],"author":[{"embeddable":true,"href":"https:\/\/www.granadablogs.com\/pateandoelmundo\/wp-json\/wp\/v2\/users\/1"}],"replies":[{"embeddable":true,"href":"https:\/\/www.granadablogs.com\/pateandoelmundo\/wp-json\/wp\/v2\/comments?post=26718"}],"version-history":[{"count":2,"href":"https:\/\/www.granadablogs.com\/pateandoelmundo\/wp-json\/wp\/v2\/posts\/26718\/revisions"}],"predecessor-version":[{"id":26723,"href":"https:\/\/www.granadablogs.com\/pateandoelmundo\/wp-json\/wp\/v2\/posts\/26718\/revisions\/26723"}],"wp:attachment":[{"href":"https:\/\/www.granadablogs.com\/pateandoelmundo\/wp-json\/wp\/v2\/media?parent=26718"}],"wp:term":[{"taxonomy":"category","embeddable":true,"href":"https:\/\/www.granadablogs.com\/pateandoelmundo\/wp-json\/wp\/v2\/categories?post=26718"},{"taxonomy":"post_tag","embeddable":true,"href":"https:\/\/www.granadablogs.com\/pateandoelmundo\/wp-json\/wp\/v2\/tags?post=26718"}],"curies":[{"name":"wp","href":"https:\/\/api.w.org\/{rel}","templated":true}]}}