{"id":26686,"date":"2019-02-28T18:03:47","date_gmt":"2019-02-28T17:03:47","guid":{"rendered":"https:\/\/www.granadablogs.com\/pateandoelmundo\/?p=26686"},"modified":"2019-03-04T18:12:08","modified_gmt":"2019-03-04T17:12:08","slug":"placas-y-senaletica","status":"publish","type":"post","link":"https:\/\/www.granadablogs.com\/pateandoelmundo\/placas-y-senaletica\/","title":{"rendered":"Placas y se\u00f1al\u00e9tica"},"content":{"rendered":"<p>Como les cont\u00e9 hace un par de semanas, estando en Sevilla y aprovechando unas horas que ten\u00eda libres, me dediqu\u00e9 a pasear por la hermosa Triana, un mi\u00e9rcoles de buena ma\u00f1ana.<\/p>\n<p>Una de las cosas que m\u00e1s me gustaron de aquel paseo fue descubrir la cantidad de vistosas placas de cer\u00e1mica en las que se conmemoraba la vida de decenas de vecinos ilustres del barrio, de toreros y cupletistas a pol\u00edticos insignes. O al mism\u00edsimo Miguel de Cervantes, en la hoy denominada calle Troya, donde situ\u00f3 alg\u00fan episodio de su novela \u201cRinconete y Cortadillo\u201d.<\/p>\n<p><a href=\"https:\/\/www.granadablogs.com\/pateandoelmundo\/placas-y-senaletica\/placas\/\" rel=\"attachment wp-att-26687\"><img loading=\"lazy\" decoding=\"async\" class=\"aligncenter size-medium wp-image-26687\" src=\"https:\/\/www.granadablogs.com\/pateandoelmundo\/wp-content\/uploads\/2019\/02\/Placas-300x181.jpg\" alt=\"\" width=\"300\" height=\"181\" srcset=\"https:\/\/www.granadablogs.com\/pateandoelmundo\/wp-content\/uploads\/2019\/02\/Placas-300x181.jpg 300w, https:\/\/www.granadablogs.com\/pateandoelmundo\/wp-content\/uploads\/2019\/02\/Placas-768x464.jpg 768w, https:\/\/www.granadablogs.com\/pateandoelmundo\/wp-content\/uploads\/2019\/02\/Placas-644x389.jpg 644w\" sizes=\"auto, (max-width: 300px) 100vw, 300px\" \/><\/a><\/p>\n<p>Contrasta la generosidad de Sevilla hacia sus vecinos con la austeridad de Granada para con los suyos. \u00a1Somos una ciudad en la que ni siquiera se reconocen los lugares m\u00e1s emblem\u00e1ticos de Federico Garc\u00eda Lorca!<\/p>\n<p>No hay una muestra mejor acabada de la proverbial mala foll\u00e1 grana\u00edna que el ninguneo p\u00fablico a sus vecinos m\u00e1s notorios y a sus artistas m\u00e1s reconocidos.<\/p>\n<p>Por eso me gust\u00f3 tanto el art\u00edculo publicado por Juan Chirveches hace unos d\u00edas, en IDEAL. Se titulaba \u201cPlacas conmemorativas que echamos de menos\u201d y contiene verdades como pu\u00f1os. Por ejemplo, cuando escribe que echamos de menos muchos se\u00f1alamientos \u201ccuya dolorosa ausencia, o bien descuido y deterioro en los que ya existen, nos est\u00e1 hablando de una generalizada insensibilidad e indiferencia por lugares, personajes o espacios hist\u00f3ricos, de los que tan rica es nuestra ciudad\u201d. (Leer <a href=\"https:\/\/www.ideal.es\/opinion\/placas-conmemorativas-echamos-20190216223157-nt.html\" target=\"_blank\" rel=\"noopener\">AQU\u00cd<\/a>)<\/p>\n<p><a href=\"https:\/\/www.granadablogs.com\/pateandoelmundo\/placas-y-senaletica\/placas-y-senaletica\/\" rel=\"attachment wp-att-26688\"><img loading=\"lazy\" decoding=\"async\" class=\"aligncenter size-medium wp-image-26688\" src=\"https:\/\/www.granadablogs.com\/pateandoelmundo\/wp-content\/uploads\/2019\/02\/Placas-y-se\u00f1al\u00e9tica-300x225.jpg\" alt=\"\" width=\"300\" height=\"225\" srcset=\"https:\/\/www.granadablogs.com\/pateandoelmundo\/wp-content\/uploads\/2019\/02\/Placas-y-se\u00f1al\u00e9tica-300x225.jpg 300w, https:\/\/www.granadablogs.com\/pateandoelmundo\/wp-content\/uploads\/2019\/02\/Placas-y-se\u00f1al\u00e9tica-768x576.jpg 768w, https:\/\/www.granadablogs.com\/pateandoelmundo\/wp-content\/uploads\/2019\/02\/Placas-y-se\u00f1al\u00e9tica-644x483.jpg 644w\" sizes=\"auto, (max-width: 300px) 100vw, 300px\" \/><\/a><\/p>\n<p>\u00bfLlevar\u00e1 alg\u00fan partido pol\u00edtico en su programa electoral la catalogaci\u00f3n de granadinas y granadinos insignes, la recopilaci\u00f3n de memorables acontecimientos hist\u00f3ricos y de lugares emblem\u00e1ticos que recordar? Catalogaci\u00f3n y posterior colocaci\u00f3n de unas vistosas y elegantes cer\u00e1micas de Fajalauza a modo de homenaje, por supuesto.<\/p>\n<p>Una se\u00f1al\u00e9tica con identidad propia que se hable con las modernas Apps de nuestros sofisticados m\u00f3viles. Apps que permitan a la gente, tanto a los turistas y a los viajeros como a los propios granadinos, profundizar en las biograf\u00edas y hechos de los personajes famosos, en los aconteceres hist\u00f3ricos de nuestra ciudad y en la evocaci\u00f3n de esos lugares tan singulares y gratos para el recuerdo.<\/p>\n<p>\u00bfNo da rabia vivir en una ciudad tan rica en historia y en cultura, pero que nuestras avenidas, calles y plazas sean inmunes a ellas, mostr\u00e1ndose completamente desmemoriadas?<\/p>\n<p>Jes\u00fas Lens<\/p>\n<p><a href=\"https:\/\/twitter.com\/Jesus_Lens\" target=\"_blank\" rel=\"attachment noopener wp-att-26053\"><img loading=\"lazy\" decoding=\"async\" class=\"size-full wp-image-26053 alignleft\" src=\"https:\/\/www.granadablogs.com\/pateandoelmundo\/wp-content\/uploads\/2018\/11\/0Twitter-Lens.jpg\" alt=\"\" width=\"196\" height=\"47\" \/><\/a><\/p>\n","protected":false},"excerpt":{"rendered":"<p>Como les cont\u00e9 hace un par de semanas, estando en Sevilla y aprovechando unas horas que ten\u00eda libres, me dediqu\u00e9 a pasear por la hermosa Triana, un mi\u00e9rcoles de buena ma\u00f1ana. Una de las cosas que m\u00e1s me gustaron de aquel paseo fue descubrir la cantidad de vistosas placas de cer\u00e1mica en las que se [&hellip;]<\/p>\n","protected":false},"author":1,"featured_media":0,"comment_status":"open","ping_status":"open","sticky":false,"template":"","format":"standard","meta":{"jetpack_post_was_ever_published":false,"_jetpack_newsletter_access":"","_jetpack_dont_email_post_to_subs":false,"_jetpack_newsletter_tier_id":0,"_jetpack_memberships_contains_paywalled_content":false,"_jetpack_memberships_contains_paid_content":false,"footnotes":""},"categories":[6],"tags":[17467,17464,17466,17465,17468],"class_list":["post-26686","post","type-post","status-publish","format-standard","hentry","category-opinion","tag-ceramica-fajalauza","tag-juan-chirveches","tag-placas-granada","tag-placas-y-senaletica","tag-rinconete-y-cortadillo"],"jetpack_featured_media_url":"","jetpack_sharing_enabled":true,"_links":{"self":[{"href":"https:\/\/www.granadablogs.com\/pateandoelmundo\/wp-json\/wp\/v2\/posts\/26686","targetHints":{"allow":["GET"]}}],"collection":[{"href":"https:\/\/www.granadablogs.com\/pateandoelmundo\/wp-json\/wp\/v2\/posts"}],"about":[{"href":"https:\/\/www.granadablogs.com\/pateandoelmundo\/wp-json\/wp\/v2\/types\/post"}],"author":[{"embeddable":true,"href":"https:\/\/www.granadablogs.com\/pateandoelmundo\/wp-json\/wp\/v2\/users\/1"}],"replies":[{"embeddable":true,"href":"https:\/\/www.granadablogs.com\/pateandoelmundo\/wp-json\/wp\/v2\/comments?post=26686"}],"version-history":[{"count":3,"href":"https:\/\/www.granadablogs.com\/pateandoelmundo\/wp-json\/wp\/v2\/posts\/26686\/revisions"}],"predecessor-version":[{"id":26698,"href":"https:\/\/www.granadablogs.com\/pateandoelmundo\/wp-json\/wp\/v2\/posts\/26686\/revisions\/26698"}],"wp:attachment":[{"href":"https:\/\/www.granadablogs.com\/pateandoelmundo\/wp-json\/wp\/v2\/media?parent=26686"}],"wp:term":[{"taxonomy":"category","embeddable":true,"href":"https:\/\/www.granadablogs.com\/pateandoelmundo\/wp-json\/wp\/v2\/categories?post=26686"},{"taxonomy":"post_tag","embeddable":true,"href":"https:\/\/www.granadablogs.com\/pateandoelmundo\/wp-json\/wp\/v2\/tags?post=26686"}],"curies":[{"name":"wp","href":"https:\/\/api.w.org\/{rel}","templated":true}]}}