{"id":26612,"date":"2019-02-16T13:39:56","date_gmt":"2019-02-16T12:39:56","guid":{"rendered":"https:\/\/www.granadablogs.com\/pateandoelmundo\/?p=26612"},"modified":"2019-02-16T13:39:56","modified_gmt":"2019-02-16T12:39:56","slug":"28-a-dia-del-bacteriologo","status":"publish","type":"post","link":"https:\/\/www.granadablogs.com\/pateandoelmundo\/28-a-dia-del-bacteriologo\/","title":{"rendered":"28-A: D\u00eda del bacteri\u00f3logo"},"content":{"rendered":"<p>Para m\u00ed, el d\u00eda ideal para que el autor de \u201cManual de resistencia\u201d convocara elecciones generales era el Domingo de Resurrecci\u00f3n: Pedro S\u00e1nchez ha sido dado por muerto tantas veces como ha acabado resucitando. Sin embargo, ha elegido el 28 de abril, de acuerdo a los consejos de su gur\u00fa personal. \u00bfQu\u00e9 habr\u00e1n visto en el 28-A, que no veamos el com\u00fan de los mortales?<\/p>\n<p><a href=\"https:\/\/www.granadablogs.com\/pateandoelmundo\/28-a-dia-del-bacteriologo\/manual-de-resistencia\/\" rel=\"attachment wp-att-26613\"><img loading=\"lazy\" decoding=\"async\" class=\"aligncenter size-medium wp-image-26613\" src=\"https:\/\/www.granadablogs.com\/pateandoelmundo\/wp-content\/uploads\/2019\/02\/Manual-de-resistencia-198x300.jpg\" alt=\"\" width=\"198\" height=\"300\" srcset=\"https:\/\/www.granadablogs.com\/pateandoelmundo\/wp-content\/uploads\/2019\/02\/Manual-de-resistencia-198x300.jpg 198w, https:\/\/www.granadablogs.com\/pateandoelmundo\/wp-content\/uploads\/2019\/02\/Manual-de-resistencia-768x1165.jpg 768w, https:\/\/www.granadablogs.com\/pateandoelmundo\/wp-content\/uploads\/2019\/02\/Manual-de-resistencia-644x977.jpg 644w, https:\/\/www.granadablogs.com\/pateandoelmundo\/wp-content\/uploads\/2019\/02\/Manual-de-resistencia.jpg 2000w\" sizes=\"auto, (max-width: 198px) 100vw, 198px\" \/><\/a><\/p>\n<p>Vaya por delante que yo estaba en contra del Superdomingo: le tengo tanto respeto a la democracia municipal y a las elecciones locales que me hubiera indignado que el debate se centrara en Catalu\u00f1a, Franco, el Relator y un Casado pasado de vueltas.<\/p>\n<p>Separemos debates y separemos votaciones. Centr\u00e9monos, ahora, en el 28-A. \u00bfSab\u00edan ustedes que en esa fecha se celebra el D\u00eda del Bacteri\u00f3logo? No tengo muy claro, todav\u00eda, qu\u00e9 significa, pero alguna conexi\u00f3n debe tener con lo de las elecciones. \u00bfO habr\u00e1n elegido los consejeros a\u00falicos de S\u00e1nchez ese d\u00eda porque tambi\u00e9n se celebra el D\u00eda Mundial de la Salud y la Seguridad en el Trabajo, declarado por la OIT. \u00bfCasualidad?<\/p>\n<p>M\u00e1s datos significativos del 28-A: se celebra, adem\u00e1s de San Pedro Chanel -ejem, ejem- nada menos que San Prudencio. \u00bfConsideran ustedes prudente la fecha elegida por S\u00e1nchez? \u00bfOsada? \u00bfValiente? \u00bfArrojada? Hasta que no se escrute el \u00faltimo voto, no lo sabremos.<\/p>\n<p><a href=\"https:\/\/www.granadablogs.com\/pateandoelmundo\/28-a-dia-del-bacteriologo\/san-prudencio\/\" rel=\"attachment wp-att-26614\"><img loading=\"lazy\" decoding=\"async\" class=\"aligncenter size-medium wp-image-26614\" src=\"https:\/\/www.granadablogs.com\/pateandoelmundo\/wp-content\/uploads\/2019\/02\/San-Prudencio-225x300.jpg\" alt=\"\" width=\"225\" height=\"300\" srcset=\"https:\/\/www.granadablogs.com\/pateandoelmundo\/wp-content\/uploads\/2019\/02\/San-Prudencio-225x300.jpg 225w, https:\/\/www.granadablogs.com\/pateandoelmundo\/wp-content\/uploads\/2019\/02\/San-Prudencio.jpg 338w\" sizes=\"auto, (max-width: 225px) 100vw, 225px\" \/><\/a><\/p>\n<p>En And\u00fajar, est\u00e1n que trinan, que coincide con la romer\u00eda de la Virgen de la Cabeza. Pero cabeza, cabeza, la de S\u00e1nchez, con su resistente resiliencia. \u00bfY si la cosa fuera, m\u00e1s bien, de cholismo y de ir partido a partido? Porque el Cholo Simeone cumple 49 a\u00f1azos el 28-A. Y el ser atl\u00e9tico, como el ser Demente del Estudiantes, imprime car\u00e1cter. La est\u00e9tica de la derrota, que tiene mucho tir\u00f3n.<\/p>\n<p>\u00a1Qu\u00e9 buena Semana Santa vamos a pasar! \u00bfQu\u00e9 le pedir\u00e1n ustedes al Cristo de los Favores? \u00bfQu\u00e9 pecados conviene expiar, electoralmente? \u00bfHabr\u00e1 que encomendarse al Cristo del Silencio, para huir de la propaganda electoral?<\/p>\n<p>O, quiz\u00e1, la fecha elegida recuerda que en 1977, se legalizaron la UGT y Comisiones Obreras, un claro gui\u00f1o al sindicalismo y a la clase trabajadora.<\/p>\n<p><a href=\"https:\/\/www.granadablogs.com\/pateandoelmundo\/28-a-dia-del-bacteriologo\/comisiones-obreras-legales\/\" rel=\"attachment wp-att-26615\"><img loading=\"lazy\" decoding=\"async\" class=\"aligncenter size-medium wp-image-26615\" src=\"https:\/\/www.granadablogs.com\/pateandoelmundo\/wp-content\/uploads\/2019\/02\/Comisiones-Obreras-legales-300x266.png\" alt=\"\" width=\"300\" height=\"266\" srcset=\"https:\/\/www.granadablogs.com\/pateandoelmundo\/wp-content\/uploads\/2019\/02\/Comisiones-Obreras-legales-300x266.png 300w, https:\/\/www.granadablogs.com\/pateandoelmundo\/wp-content\/uploads\/2019\/02\/Comisiones-Obreras-legales.png 338w\" sizes=\"auto, (max-width: 300px) 100vw, 300px\" \/><\/a><\/p>\n<p>Sea la raz\u00f3n que sea, me alegro de que las Generales no coincidan con las Municipales. Los ciudadanos nos merecemos debates espec\u00edficos sobre cuestiones tan diferentes como los Presupuestos Generales del Estado y la Operaci\u00f3n Nazar\u00ed.<\/p>\n<p>Jes\u00fas Lens<\/p>\n<p><a href=\"https:\/\/twitter.com\/Jesus_Lens\" target=\"_blank\" rel=\"attachment noopener wp-att-26053\"><img loading=\"lazy\" decoding=\"async\" class=\"size-full wp-image-26053 alignleft\" src=\"https:\/\/www.granadablogs.com\/pateandoelmundo\/wp-content\/uploads\/2018\/11\/0Twitter-Lens.jpg\" alt=\"\" width=\"196\" height=\"47\" \/><\/a><\/p>\n","protected":false},"excerpt":{"rendered":"<p>Para m\u00ed, el d\u00eda ideal para que el autor de \u201cManual de resistencia\u201d convocara elecciones generales era el Domingo de Resurrecci\u00f3n: Pedro S\u00e1nchez ha sido dado por muerto tantas veces como ha acabado resucitando. Sin embargo, ha elegido el 28 de abril, de acuerdo a los consejos de su gur\u00fa personal. \u00bfQu\u00e9 habr\u00e1n visto en [&hellip;]<\/p>\n","protected":false},"author":1,"featured_media":0,"comment_status":"open","ping_status":"open","sticky":false,"template":"","format":"standard","meta":{"jetpack_post_was_ever_published":false,"_jetpack_newsletter_access":"","_jetpack_dont_email_post_to_subs":false,"_jetpack_newsletter_tier_id":0,"_jetpack_memberships_contains_paywalled_content":false,"_jetpack_memberships_contains_paid_content":false,"footnotes":""},"categories":[6],"tags":[17412,17413,17414,17415],"class_list":["post-26612","post","type-post","status-publish","format-standard","hentry","category-opinion","tag-28a","tag-elecciones-28a","tag-elecciones-generales-2019","tag-superdomingo"],"jetpack_featured_media_url":"","jetpack_sharing_enabled":true,"_links":{"self":[{"href":"https:\/\/www.granadablogs.com\/pateandoelmundo\/wp-json\/wp\/v2\/posts\/26612","targetHints":{"allow":["GET"]}}],"collection":[{"href":"https:\/\/www.granadablogs.com\/pateandoelmundo\/wp-json\/wp\/v2\/posts"}],"about":[{"href":"https:\/\/www.granadablogs.com\/pateandoelmundo\/wp-json\/wp\/v2\/types\/post"}],"author":[{"embeddable":true,"href":"https:\/\/www.granadablogs.com\/pateandoelmundo\/wp-json\/wp\/v2\/users\/1"}],"replies":[{"embeddable":true,"href":"https:\/\/www.granadablogs.com\/pateandoelmundo\/wp-json\/wp\/v2\/comments?post=26612"}],"version-history":[{"count":2,"href":"https:\/\/www.granadablogs.com\/pateandoelmundo\/wp-json\/wp\/v2\/posts\/26612\/revisions"}],"predecessor-version":[{"id":26617,"href":"https:\/\/www.granadablogs.com\/pateandoelmundo\/wp-json\/wp\/v2\/posts\/26612\/revisions\/26617"}],"wp:attachment":[{"href":"https:\/\/www.granadablogs.com\/pateandoelmundo\/wp-json\/wp\/v2\/media?parent=26612"}],"wp:term":[{"taxonomy":"category","embeddable":true,"href":"https:\/\/www.granadablogs.com\/pateandoelmundo\/wp-json\/wp\/v2\/categories?post=26612"},{"taxonomy":"post_tag","embeddable":true,"href":"https:\/\/www.granadablogs.com\/pateandoelmundo\/wp-json\/wp\/v2\/tags?post=26612"}],"curies":[{"name":"wp","href":"https:\/\/api.w.org\/{rel}","templated":true}]}}