{"id":26579,"date":"2019-02-11T09:03:14","date_gmt":"2019-02-11T08:03:14","guid":{"rendered":"https:\/\/www.granadablogs.com\/pateandoelmundo\/?p=26579"},"modified":"2019-02-11T09:04:17","modified_gmt":"2019-02-11T08:04:17","slug":"antonio-lozano-en-el-corazon","status":"publish","type":"post","link":"https:\/\/www.granadablogs.com\/pateandoelmundo\/antonio-lozano-en-el-corazon\/","title":{"rendered":"Antonio Lozano en el coraz\u00f3n"},"content":{"rendered":"<p>Se nos ha ido Antonio Lozano, un novelista excelente, un agitador cultural sin igual y, sobre todo, un hombre bueno. Se me ha ido mi hermano mayor, disc\u00falpenme si lo patrimonializo y lo hago m\u00edo; pero eso era, eso es Antonio para m\u00ed. Un espejo en el que mirarme. Un referente imprescindible. Esa persona sabia que sirve como modelo y gu\u00eda, a la que siempre tratas de complacer e impresionar. Si a Antonio le gusta, es que est\u00e1 bien.<\/p>\n<p><a href=\"https:\/\/www.granadablogs.com\/pateandoelmundo\/antonio-lozano-en-el-corazon\/antonio-lozano-jesus-lens\/\" rel=\"attachment wp-att-26580\"><img loading=\"lazy\" decoding=\"async\" class=\"aligncenter size-medium wp-image-26580\" src=\"https:\/\/www.granadablogs.com\/pateandoelmundo\/wp-content\/uploads\/2019\/02\/Antonio-Lozano-Jes\u00fas-Lens-300x200.jpg\" alt=\"\" width=\"300\" height=\"200\" srcset=\"https:\/\/www.granadablogs.com\/pateandoelmundo\/wp-content\/uploads\/2019\/02\/Antonio-Lozano-Jes\u00fas-Lens-300x200.jpg 300w, https:\/\/www.granadablogs.com\/pateandoelmundo\/wp-content\/uploads\/2019\/02\/Antonio-Lozano-Jes\u00fas-Lens-768x512.jpg 768w, https:\/\/www.granadablogs.com\/pateandoelmundo\/wp-content\/uploads\/2019\/02\/Antonio-Lozano-Jes\u00fas-Lens-644x429.jpg 644w, https:\/\/www.granadablogs.com\/pateandoelmundo\/wp-content\/uploads\/2019\/02\/Antonio-Lozano-Jes\u00fas-Lens.jpg 1200w\" sizes=\"auto, (max-width: 300px) 100vw, 300px\" \/><\/a><\/p>\n<p>Nos hemos visto muchas veces en los \u00faltimos meses. En Granada y en Canarias. Y en T\u00e1nger, aquel viaje maravilloso por las calles de su infancia. Y siempre, por muy enfermo que estuviera, han sido encuentros felices, alegres y dichosos. Tras cada conversaci\u00f3n, un nuevo plan. Un proyecto diferente. Una idea resplandeciente.<\/p>\n<p>Estaba siendo un domingo precioso. Hab\u00eda salido a correr con mi hermano y con Jos\u00e9 Antonio, disfrutando de las vistas sin igual que nos regala nuestra ciudad. Hab\u00eda estado leyendo al sol, tomando unas cervezas. Hab\u00eda vuelto a casa y, antes de trabajar, lo hab\u00eda pasado pipa con Larry David. Entonces, el mazazo.<\/p>\n<p><a href=\"https:\/\/www.granadablogs.com\/pateandoelmundo\/antonio-lozano-en-el-corazon\/antonio-lozano-jesus-lens-noir\/\" rel=\"attachment wp-att-26581\"><img loading=\"lazy\" decoding=\"async\" class=\"aligncenter size-medium wp-image-26581\" src=\"https:\/\/www.granadablogs.com\/pateandoelmundo\/wp-content\/uploads\/2019\/02\/Antonio-Lozano-Jes\u00fas-Lens-Noir-300x225.jpg\" alt=\"\" width=\"300\" height=\"225\" srcset=\"https:\/\/www.granadablogs.com\/pateandoelmundo\/wp-content\/uploads\/2019\/02\/Antonio-Lozano-Jes\u00fas-Lens-Noir-300x225.jpg 300w, https:\/\/www.granadablogs.com\/pateandoelmundo\/wp-content\/uploads\/2019\/02\/Antonio-Lozano-Jes\u00fas-Lens-Noir-768x576.jpg 768w, https:\/\/www.granadablogs.com\/pateandoelmundo\/wp-content\/uploads\/2019\/02\/Antonio-Lozano-Jes\u00fas-Lens-Noir-644x483.jpg 644w, https:\/\/www.granadablogs.com\/pateandoelmundo\/wp-content\/uploads\/2019\/02\/Antonio-Lozano-Jes\u00fas-Lens-Noir.jpg 960w\" sizes=\"auto, (max-width: 300px) 100vw, 300px\" \/><\/a><\/p>\n<p>He colgado el tel\u00e9fono a todas las personas que han llamado. No pod\u00eda articular palabra. Todo era llorar y llorar. Entonces me imagin\u00e9 a Antonio, poniendo cara de extra\u00f1eza y reconvini\u00e9ndome con su perenne sonrisa. La que no perd\u00eda por mucho que le dolieran los estragos del c\u00e1ncer. \u201c\u00bfPor qu\u00e9 lloras?\u201d Yo intentar\u00eda explicarle, como en \u201cUna pena en observaci\u00f3n\u201d, que el dolor de ahora, las l\u00e1grimas, son parte de la dicha de haberle conocido, de haber sido su amigo, de haber compartido tanto\u2026 Antonio se habr\u00eda re\u00eddo y hubiera dicho que s\u00ed, que vale. Pero que mejor hablamos del r\u00edo de N\u00edger, de cu\u00e1ndo vamos a volver a Senegal o de la pr\u00f3xima Feria del Libro.<\/p>\n<p><a href=\"https:\/\/www.granadablogs.com\/pateandoelmundo\/antonio-lozano-en-el-corazon\/antonio-lozano-en-el-corazon-2\/\" rel=\"attachment wp-att-26586\"><img loading=\"lazy\" decoding=\"async\" class=\"aligncenter size-medium wp-image-26586\" src=\"https:\/\/www.granadablogs.com\/pateandoelmundo\/wp-content\/uploads\/2019\/02\/Antonio-Lozano-en-el-coraz\u00f3n-300x209.jpg\" alt=\"\" width=\"300\" height=\"209\" srcset=\"https:\/\/www.granadablogs.com\/pateandoelmundo\/wp-content\/uploads\/2019\/02\/Antonio-Lozano-en-el-coraz\u00f3n-300x209.jpg 300w, https:\/\/www.granadablogs.com\/pateandoelmundo\/wp-content\/uploads\/2019\/02\/Antonio-Lozano-en-el-coraz\u00f3n-768x535.jpg 768w, https:\/\/www.granadablogs.com\/pateandoelmundo\/wp-content\/uploads\/2019\/02\/Antonio-Lozano-en-el-coraz\u00f3n-644x449.jpg 644w\" sizes=\"auto, (max-width: 300px) 100vw, 300px\" \/><\/a><\/p>\n<p>Leo en las redes sociales las reacciones por la marcha de Antonio y en todas ellas hay un denominador com\u00fan: una celebraci\u00f3n de la vida. Por eso, en vez de seguir llorando, prefiero recordar las palabras de su libro dedicado a Mandela, cuando defin\u00eda el concepto de Ubuntu: quien mira a los dem\u00e1s y ve en ellos a una comunidad, el que conoce el valor profundo de la solidaridad. La empat\u00eda est\u00e1 en la esencia del hombre Ubuntu que Antonio Lozano tan bien supo personificar.<\/p>\n<p>Hasta siempre, compa\u00f1ero.<\/p>\n<p>Jes\u00fas Lens<\/p>\n<p><a href=\"https:\/\/twitter.com\/Jesus_Lens\" target=\"_blank\" rel=\"attachment noopener wp-att-26053\"><img loading=\"lazy\" decoding=\"async\" class=\"size-full wp-image-26053 alignleft\" src=\"https:\/\/www.granadablogs.com\/pateandoelmundo\/wp-content\/uploads\/2018\/11\/0Twitter-Lens.jpg\" alt=\"\" width=\"196\" height=\"47\" \/><\/a><\/p>\n","protected":false},"excerpt":{"rendered":"<p>Se nos ha ido Antonio Lozano, un novelista excelente, un agitador cultural sin igual y, sobre todo, un hombre bueno. Se me ha ido mi hermano mayor, disc\u00falpenme si lo patrimonializo y lo hago m\u00edo; pero eso era, eso es Antonio para m\u00ed. Un espejo en el que mirarme. Un referente imprescindible. Esa persona sabia [&hellip;]<\/p>\n","protected":false},"author":1,"featured_media":0,"comment_status":"open","ping_status":"open","sticky":false,"template":"","format":"standard","meta":{"jetpack_post_was_ever_published":false,"_jetpack_newsletter_access":"","_jetpack_dont_email_post_to_subs":false,"_jetpack_newsletter_tier_id":0,"_jetpack_memberships_contains_paywalled_content":false,"_jetpack_memberships_contains_paid_content":false,"footnotes":""},"categories":[9,6],"tags":[344,17390,17393,17392,17391],"class_list":["post-26579","post","type-post","status-publish","format-standard","hentry","category-literarios","category-opinion","tag-antonio-lozano","tag-antonio-lozano-en-el-corazon","tag-hombre-ubuntu","tag-lozano","tag-mandela-lozano"],"jetpack_featured_media_url":"","jetpack_sharing_enabled":true,"_links":{"self":[{"href":"https:\/\/www.granadablogs.com\/pateandoelmundo\/wp-json\/wp\/v2\/posts\/26579","targetHints":{"allow":["GET"]}}],"collection":[{"href":"https:\/\/www.granadablogs.com\/pateandoelmundo\/wp-json\/wp\/v2\/posts"}],"about":[{"href":"https:\/\/www.granadablogs.com\/pateandoelmundo\/wp-json\/wp\/v2\/types\/post"}],"author":[{"embeddable":true,"href":"https:\/\/www.granadablogs.com\/pateandoelmundo\/wp-json\/wp\/v2\/users\/1"}],"replies":[{"embeddable":true,"href":"https:\/\/www.granadablogs.com\/pateandoelmundo\/wp-json\/wp\/v2\/comments?post=26579"}],"version-history":[{"count":3,"href":"https:\/\/www.granadablogs.com\/pateandoelmundo\/wp-json\/wp\/v2\/posts\/26579\/revisions"}],"predecessor-version":[{"id":26587,"href":"https:\/\/www.granadablogs.com\/pateandoelmundo\/wp-json\/wp\/v2\/posts\/26579\/revisions\/26587"}],"wp:attachment":[{"href":"https:\/\/www.granadablogs.com\/pateandoelmundo\/wp-json\/wp\/v2\/media?parent=26579"}],"wp:term":[{"taxonomy":"category","embeddable":true,"href":"https:\/\/www.granadablogs.com\/pateandoelmundo\/wp-json\/wp\/v2\/categories?post=26579"},{"taxonomy":"post_tag","embeddable":true,"href":"https:\/\/www.granadablogs.com\/pateandoelmundo\/wp-json\/wp\/v2\/tags?post=26579"}],"curies":[{"name":"wp","href":"https:\/\/api.w.org\/{rel}","templated":true}]}}