{"id":26506,"date":"2019-01-29T21:28:29","date_gmt":"2019-01-29T20:28:29","guid":{"rendered":"https:\/\/www.granadablogs.com\/pateandoelmundo\/?p=26506"},"modified":"2019-01-29T21:28:29","modified_gmt":"2019-01-29T20:28:29","slug":"toreo-de-salon-de-plenos","status":"publish","type":"post","link":"https:\/\/www.granadablogs.com\/pateandoelmundo\/toreo-de-salon-de-plenos\/","title":{"rendered":"Toreo de Sal\u00f3n&#8230; de Plenos"},"content":{"rendered":"<p>\u00a1Qu\u00e9 raz\u00f3n tiene Pilar Rivas, concejal no adscrita del Ayuntamiento de Granada, pr\u00f3xima candidata a la Alcald\u00eda por Equo y antigua militante, simpatizante o lo que quiera que fuera de Podemos, Vamos Granada o la confluencia que correspondiera en su momento!<\/p>\n<p><a href=\"https:\/\/www.granadablogs.com\/pateandoelmundo\/toreo-de-salon-de-plenos\/pilar-rivas\/\" rel=\"attachment wp-att-26507\"><img loading=\"lazy\" decoding=\"async\" class=\"aligncenter size-medium wp-image-26507\" src=\"https:\/\/www.granadablogs.com\/pateandoelmundo\/wp-content\/uploads\/2019\/01\/Pilar-Rivas-300x185.jpg\" alt=\"\" width=\"300\" height=\"185\" srcset=\"https:\/\/www.granadablogs.com\/pateandoelmundo\/wp-content\/uploads\/2019\/01\/Pilar-Rivas-300x185.jpg 300w, https:\/\/www.granadablogs.com\/pateandoelmundo\/wp-content\/uploads\/2019\/01\/Pilar-Rivas.jpg 624w\" sizes=\"auto, (max-width: 300px) 100vw, 300px\" \/><\/a><\/p>\n<p>Qu\u00e9 raz\u00f3n tiene Pilar Rivas, dec\u00eda, al considerar una p\u00e9rdida de tiempo esas mociones absurdas que los partidos pol\u00edticos llevan a los plenos del Ayuntamiento para darse pisto y posicionarse en temas como Venezuela o la tauromaquia. Mociones que son puro toreo de sal\u00f3n\u2026 de plenos, en este caso. Brindis al sol, pero con las copas vac\u00edas y nada que llevarse a los labios.<\/p>\n<p>Equo ha afeado a Pilar Rivas que se abstuviera en la moci\u00f3n del PSOE sobre el cord\u00f3n sanitario a Vox. Y Pilar ha contestado, con mucha sensatez, que \u201centrar a debatir mociones como las presentadas por PP y PSOE el pasado viernes, deterioran nuestra calidad democr\u00e1tica y alimentan una ret\u00f3rica de enfrentamiento\u201d. Porque adem\u00e1s del cord\u00f3n, PP y PSOE llevaron una trascendental propuesta de apoyo a la tauromaquia. Con un par\u2026 de cuernos.<\/p>\n<figure id=\"attachment_26508\" aria-describedby=\"caption-attachment-26508\" style=\"width: 300px\" class=\"wp-caption aligncenter\"><a href=\"https:\/\/www.granadablogs.com\/pateandoelmundo\/toreo-de-salon-de-plenos\/pilar-rivas-vox\/\" rel=\"attachment wp-att-26508\"><img loading=\"lazy\" decoding=\"async\" class=\"size-medium wp-image-26508\" src=\"https:\/\/www.granadablogs.com\/pateandoelmundo\/wp-content\/uploads\/2019\/01\/Pilar-Rivas-Vox-300x186.jpg\" alt=\"\" width=\"300\" height=\"186\" srcset=\"https:\/\/www.granadablogs.com\/pateandoelmundo\/wp-content\/uploads\/2019\/01\/Pilar-Rivas-Vox-300x186.jpg 300w, https:\/\/www.granadablogs.com\/pateandoelmundo\/wp-content\/uploads\/2019\/01\/Pilar-Rivas-Vox.jpg 622w\" sizes=\"auto, (max-width: 300px) 100vw, 300px\" \/><\/a><figcaption id=\"caption-attachment-26508\" class=\"wp-caption-text\">Los de Vox, en Granada, otra vez en el foco de atenci\u00f3n gracias a los estrategas del PSOE<\/figcaption><\/figure>\n<p>Propuestas que nada tienen que ver con las necesidades de la gente de los barrios de Granada, con sus problemas reales, como tambi\u00e9n recalc\u00f3 Pilar. Otra afirmaci\u00f3n que suscribo de pe a pa.<\/p>\n<p>Y luego est\u00e1 la otra cuesti\u00f3n. La de la estrategia. \u00bfQui\u00e9n fue el genio visionario que decidi\u00f3 llevar al pleno lo del cord\u00f3n sanitario a Vox y lo de los toros, poniendo un potente foco de atenci\u00f3n en el ideario del partido al que, supuestamente y en teor\u00eda, se pretende acordonar?<\/p>\n<p>\u00bfDe verdad no se han enterado todav\u00eda en el PP y en el PSOE de que la demonizaci\u00f3n no solo no funciona, sino que da alas a la ultraderecha, que les impulsa y les beneficia? \u00bfNo les qued\u00f3 clara la lecci\u00f3n de las andaluzas y van a repetir los mismos errores en la Plaza del Carmen?<\/p>\n<p>El mejor cord\u00f3n sanitario ser\u00eda que los concejales del Ayuntamiento fueran capaces de sentarse a negociar y consensuar un presupuesto aceptable para los ciudadanos, en vez de perder el tiempo con folleta\u00edcas y chumin\u00e1s que no van a ning\u00fan sitio.<\/p>\n<p><a href=\"https:\/\/www.granadablogs.com\/pateandoelmundo\/toreo-de-salon-de-plenos\/pilar-rivas-ayuntamiento\/\" rel=\"attachment wp-att-26509\"><img loading=\"lazy\" decoding=\"async\" class=\"aligncenter size-medium wp-image-26509\" src=\"https:\/\/www.granadablogs.com\/pateandoelmundo\/wp-content\/uploads\/2019\/01\/Pilar-Rivas-Ayuntamiento-300x185.jpg\" alt=\"\" width=\"300\" height=\"185\" \/><\/a><\/p>\n<p>Enhorabuena a Pilar Rivas por decir las cosas como son. \u00bfQu\u00e9 tal si cogen por los cuernos los apagones de la Zona Norte, mejor que la tauromaquia y los cordones?<\/p>\n<p>Jes\u00fas Lens<\/p>\n<p><a href=\"https:\/\/twitter.com\/Jesus_Lens\" target=\"_blank\" rel=\"attachment noopener wp-att-26053\"><img loading=\"lazy\" decoding=\"async\" class=\"size-full wp-image-26053 alignleft\" src=\"https:\/\/www.granadablogs.com\/pateandoelmundo\/wp-content\/uploads\/2018\/11\/0Twitter-Lens.jpg\" alt=\"\" width=\"196\" height=\"47\" \/><\/a><\/p>\n","protected":false},"excerpt":{"rendered":"<p>\u00a1Qu\u00e9 raz\u00f3n tiene Pilar Rivas, concejal no adscrita del Ayuntamiento de Granada, pr\u00f3xima candidata a la Alcald\u00eda por Equo y antigua militante, simpatizante o lo que quiera que fuera de Podemos, Vamos Granada o la confluencia que correspondiera en su momento! Qu\u00e9 raz\u00f3n tiene Pilar Rivas, dec\u00eda, al considerar una p\u00e9rdida de tiempo esas mociones [&hellip;]<\/p>\n","protected":false},"author":1,"featured_media":0,"comment_status":"open","ping_status":"open","sticky":false,"template":"","format":"standard","meta":{"jetpack_post_was_ever_published":false,"_jetpack_newsletter_access":"","_jetpack_dont_email_post_to_subs":false,"_jetpack_newsletter_tier_id":0,"_jetpack_memberships_contains_paywalled_content":false,"_jetpack_memberships_contains_paid_content":false,"footnotes":""},"categories":[6],"tags":[17348,15432,17347],"class_list":["post-26506","post","type-post","status-publish","format-standard","hentry","category-opinion","tag-mociones-para-tontos","tag-pilar-rivas","tag-toreo-de-salon-de-plenos"],"jetpack_featured_media_url":"","jetpack_sharing_enabled":true,"_links":{"self":[{"href":"https:\/\/www.granadablogs.com\/pateandoelmundo\/wp-json\/wp\/v2\/posts\/26506","targetHints":{"allow":["GET"]}}],"collection":[{"href":"https:\/\/www.granadablogs.com\/pateandoelmundo\/wp-json\/wp\/v2\/posts"}],"about":[{"href":"https:\/\/www.granadablogs.com\/pateandoelmundo\/wp-json\/wp\/v2\/types\/post"}],"author":[{"embeddable":true,"href":"https:\/\/www.granadablogs.com\/pateandoelmundo\/wp-json\/wp\/v2\/users\/1"}],"replies":[{"embeddable":true,"href":"https:\/\/www.granadablogs.com\/pateandoelmundo\/wp-json\/wp\/v2\/comments?post=26506"}],"version-history":[{"count":2,"href":"https:\/\/www.granadablogs.com\/pateandoelmundo\/wp-json\/wp\/v2\/posts\/26506\/revisions"}],"predecessor-version":[{"id":26511,"href":"https:\/\/www.granadablogs.com\/pateandoelmundo\/wp-json\/wp\/v2\/posts\/26506\/revisions\/26511"}],"wp:attachment":[{"href":"https:\/\/www.granadablogs.com\/pateandoelmundo\/wp-json\/wp\/v2\/media?parent=26506"}],"wp:term":[{"taxonomy":"category","embeddable":true,"href":"https:\/\/www.granadablogs.com\/pateandoelmundo\/wp-json\/wp\/v2\/categories?post=26506"},{"taxonomy":"post_tag","embeddable":true,"href":"https:\/\/www.granadablogs.com\/pateandoelmundo\/wp-json\/wp\/v2\/tags?post=26506"}],"curies":[{"name":"wp","href":"https:\/\/api.w.org\/{rel}","templated":true}]}}