{"id":26494,"date":"2019-01-28T09:30:28","date_gmt":"2019-01-28T08:30:28","guid":{"rendered":"https:\/\/www.granadablogs.com\/pateandoelmundo\/?p=26494"},"modified":"2019-01-28T09:30:28","modified_gmt":"2019-01-28T08:30:28","slug":"demo-y-tritio-magnetico","status":"publish","type":"post","link":"https:\/\/www.granadablogs.com\/pateandoelmundo\/demo-y-tritio-magnetico\/","title":{"rendered":"Demo y Tritio Magn\u00e9tico"},"content":{"rendered":"<p>\u00bfA que suena a nueva pel\u00edcula de la Marvel, protagonizada por dos superh\u00e9roes del futuro? Aunque no descartamos su adaptaci\u00f3n al cine, Demo y Tritio Magn\u00e9tico son las dos piezas musicales reci\u00e9n compuestas por David Monta\u00f1\u00e9s y Juan Cruz-Guevara que se estrenar\u00e1n mundialmente el pr\u00f3ximo viernes, en el Teatro CajaGranada, en uno de los momentos m\u00e1s esperados del festival Gravite.<\/p>\n<p><a href=\"https:\/\/www.granadablogs.com\/pateandoelmundo\/demo-y-tritio-magnetico\/demo-y-tritio\/\" rel=\"attachment wp-att-26495\"><img loading=\"lazy\" decoding=\"async\" class=\"aligncenter size-medium wp-image-26495\" src=\"https:\/\/www.granadablogs.com\/pateandoelmundo\/wp-content\/uploads\/2019\/01\/Demo-y-Tritio-182x300.jpg\" alt=\"\" width=\"182\" height=\"300\" srcset=\"https:\/\/www.granadablogs.com\/pateandoelmundo\/wp-content\/uploads\/2019\/01\/Demo-y-Tritio-182x300.jpg 182w, https:\/\/www.granadablogs.com\/pateandoelmundo\/wp-content\/uploads\/2019\/01\/Demo-y-Tritio.jpg 621w\" sizes=\"auto, (max-width: 182px) 100vw, 182px\" \/><\/a><\/p>\n<p>Escribo, emocionado, tras asistir al monumental ensayo de ayer domingo. \u00a1Incre\u00edble ver sobre el escenario a todas las personas que van a participar en un concierto que ser\u00e1 \u00fanico, m\u00e1gico, especial e irrepetible! Un viaje musical que conectar\u00e1 el pasado medieval de la Granada nazar\u00ed con el futuro acelerador de part\u00edculas. \u00a1Ah\u00ed es nada!<\/p>\n<p>M\u00e1xima atenci\u00f3n a la n\u00f3mina de involucrados en el proyecto: Coro Manuel de Falla de la UGR y Ensemble de la Orquesta de la UGR; Aziz Samsaoui tocando el qanum y la c\u00edtara; Oussama Samsaoui al rabel y f\u00eddula; el multipercusionista \u00c1lvaro Blas y el propio David Monta\u00f1\u00e9s, al piano y los sintetizadores.<\/p>\n<figure id=\"attachment_26498\" aria-describedby=\"caption-attachment-26498\" style=\"width: 300px\" class=\"wp-caption aligncenter\"><a href=\"https:\/\/www.granadablogs.com\/pateandoelmundo\/demo-y-tritio-magnetico\/demo\/\" rel=\"attachment wp-att-26498\"><img loading=\"lazy\" decoding=\"async\" class=\"size-medium wp-image-26498\" src=\"https:\/\/www.granadablogs.com\/pateandoelmundo\/wp-content\/uploads\/2019\/01\/Demo-300x143.jpg\" alt=\"\" width=\"300\" height=\"143\" srcset=\"https:\/\/www.granadablogs.com\/pateandoelmundo\/wp-content\/uploads\/2019\/01\/Demo-300x143.jpg 300w, https:\/\/www.granadablogs.com\/pateandoelmundo\/wp-content\/uploads\/2019\/01\/Demo-768x366.jpg 768w, https:\/\/www.granadablogs.com\/pateandoelmundo\/wp-content\/uploads\/2019\/01\/Demo-644x307.jpg 644w\" sizes=\"auto, (max-width: 300px) 100vw, 300px\" \/><\/a><figcaption id=\"caption-attachment-26498\" class=\"wp-caption-text\">Ensayo en el Teatro CajaGranada<\/figcaption><\/figure>\n<p>Un desaf\u00edo monumental en el que tambi\u00e9n participa Acento Comunicaci\u00f3n con las im\u00e1genes que se proyectar\u00e1n durante el concierto, el periodista Enrique \u00c1rbol como narrador y voz en off, el profesor de la UGR Javier Praena, que ha escrito los textos cient\u00edficos que se escuchar\u00e1n desde el escenario y, por si fuera poco, Antonio Arias pondr\u00e1 su sapiencia, arte y magisterio al servicio de un proyecto surgido de la prodigiosa, c\u00f3smica e inabarcable capacidad creativa de Jorge Rodr\u00edguez Morata.<\/p>\n<p>All\u00e1 por noviembre, Jorge y yo quedamos en el Bar \u00c1vila para tomar unas ca\u00f1as y hablar sobre Gravite. No tardamos ni un chispo en sintonizar y entendernos. Hace unas semanas, Jorge nos cit\u00f3 en la Facultad de Ciencias. Nos encerr\u00f3 en un aula y nos puso en manos de Javier Praena, quien nos explic\u00f3 con todo lujo de detalles qu\u00e9 es, c\u00f3mo funciona y qu\u00e9 utilidades tiene un acelerador de part\u00edculas. Nos quedamos con la boca abierta. Tanto que la charla est\u00e1 incorporada al programa de Gravite, patrocinado por Bankia. Ser\u00e1 el jueves 31 de enero, en una apasionante sesi\u00f3n que tambi\u00e9n contar\u00e1 con la participaci\u00f3n del catedr\u00e1tico de la UGR Eduardo Ros.<\/p>\n<p><a href=\"https:\/\/www.granadablogs.com\/pateandoelmundo\/demo-y-tritio-magnetico\/demo-y-tritio-magnetico\/\" rel=\"attachment wp-att-26497\"><img loading=\"lazy\" decoding=\"async\" class=\"aligncenter size-medium wp-image-26497\" src=\"https:\/\/www.granadablogs.com\/pateandoelmundo\/wp-content\/uploads\/2019\/01\/Demo-y-tritio-magn\u00e9tico-300x150.jpg\" alt=\"\" width=\"300\" height=\"150\" srcset=\"https:\/\/www.granadablogs.com\/pateandoelmundo\/wp-content\/uploads\/2019\/01\/Demo-y-tritio-magn\u00e9tico-300x150.jpg 300w, https:\/\/www.granadablogs.com\/pateandoelmundo\/wp-content\/uploads\/2019\/01\/Demo-y-tritio-magn\u00e9tico-768x384.jpg 768w, https:\/\/www.granadablogs.com\/pateandoelmundo\/wp-content\/uploads\/2019\/01\/Demo-y-tritio-magn\u00e9tico-644x322.jpg 644w\" sizes=\"auto, (max-width: 300px) 100vw, 300px\" \/><\/a><\/p>\n<p>Es fascinante c\u00f3mo el acelerador de part\u00edculas ha inspirado la imaginaci\u00f3n y el genio compositor de David y Juan. Van ustedes a flipar con sus Demo y Tritio Magn\u00e9tico.<\/p>\n<p>Jes\u00fas Lens<\/p>\n<p><a href=\"https:\/\/twitter.com\/Jesus_Lens\" target=\"_blank\" rel=\"attachment noopener wp-att-26053\"><img loading=\"lazy\" decoding=\"async\" class=\"size-full wp-image-26053 alignleft\" src=\"https:\/\/www.granadablogs.com\/pateandoelmundo\/wp-content\/uploads\/2018\/11\/0Twitter-Lens.jpg\" alt=\"\" width=\"196\" height=\"47\" \/><\/a><\/p>\n","protected":false},"excerpt":{"rendered":"<p>\u00bfA que suena a nueva pel\u00edcula de la Marvel, protagonizada por dos superh\u00e9roes del futuro? Aunque no descartamos su adaptaci\u00f3n al cine, Demo y Tritio Magn\u00e9tico son las dos piezas musicales reci\u00e9n compuestas por David Monta\u00f1\u00e9s y Juan Cruz-Guevara que se estrenar\u00e1n mundialmente el pr\u00f3ximo viernes, en el Teatro CajaGranada, en uno de los momentos [&hellip;]<\/p>\n","protected":false},"author":1,"featured_media":0,"comment_status":"open","ping_status":"open","sticky":false,"template":"","format":"standard","meta":{"jetpack_post_was_ever_published":false,"_jetpack_newsletter_access":"","_jetpack_dont_email_post_to_subs":false,"_jetpack_newsletter_tier_id":0,"_jetpack_memberships_contains_paywalled_content":false,"_jetpack_memberships_contains_paid_content":false,"footnotes":""},"categories":[17,6],"tags":[17340,17339,17337,17223,17343,17338,17341,17342,17302],"class_list":["post-26494","post","type-post","status-publish","format-standard","hentry","category-musica","category-opinion","tag-coro-ugr","tag-david-montanes","tag-demo-y-tritio-magnetico","tag-festival-gravite","tag-gravite-bankia","tag-jorge-rodriguez-morata","tag-juan-cruz-guevara","tag-musica-gravite","tag-programa-gravite"],"jetpack_featured_media_url":"","jetpack_sharing_enabled":true,"_links":{"self":[{"href":"https:\/\/www.granadablogs.com\/pateandoelmundo\/wp-json\/wp\/v2\/posts\/26494","targetHints":{"allow":["GET"]}}],"collection":[{"href":"https:\/\/www.granadablogs.com\/pateandoelmundo\/wp-json\/wp\/v2\/posts"}],"about":[{"href":"https:\/\/www.granadablogs.com\/pateandoelmundo\/wp-json\/wp\/v2\/types\/post"}],"author":[{"embeddable":true,"href":"https:\/\/www.granadablogs.com\/pateandoelmundo\/wp-json\/wp\/v2\/users\/1"}],"replies":[{"embeddable":true,"href":"https:\/\/www.granadablogs.com\/pateandoelmundo\/wp-json\/wp\/v2\/comments?post=26494"}],"version-history":[{"count":2,"href":"https:\/\/www.granadablogs.com\/pateandoelmundo\/wp-json\/wp\/v2\/posts\/26494\/revisions"}],"predecessor-version":[{"id":26500,"href":"https:\/\/www.granadablogs.com\/pateandoelmundo\/wp-json\/wp\/v2\/posts\/26494\/revisions\/26500"}],"wp:attachment":[{"href":"https:\/\/www.granadablogs.com\/pateandoelmundo\/wp-json\/wp\/v2\/media?parent=26494"}],"wp:term":[{"taxonomy":"category","embeddable":true,"href":"https:\/\/www.granadablogs.com\/pateandoelmundo\/wp-json\/wp\/v2\/categories?post=26494"},{"taxonomy":"post_tag","embeddable":true,"href":"https:\/\/www.granadablogs.com\/pateandoelmundo\/wp-json\/wp\/v2\/tags?post=26494"}],"curies":[{"name":"wp","href":"https:\/\/api.w.org\/{rel}","templated":true}]}}