{"id":26292,"date":"2018-12-20T09:20:12","date_gmt":"2018-12-20T08:20:12","guid":{"rendered":"https:\/\/www.granadablogs.com\/pateandoelmundo\/?p=26292"},"modified":"2018-12-20T09:20:12","modified_gmt":"2018-12-20T08:20:12","slug":"justicia-para-lorca-justicia-para-penon","status":"publish","type":"post","link":"https:\/\/www.granadablogs.com\/pateandoelmundo\/justicia-para-lorca-justicia-para-penon\/","title":{"rendered":"Justicia para Lorca. Justicia para Pen\u00f3n"},"content":{"rendered":"<p>En febrero de 1955, Agust\u00edn Pen\u00f3n, barcelon\u00e9s de nacimiento, estadounidense de nacionalidad y enamorado de la poes\u00eda de Federico Garc\u00eda Lorca, lleg\u00f3 a Granada con la intenci\u00f3n de encontrar la respuesta a tres preguntas: \u00bfPor qu\u00e9 fue asesinado? \u00bfQui\u00e9n lo mat\u00f3? \u00bfD\u00f3nde est\u00e1 enterrado?<\/p>\n<p><a href=\"https:\/\/www.granadablogs.com\/pateandoelmundo\/justicia-para-lorca-justicia-para-penon\/justicia-para-lorca-justicia-para-penon\/\" rel=\"attachment wp-att-26293\"><img loading=\"lazy\" decoding=\"async\" class=\"aligncenter size-medium wp-image-26293\" src=\"https:\/\/www.granadablogs.com\/pateandoelmundo\/wp-content\/uploads\/2018\/12\/Justicia-para-Lorca-Justicia-para-Pen\u00f3n-300x196.jpg\" alt=\"\" width=\"300\" height=\"196\" srcset=\"https:\/\/www.granadablogs.com\/pateandoelmundo\/wp-content\/uploads\/2018\/12\/Justicia-para-Lorca-Justicia-para-Pen\u00f3n-300x196.jpg 300w, https:\/\/www.granadablogs.com\/pateandoelmundo\/wp-content\/uploads\/2018\/12\/Justicia-para-Lorca-Justicia-para-Pen\u00f3n-644x421.jpg 644w, https:\/\/www.granadablogs.com\/pateandoelmundo\/wp-content\/uploads\/2018\/12\/Justicia-para-Lorca-Justicia-para-Pen\u00f3n.jpg 738w\" sizes=\"auto, (max-width: 300px) 100vw, 300px\" \/><\/a><\/p>\n<p>Quiso la \u00bffortuna? que, nada m\u00e1s alojarse en la pensi\u00f3n Matamoros, Pen\u00f3n fuera conducido a una de esas cenas en las que se come mucho, se bebe m\u00e1s y se termina brindando por todo lo divino y casi todo lo humano.<\/p>\n<p><a href=\"https:\/\/www.granadablogs.com\/pateandoelmundo\/justicia-para-lorca-justicia-para-penon\/justicia-lorca-justicia-penon\/\" rel=\"attachment wp-att-26294\"><img loading=\"lazy\" decoding=\"async\" class=\"aligncenter size-medium wp-image-26294\" src=\"https:\/\/www.granadablogs.com\/pateandoelmundo\/wp-content\/uploads\/2018\/12\/Justicia-Lorca-Justicia-Pen\u00f3n-212x300.jpg\" alt=\"\" width=\"212\" height=\"300\" srcset=\"https:\/\/www.granadablogs.com\/pateandoelmundo\/wp-content\/uploads\/2018\/12\/Justicia-Lorca-Justicia-Pen\u00f3n-212x300.jpg 212w, https:\/\/www.granadablogs.com\/pateandoelmundo\/wp-content\/uploads\/2018\/12\/Justicia-Lorca-Justicia-Pen\u00f3n.jpg 500w\" sizes=\"auto, (max-width: 212px) 100vw, 212px\" \/><\/a><\/p>\n<p>Cuando la enardecida concurrencia pidi\u00f3 al <i>americano<\/i> que hablara, Agust\u00edn levant\u00f3 su copa y tras brindar en honor de Pepiniqui, homenajeado aquella noche, y alabar las bondades de nuestra tierra; se vino arriba y pronunci\u00f3 las siguientes palabras:<\/p>\n<p>\u2014Y gracias muy especialmente a Espa\u00f1a, y sobre todo a Granada, por haber enriquecido al mundo con el mejor poeta que jam\u00e1s ha existido: \u00a1Federico Garc\u00eda Lorca!<\/p>\n<p>El silencio que se hizo en la sala, repleta de medio centenar de hombres bullangueros -hombres, solo hombres- fue de los que resuenan por siempre jam\u00e1s. Un silencio ominoso que atrap\u00f3 a Agust\u00edn Pen\u00f3n, lo zarande\u00f3 y ya nunca termino de soltarle. Un silencio helador. Un silencio matador, tal y como cuentan V\u00edctor Amela en su reciente \u201cYo pude salvar a Lorca\u201d y Enrique Bonet en su c\u00f3mic \u201cLa ara\u00f1a del olvido\u201d.<\/p>\n<p>Si son ustedes seguidores habituales de esta secci\u00f3n, el nombre de Agust\u00edn Pen\u00f3n les debe resultar familiar. La primera vez que habl\u00e9 de \u00e9l fue a comienzos de 2016, deslumbrado por la lectura de \u201cLa ara\u00f1a del olvido\u201d. (Leer <a href=\"https:\/\/www.granadablogs.com\/pateandoelmundo\/la-arana-del-olvido\/\" target=\"_blank\" rel=\"noopener\">AQU\u00cd<\/a>)<\/p>\n<p><a href=\"https:\/\/www.granadablogs.com\/pateandoelmundo\/justicia-para-lorca-justicia-para-penon\/justicia-lorca-justicia-penon-bonet\/\" rel=\"attachment wp-att-26295\"><img loading=\"lazy\" decoding=\"async\" class=\"aligncenter size-medium wp-image-26295\" src=\"https:\/\/www.granadablogs.com\/pateandoelmundo\/wp-content\/uploads\/2018\/12\/Justicia-Lorca-Justicia-Pen\u00f3n-Bonet-212x300.jpg\" alt=\"\" width=\"212\" height=\"300\" srcset=\"https:\/\/www.granadablogs.com\/pateandoelmundo\/wp-content\/uploads\/2018\/12\/Justicia-Lorca-Justicia-Pen\u00f3n-Bonet-212x300.jpg 212w, https:\/\/www.granadablogs.com\/pateandoelmundo\/wp-content\/uploads\/2018\/12\/Justicia-Lorca-Justicia-Pen\u00f3n-Bonet-768x1086.jpg 768w, https:\/\/www.granadablogs.com\/pateandoelmundo\/wp-content\/uploads\/2018\/12\/Justicia-Lorca-Justicia-Pen\u00f3n-Bonet-644x910.jpg 644w, https:\/\/www.granadablogs.com\/pateandoelmundo\/wp-content\/uploads\/2018\/12\/Justicia-Lorca-Justicia-Pen\u00f3n-Bonet.jpg 1535w\" sizes=\"auto, (max-width: 212px) 100vw, 212px\" \/><\/a><\/p>\n<p>As\u00ed comenzaba aquella entrega: \u201cMe ha costado trabajo decidirme a publicar estas notas en El Rinc\u00f3n Oscuro de IDEAL. Porque vincular la figura de Federico Garc\u00eda Lorca con el g\u00e9nero negro, en Granada, puede parecer uno de esos ejercicios de oportunismo de los que suelo abominar\u201d.<\/p>\n<p>A finales de 2018 seguimos atrapados en la tela de ara\u00f1a de una historia fascinante, negra como el petr\u00f3leo: en Granada Noir le dedicamos una emocionante jornada de la mano de la Diputaci\u00f3n, constituimos una Cofrad\u00eda laica y popular dedicada a la memoria de Pen\u00f3n y a la de su albacea literaria, Marta Osorio; y nuestro intr\u00e9pido investigador fue el protagonista del cartel de GRN3.<\/p>\n<p><a href=\"https:\/\/www.granadablogs.com\/pateandoelmundo\/justicia-para-lorca-justicia-para-penon\/granada-noir-3-2\/\" rel=\"attachment wp-att-26298\"><img loading=\"lazy\" decoding=\"async\" class=\"aligncenter size-medium wp-image-26298\" src=\"https:\/\/www.granadablogs.com\/pateandoelmundo\/wp-content\/uploads\/2018\/12\/Granada-Noir-3-213x300.jpg\" alt=\"\" width=\"213\" height=\"300\" srcset=\"https:\/\/www.granadablogs.com\/pateandoelmundo\/wp-content\/uploads\/2018\/12\/Granada-Noir-3-213x300.jpg 213w, https:\/\/www.granadablogs.com\/pateandoelmundo\/wp-content\/uploads\/2018\/12\/Granada-Noir-3.jpg 483w\" sizes=\"auto, (max-width: 213px) 100vw, 213px\" \/><\/a><\/p>\n<p>Otro de los momentos \u00e1lgidos de nuestra relaci\u00f3n con Agust\u00edn lleg\u00f3 en febrero de 2017, cuando se anunci\u00f3 que la famosa maleta de Pen\u00f3n, con todo su contenido, se quedaba en Granada, tras la muerte de Marta Osorio, el verano anterior. (Leer <a href=\"https:\/\/www.granadablogs.com\/pateandoelmundo\/penon-se-queda-en-granada\/\" target=\"_blank\" rel=\"noopener\">AQU\u00cd<\/a>)<\/p>\n<p>Y as\u00ed llegamos al pasado fin de semana, cuando vivimos momentos emocionantes, \u00edntimos y muy sentidos. Se encontraba con nosotros V\u00edctor Amela, extraordinario novelista y periodista, presentando la citada \u201cYo pude salvar a Lorca\u201d. Aprovechando su paso por Granada, organizamos una ruta por los lugares de Pen\u00f3n. Fue la primera actividad de un nuevo festival que da sus primeros pasos: Gravite, basado en el viaje en el tiempo.<\/p>\n<p><a href=\"https:\/\/www.granadablogs.com\/pateandoelmundo\/justicia-para-lorca-justicia-para-penon\/amela-lorca\/\" rel=\"attachment wp-att-26296\"><img loading=\"lazy\" decoding=\"async\" class=\"aligncenter size-medium wp-image-26296\" src=\"https:\/\/www.granadablogs.com\/pateandoelmundo\/wp-content\/uploads\/2018\/12\/Amela-Lorca-200x300.jpg\" alt=\"\" width=\"200\" height=\"300\" srcset=\"https:\/\/www.granadablogs.com\/pateandoelmundo\/wp-content\/uploads\/2018\/12\/Amela-Lorca-200x300.jpg 200w, https:\/\/www.granadablogs.com\/pateandoelmundo\/wp-content\/uploads\/2018\/12\/Amela-Lorca-644x966.jpg 644w, https:\/\/www.granadablogs.com\/pateandoelmundo\/wp-content\/uploads\/2018\/12\/Amela-Lorca.jpg 700w\" sizes=\"auto, (max-width: 200px) 100vw, 200px\" \/><\/a><\/p>\n<p>Un Encuentro Satelital en el que, durante unas horas, nos trasladamos a la Granada de 1955 y nos pusimos en la piel de Pen\u00f3n. Y a la Granada de agosto de 1936, reproduciendo algunos de los momentos m\u00e1s dolorosos de la historia de Garc\u00eda Lorca.<\/p>\n<p>De la mano de Enrique Bonet y V\u00edctor Amela recorrimos la Chanciller\u00eda donde Pen\u00f3n hall\u00f3 el certificado de defunci\u00f3n del poeta, por ejemplo. Pasamos por la morada de su amiga Emilia Llanos e hicimos una larga parada en la antigua casa de la familia Rosales, donde Lorca pas\u00f3 los \u00faltimos d\u00edas, antes de ser prendido por Ruiz Alonso.<\/p>\n<figure id=\"attachment_26263\" aria-describedby=\"caption-attachment-26263\" style=\"width: 300px\" class=\"wp-caption aligncenter\"><a href=\"https:\/\/www.granadablogs.com\/pateandoelmundo\/ruta-cultural-lorquiana\/victor-amela-foto-alfredo-aguilar\/\" rel=\"attachment wp-att-26263\"><img loading=\"lazy\" decoding=\"async\" class=\"size-medium wp-image-26263\" src=\"https:\/\/www.granadablogs.com\/pateandoelmundo\/wp-content\/uploads\/2018\/12\/V\u00edctor-Amela-Foto-Alfredo-Aguilar-300x200.jpg\" alt=\"\" width=\"300\" height=\"200\" srcset=\"https:\/\/www.granadablogs.com\/pateandoelmundo\/wp-content\/uploads\/2018\/12\/V\u00edctor-Amela-Foto-Alfredo-Aguilar-300x200.jpg 300w, https:\/\/www.granadablogs.com\/pateandoelmundo\/wp-content\/uploads\/2018\/12\/V\u00edctor-Amela-Foto-Alfredo-Aguilar.jpg 624w\" sizes=\"auto, (max-width: 300px) 100vw, 300px\" \/><\/a><figcaption id=\"caption-attachment-26263\" class=\"wp-caption-text\">Foto: Alfredo Aguilar, en la antigua casa de la familia Rosales, hoy Hotel Reina Cristina<\/figcaption><\/figure>\n<p>Posteriormente nos trasladamos a V\u00edznar y Alfacar; a las Colonias, la Casita de Papel, los Pozos, el Parque, el Olivo y, por fin, a la Fuente de Aynadamar. A lo largo de todo el recorrido, Amela y Bonet fueron recitando poemas, recreando situaciones y reproduciendo di\u00e1logos y encuentros. Sin temor a la exageraci\u00f3n: hubo momentos m\u00e1gicos en los que, literalmente, nos sentimos transportados a otra \u00e9poca.<\/p>\n<p>Y as\u00ed llegamos al ceremonial \u00faltimo en el que treinta miembros de la Cofrad\u00eda de Pen\u00f3n recreamos el famoso brindis de Agust\u00edn. Un emocionado Amela repiti\u00f3, palabra por palabra, su canto por Lorca y, al acabar, todos prorrumpimos en gritos, vivas y parabienes: ya que hab\u00edamos viajado al pasado, decidimos alterar un hecho lamentable y convertirlo en algo hermoso. En un homenaje. En una fiesta.<\/p>\n<p><a href=\"https:\/\/www.granadablogs.com\/pateandoelmundo\/justicia-para-lorca-justicia-para-penon\/cofradia-de-penon\/\" rel=\"attachment wp-att-26297\"><img loading=\"lazy\" decoding=\"async\" class=\"aligncenter size-medium wp-image-26297\" src=\"https:\/\/www.granadablogs.com\/pateandoelmundo\/wp-content\/uploads\/2018\/12\/Cofrad\u00eda-de-Pen\u00f3n-300x225.jpg\" alt=\"\" width=\"300\" height=\"225\" srcset=\"https:\/\/www.granadablogs.com\/pateandoelmundo\/wp-content\/uploads\/2018\/12\/Cofrad\u00eda-de-Pen\u00f3n-300x225.jpg 300w, https:\/\/www.granadablogs.com\/pateandoelmundo\/wp-content\/uploads\/2018\/12\/Cofrad\u00eda-de-Pen\u00f3n-768x576.jpg 768w, https:\/\/www.granadablogs.com\/pateandoelmundo\/wp-content\/uploads\/2018\/12\/Cofrad\u00eda-de-Pen\u00f3n-644x483.jpg 644w, https:\/\/www.granadablogs.com\/pateandoelmundo\/wp-content\/uploads\/2018\/12\/Cofrad\u00eda-de-Pen\u00f3n.jpg 1600w\" sizes=\"auto, (max-width: 300px) 100vw, 300px\" \/><\/a><\/p>\n<p>Como bien se\u00f1al\u00f3 Enrique Bonet, desde la Cofrad\u00eda de Pen\u00f3n, que est\u00e1 abierta a todo el mundo y no tiene estatutos, sede, carn\u00e9s, cuotas ni cargos; animamos a conocer la historia de Agust\u00edn y a difundirla. Tambi\u00e9n animamos a amar a Federico Garc\u00eda Lorca, a leer su poes\u00eda y a disfrutar de su teatro. A visitar los lugares lorquianos y a respetar la memoria de los muertos.<\/p>\n<p>Pero tambi\u00e9n tenemos una pregunta, dirigida a las autoridades competentes que, hace dos a\u00f1os, aseguraron que se iba a quedar en Granada: <strong>\u00bfD\u00d3NDE EST\u00c1 LA MALETA DE PEN\u00d3N?<\/strong><\/p>\n<p>Jes\u00fas Lens<\/p>\n<p><a href=\"https:\/\/twitter.com\/Jesus_Lens\" target=\"_blank\" rel=\"attachment noopener wp-att-26053\"><img loading=\"lazy\" decoding=\"async\" class=\"size-full wp-image-26053 alignleft\" src=\"https:\/\/www.granadablogs.com\/pateandoelmundo\/wp-content\/uploads\/2018\/11\/0Twitter-Lens.jpg\" alt=\"\" width=\"196\" height=\"47\" \/><\/a><\/p>\n","protected":false},"excerpt":{"rendered":"<p>En febrero de 1955, Agust\u00edn Pen\u00f3n, barcelon\u00e9s de nacimiento, estadounidense de nacionalidad y enamorado de la poes\u00eda de Federico Garc\u00eda Lorca, lleg\u00f3 a Granada con la intenci\u00f3n de encontrar la respuesta a tres preguntas: \u00bfPor qu\u00e9 fue asesinado? \u00bfQui\u00e9n lo mat\u00f3? \u00bfD\u00f3nde est\u00e1 enterrado? Quiso la \u00bffortuna? que, nada m\u00e1s alojarse en la pensi\u00f3n Matamoros, [&hellip;]<\/p>\n","protected":false},"author":1,"featured_media":0,"comment_status":"open","ping_status":"open","sticky":false,"template":"","format":"standard","meta":{"jetpack_post_was_ever_published":false,"_jetpack_newsletter_access":"","_jetpack_dont_email_post_to_subs":false,"_jetpack_newsletter_tier_id":0,"_jetpack_memberships_contains_paywalled_content":false,"_jetpack_memberships_contains_paid_content":false,"footnotes":""},"categories":[16444,11774,19],"tags":[17224,17223,11145,11966,17225],"class_list":["post-26292","post","type-post","status-publish","format-standard","hentry","category-gravite","category-rincon-oscuro","category-tebeos","tag-cofradia-de-penon","tag-festival-gravite","tag-granada-noir-2","tag-la-arana-del-olvido","tag-victor-amela-granada"],"jetpack_featured_media_url":"","jetpack_sharing_enabled":true,"_links":{"self":[{"href":"https:\/\/www.granadablogs.com\/pateandoelmundo\/wp-json\/wp\/v2\/posts\/26292","targetHints":{"allow":["GET"]}}],"collection":[{"href":"https:\/\/www.granadablogs.com\/pateandoelmundo\/wp-json\/wp\/v2\/posts"}],"about":[{"href":"https:\/\/www.granadablogs.com\/pateandoelmundo\/wp-json\/wp\/v2\/types\/post"}],"author":[{"embeddable":true,"href":"https:\/\/www.granadablogs.com\/pateandoelmundo\/wp-json\/wp\/v2\/users\/1"}],"replies":[{"embeddable":true,"href":"https:\/\/www.granadablogs.com\/pateandoelmundo\/wp-json\/wp\/v2\/comments?post=26292"}],"version-history":[{"count":2,"href":"https:\/\/www.granadablogs.com\/pateandoelmundo\/wp-json\/wp\/v2\/posts\/26292\/revisions"}],"predecessor-version":[{"id":26300,"href":"https:\/\/www.granadablogs.com\/pateandoelmundo\/wp-json\/wp\/v2\/posts\/26292\/revisions\/26300"}],"wp:attachment":[{"href":"https:\/\/www.granadablogs.com\/pateandoelmundo\/wp-json\/wp\/v2\/media?parent=26292"}],"wp:term":[{"taxonomy":"category","embeddable":true,"href":"https:\/\/www.granadablogs.com\/pateandoelmundo\/wp-json\/wp\/v2\/categories?post=26292"},{"taxonomy":"post_tag","embeddable":true,"href":"https:\/\/www.granadablogs.com\/pateandoelmundo\/wp-json\/wp\/v2\/tags?post=26292"}],"curies":[{"name":"wp","href":"https:\/\/api.w.org\/{rel}","templated":true}]}}