{"id":2626,"date":"2009-06-14T11:58:27","date_gmt":"2009-06-14T10:58:27","guid":{"rendered":"http:\/\/www.granadablogs.com\/pateandoelmundo\/?p=2626"},"modified":"2009-06-14T12:10:20","modified_gmt":"2009-06-14T11:10:20","slug":"inauguracion-de-cines-del-sur","status":"publish","type":"post","link":"https:\/\/www.granadablogs.com\/pateandoelmundo\/inauguracion-de-cines-del-sur\/","title":{"rendered":"INAUGURACI\u00d3N DE CINES DEL SUR"},"content":{"rendered":"<p style=\"text-align: justify;\"><em>Primero: una disculpa. Finalmente <strong><span style=\"text-decoration: underline;\">SE HA CANCELADO MI ENTREVISTA CON ZHANG YUAN,<\/span><\/strong> prevista para esta tarde. <\/em><\/p>\n<p style=\"text-align: justify;\"><em>\u00a0<\/em><\/p>\n<p style=\"text-align: justify;\"><em>Mala suerte. Estaba un servidor documentado, le\u00eddo e informado y, honestamente, creo que nos habr\u00eda salido una cosa muy bonita. Pero en cineasta chino no pudo venir a Granada y ha avisado en el \u00faltimo momento. Una pena.<\/em><\/p>\n<p style=\"text-align: center;\"><em>\u00a0<a href=\"http:\/\/www.granadablogs.com\/pateandoelmundo\/wp-content\/uploads\/2009\/06\/_0203.jpg\"><img loading=\"lazy\" decoding=\"async\" class=\"size-full wp-image-2628 aligncenter\" title=\"Omar Sharif y Arturo Ripstein\" src=\"http:\/\/www.granadablogs.com\/pateandoelmundo\/wp-content\/uploads\/2009\/06\/_0203.jpg\" alt=\"\" width=\"500\" height=\"379\" srcset=\"https:\/\/www.granadablogs.com\/pateandoelmundo\/wp-content\/uploads\/2009\/06\/_0203.jpg 583w, https:\/\/www.granadablogs.com\/pateandoelmundo\/wp-content\/uploads\/2009\/06\/_0203-300x227.jpg 300w\" sizes=\"auto, (max-width: 500px) 100vw, 500px\" \/><\/a><\/em><\/p>\n<p style=\"text-align: justify;\"><em>Y ahora, unas notas sobre la inauguraci\u00f3n de Cines del Sur, anoche, que publicamos en IDEAL:<\/em><\/p>\n<p style=\"text-align: justify;\">\u00a0<\/p>\n<p style=\"text-align: justify;\">La inauguraci\u00f3n de la tercera edici\u00f3n de Cines del Sur ha sido un \u00e1gil, sentido y cari\u00f1oso canto al Sur. Evit\u00e1ndonos la siempre engorrosa dosis de discursos institucionales al uso, la alegre gala se abri\u00f3 con la actuaci\u00f3n de la cantante sudanesa Rasha y el cantaor granadino Juan Pinilla. Una perfecta fusi\u00f3n musical, fiel reflejo del esp\u00edritu multicultural que inspira Cines del Sur.<\/p>\n<p style=\"text-align: justify;\">\u00a0<\/p>\n<p style=\"text-align: justify;\">Y, despu\u00e9s, la entrega de la Alhambra de Honor a Omar Sharif y su salida del estrado simulando unos naturales taurinos termin\u00f3 de poner la nota de desenfado a un discurso de agradecimiento repleto de humor y cari\u00f1o tanto por Andaluc\u00eda, la tierra en que rod\u00f3 sus dos pel\u00edculas mas famosas \u00abDoctor Zhivago\u00bb y \u00abLawrence de Arabia\u00bb, como por su madre, quien vivi\u00f3 muchos a\u00f1os en Espa\u00f1a, perdidamente enamorada de&#8230; el Real Madrid.<\/p>\n<p style=\"text-align: center;\">\u00a0<a href=\"http:\/\/www.granadablogs.com\/pateandoelmundo\/wp-content\/uploads\/2009\/06\/_0242.jpg\"><img loading=\"lazy\" decoding=\"async\" class=\"size-full wp-image-2629 aligncenter\" title=\"Omar Sharif Alhambra de Honor\" src=\"http:\/\/www.granadablogs.com\/pateandoelmundo\/wp-content\/uploads\/2009\/06\/_0242.jpg\" alt=\"\" width=\"295\" height=\"443\" srcset=\"https:\/\/www.granadablogs.com\/pateandoelmundo\/wp-content\/uploads\/2009\/06\/_0242.jpg 295w, https:\/\/www.granadablogs.com\/pateandoelmundo\/wp-content\/uploads\/2009\/06\/_0242-199x300.jpg 199w\" sizes=\"auto, (max-width: 295px) 100vw, 295px\" \/><\/a><\/p>\n<p style=\"text-align: justify;\">Inmejorable e impagable, pues, la inauguraci\u00f3n de un Festival que ha de reportarnos grandes momentos, con la presencia de leyendas vivas del cine como Arturo Ripstein o Suleimane Cisse, cari\u00f1osamente aplaudidos por el publico que abarrotaba el Carlos V.<\/p>\n<p style=\"text-align: justify;\">\u00a0<\/p>\n<p style=\"text-align: justify;\">La pel\u00edcula que abri\u00f3 el certamen, \u00abCape 7\u00bb era una comedia blanca en que la m\u00fasica serv\u00eda como excusa para contar una historia de amor, desarrollo tur\u00edstico y tolerancia entre lo viejo y lo nuevo, la tradici\u00f3n y la modernidad. Un pel\u00edn quiz\u00e1 demasiado larga, fue celebrada por los espectadores, que re\u00edmos bastante y, al final, aplaudimos con ganas.<\/p>\n<p style=\"text-align: center;\">\u00a0<a href=\"http:\/\/www.granadablogs.com\/pateandoelmundo\/wp-content\/uploads\/2009\/06\/_025.jpg\"><img loading=\"lazy\" decoding=\"async\" class=\"size-full wp-image-2631 aligncenter\" title=\"Cines del Sur\" src=\"http:\/\/www.granadablogs.com\/pateandoelmundo\/wp-content\/uploads\/2009\/06\/_025.jpg\" alt=\"\" width=\"500\" height=\"333\" srcset=\"https:\/\/www.granadablogs.com\/pateandoelmundo\/wp-content\/uploads\/2009\/06\/_025.jpg 591w, https:\/\/www.granadablogs.com\/pateandoelmundo\/wp-content\/uploads\/2009\/06\/_025-300x200.jpg 300w\" sizes=\"auto, (max-width: 500px) 100vw, 500px\" \/><\/a><\/p>\n<p style=\"text-align: justify;\">El cocktail, servido en los aleda\u00f1os del Palacio de Carlos V, sirvi\u00f3 para charlar con viejos amigos y descubrir a otros nuevos, para hacer planes y pensar en proyectos. Nada como la noche alhambre\u00f1a y el ambiente multicultural de la velada para inspirar y alentar nuevas ideas y fantas\u00edas. Unas se har\u00e1n realidad. Otras se desvanecer\u00e1n y caer\u00e1n en el olvido. Pero, si no so\u00f1amos, \u00bfqu\u00e9 nos queda?<\/p>\n<p style=\"text-align: justify;\">\u00a0<\/p>\n<p style=\"text-align: justify;\">Mediada la madrugada, el Realejo fue testigo de las \u00faltimas andanzas de la noche, en este caso, con los amigos de IDEAL. Libros, baloncesto y cine ven\u00edan de la mano de las pintas y los vodkas que nos condujeron, ya clareando la ma\u00f1ana, de vuelta a casa, con los p\u00e1jaros como ruidosos y parlanchines testigos de una de esas veladas en que cada hora parece estirarse por tres.<\/p>\n<p style=\"text-align: justify;\">\u00a0<\/p>\n<p style=\"text-align: justify;\">Esta ma\u00f1ana, si las cosas hubieran sido como siempre, habr\u00eda estado con mis amigos de Las Verdes, dej\u00e1ndome el h\u00edgado en la Media Marat\u00f3n de Monta\u00f1a de La Ragua. No pudo ser. Aunque ten\u00eda excusa, la verdad es que mi relaci\u00f3n con el correr me tiene preocupado. Me dicen que estoy m\u00e1s delgado que otras veces. Y no lo entiendo. Por eso me pregunto&#8230;\u00a0\u00a0\u00a0<\/p>\n<p style=\"text-align: justify;\">\u00a0<\/p>\n<ul style=\"text-align: justify;\">\n<li><a href=\"http:\/\/lasverdesgranada.blogspot.com\/2009\/06\/que-me-pasa-doctor-por-jesus-lens.html\"><strong>\u00bfQu\u00e9 me pasa, doctor?<\/strong><\/a><\/li>\n<\/ul>\n<p style=\"text-align: justify;\">\u00a0<\/p>\n<p style=\"text-align: justify;\">Si pinchan el enlace y simpatizan con mis dudas, cuitas e interrogantes, les agradecer\u00e9 sus consejos, sabios, como lo que ya me daban mis colegas corredores, a los que a\u00f1oro y echo de menos. \u00bfC\u00f3mo os ha ido en la Ragua?<\/p>\n<p style=\"text-align: center;\">\u00a0<a href=\"http:\/\/www.granadablogs.com\/pateandoelmundo\/wp-content\/uploads\/2009\/06\/_023.jpg\"><img loading=\"lazy\" decoding=\"async\" class=\"size-full wp-image-2632 aligncenter\" title=\"Las Verdes, de blanco\" src=\"http:\/\/www.granadablogs.com\/pateandoelmundo\/wp-content\/uploads\/2009\/06\/_023.jpg\" alt=\"\" width=\"500\" height=\"375\" srcset=\"https:\/\/www.granadablogs.com\/pateandoelmundo\/wp-content\/uploads\/2009\/06\/_023.jpg 512w, https:\/\/www.granadablogs.com\/pateandoelmundo\/wp-content\/uploads\/2009\/06\/_023-300x225.jpg 300w\" sizes=\"auto, (max-width: 500px) 100vw, 500px\" \/><\/a><\/p>\n<p style=\"text-align: justify;\">Finalmente, hoy no hay chino. Ya lo dec\u00eda al principio de esta entrada. Mi entrevista se ha cancelado. Mala suerte. Otra vez ser\u00e1. <a href=\"http:\/\/www.granadablogs.com\/pateandoelmundo\/?p=2515\">El 24, sin ir m\u00e1s lejos<\/a>. Ya lo saben.<\/p>\n<p style=\"text-align: justify;\">\u00a0<\/p>\n<p style=\"text-align: justify;\">Y una pregunta: \u00bfTen\u00e9is pensado ir a Cines del Sur? Ma\u00f1ana lunes me pasar\u00e9 la tarde-noche en el Isidoro M\u00e1iquez de CajaGRANADA, primero con \u00abProyecto Lady\u00bb y despu\u00e9s con Souleymanne Ciss\u00e9, un hombre atento y encantador, como pude comprobar anoche. \u00bfQui\u00e9n se apunta?<\/p>\n<p style=\"text-align: center;\">\u00a0<a href=\"http:\/\/www.granadablogs.com\/pateandoelmundo\/wp-content\/uploads\/2009\/06\/_026.jpg\"><img loading=\"lazy\" decoding=\"async\" class=\"size-full wp-image-2633 aligncenter\" title=\"Souleymanne Ciss\u00e9\" src=\"http:\/\/www.granadablogs.com\/pateandoelmundo\/wp-content\/uploads\/2009\/06\/_026.jpg\" alt=\"\" width=\"295\" height=\"443\" srcset=\"https:\/\/www.granadablogs.com\/pateandoelmundo\/wp-content\/uploads\/2009\/06\/_026.jpg 295w, https:\/\/www.granadablogs.com\/pateandoelmundo\/wp-content\/uploads\/2009\/06\/_026-199x300.jpg 199w\" sizes=\"auto, (max-width: 295px) 100vw, 295px\" \/><\/a><\/p>\n<p style=\"text-align: justify;\">Jes\u00fas Lens.<\/p>\n","protected":false},"excerpt":{"rendered":"<p>Primero: una disculpa. Finalmente SE HA CANCELADO MI ENTREVISTA CON ZHANG YUAN, prevista para esta tarde. \u00a0 Mala suerte. Estaba un servidor documentado, le\u00eddo e informado y, honestamente, creo que nos habr\u00eda salido una cosa muy bonita. Pero en cineasta chino no pudo venir a Granada y ha avisado en el \u00faltimo momento. Una pena. [&hellip;]<\/p>\n","protected":false},"author":1,"featured_media":0,"comment_status":"open","ping_status":"open","sticky":false,"template":"","format":"standard","meta":{"jetpack_post_was_ever_published":false,"_jetpack_newsletter_access":"","_jetpack_dont_email_post_to_subs":false,"_jetpack_newsletter_tier_id":0,"_jetpack_memberships_contains_paywalled_content":false,"_jetpack_memberships_contains_paid_content":false,"footnotes":""},"categories":[10,34],"tags":[10,934,34,89,1265,54,1267,1266],"class_list":["post-2626","post","type-post","status-publish","format-standard","hentry","category-cine","category-correr","tag-cine","tag-cines-del-sur","tag-correr","tag-ideal","tag-inauguracion-cines-del-sur","tag-las-verdes","tag-omar-sharif","tag-souleymanne-cisse"],"jetpack_featured_media_url":"","jetpack_sharing_enabled":true,"_links":{"self":[{"href":"https:\/\/www.granadablogs.com\/pateandoelmundo\/wp-json\/wp\/v2\/posts\/2626","targetHints":{"allow":["GET"]}}],"collection":[{"href":"https:\/\/www.granadablogs.com\/pateandoelmundo\/wp-json\/wp\/v2\/posts"}],"about":[{"href":"https:\/\/www.granadablogs.com\/pateandoelmundo\/wp-json\/wp\/v2\/types\/post"}],"author":[{"embeddable":true,"href":"https:\/\/www.granadablogs.com\/pateandoelmundo\/wp-json\/wp\/v2\/users\/1"}],"replies":[{"embeddable":true,"href":"https:\/\/www.granadablogs.com\/pateandoelmundo\/wp-json\/wp\/v2\/comments?post=2626"}],"version-history":[{"count":3,"href":"https:\/\/www.granadablogs.com\/pateandoelmundo\/wp-json\/wp\/v2\/posts\/2626\/revisions"}],"predecessor-version":[{"id":2630,"href":"https:\/\/www.granadablogs.com\/pateandoelmundo\/wp-json\/wp\/v2\/posts\/2626\/revisions\/2630"}],"wp:attachment":[{"href":"https:\/\/www.granadablogs.com\/pateandoelmundo\/wp-json\/wp\/v2\/media?parent=2626"}],"wp:term":[{"taxonomy":"category","embeddable":true,"href":"https:\/\/www.granadablogs.com\/pateandoelmundo\/wp-json\/wp\/v2\/categories?post=2626"},{"taxonomy":"post_tag","embeddable":true,"href":"https:\/\/www.granadablogs.com\/pateandoelmundo\/wp-json\/wp\/v2\/tags?post=2626"}],"curies":[{"name":"wp","href":"https:\/\/api.w.org\/{rel}","templated":true}]}}