{"id":26006,"date":"2018-11-09T20:22:55","date_gmt":"2018-11-09T19:22:55","guid":{"rendered":"https:\/\/www.granadablogs.com\/pateandoelmundo\/?p=26006"},"modified":"2018-11-13T20:23:58","modified_gmt":"2018-11-13T19:23:58","slug":"el-ruido-y-la-furia","status":"publish","type":"post","link":"https:\/\/www.granadablogs.com\/pateandoelmundo\/el-ruido-y-la-furia\/","title":{"rendered":"El ruido y la furia"},"content":{"rendered":"<p>Cuando vimos aquella bater\u00eda sobre el escenario sab\u00edamos que iba a ocurrir algo grande. Muy grande. Y as\u00ed fue. \u00a1Lo que tuvo que soportar el mi\u00e9rcoles por la noche el Teatro Isabel la Cat\u00f3lica! Impresionante el nivel de decibelios provocados por un aut\u00e9ntico vendaval: Bill Evans &amp; Randy Brecker, con Simon Phillips.<\/p>\n<p>Una banda All Star para celebrar el 15 aniversario de Soulbop arras\u00f3 el Isabel la Cat\u00f3lica gracias a unos vientos m\u00e1s abrasadores que el c\u00e9lebre Sim\u00fan sahariano. Adjetivos como descomunal, brutal y tal y tal se nos quedan cortos. El saxo de Evans, ataviado de blanco impoluto, como si fuera a jugar la final de Wimbledon; repart\u00eda el juego con generosidad y la trompeta de Brecker devolv\u00eda los mandobles sin inmutarse, impert\u00e9rrito.<\/p>\n<p>Mientras, Simon Phillips le daba ca\u00f1a a la bater\u00eda y pon\u00eda a prueba los cimientos de nuestro Teatro municipal en una jornada hist\u00f3rica, otra m\u00e1s, propiciada por un Festival de Jazz que cumple la friolera de 39 ediciones.<\/p>\n<p>Hay que darle la enhorabuena a Mariche Huertas. Se estrena como directora en una edici\u00f3n caracterizada por una fuerte presencia femenina en el programa central del Festival. Abri\u00f3 Melissa Aldana con su jazz m\u00e1s brillantemente acad\u00e9mico del Berkeley College neoyorkino y volvi\u00f3 una cl\u00e1sica como Eliane El\u00edas, dejando aromas atl\u00e1nticos y tropicales, entre la bossa nova y la cadenciosa m\u00fasica brasile\u00f1a.<\/p>\n<p>Pero fue otro concierto incendiario el que m\u00e1s me sacudi\u00f3: el James Carter Organ Tr\u00edo se vaci\u00f3 de tal manera que, al final de su actuaci\u00f3n, m\u00fasicos y p\u00fablico convinimos t\u00e1citamente en que un bis era impensable, despu\u00e9s de aquel despliegue de energ\u00eda en el que Carter hizo una brutal demostraci\u00f3n pr\u00e1ctica de qu\u00e9 es y c\u00f3mo se ejecuta la respiraci\u00f3n circular, tocando el saxo sin darse tregua.<\/p>\n<p>Lo mejor de nuestro Festival de Jazz -hago hincapi\u00e9 en el posesivo plural, en primera persona, que a nadie de le olvide- es que abre la mente y permite disfrutar en nuestra tierra de la mejor m\u00fasica que se est\u00e1 haciendo en el mundo. Un lujo accesible que no podemos ni debemos olvidar.<\/p>\n<p>Y un detallazo de esta 39 edici\u00f3n: ya hemos escuchado el que ser\u00e1 uno de los grandes discos del 2019. Hablamos del trabajo que Soulbop editar\u00e1 -presumiblemente- con ocasi\u00f3n de su 15 aniversario. Ojal\u00e1 sea en directo y recoja el vendaval desatado en sus abrasadores directos.<\/p>\n<p>Jes\u00fas Lens<\/p>\n","protected":false},"excerpt":{"rendered":"<p>Cuando vimos aquella bater\u00eda sobre el escenario sab\u00edamos que iba a ocurrir algo grande. Muy grande. Y as\u00ed fue. \u00a1Lo que tuvo que soportar el mi\u00e9rcoles por la noche el Teatro Isabel la Cat\u00f3lica! Impresionante el nivel de decibelios provocados por un aut\u00e9ntico vendaval: Bill Evans &amp; Randy Brecker, con Simon Phillips. Una banda All [&hellip;]<\/p>\n","protected":false},"author":1,"featured_media":0,"comment_status":"open","ping_status":"open","sticky":false,"template":"","format":"standard","meta":{"jetpack_post_was_ever_published":false,"_jetpack_newsletter_access":"","_jetpack_dont_email_post_to_subs":false,"_jetpack_newsletter_tier_id":0,"_jetpack_memberships_contains_paywalled_content":false,"_jetpack_memberships_contains_paid_content":false,"footnotes":""},"categories":[17,6],"tags":[17020,3872,2097],"class_list":["post-26006","post","type-post","status-publish","format-standard","hentry","category-musica","category-opinion","tag-39-edicion-jazz-granada","tag-festival-de-jazz-de-granada","tag-jazz-granada"],"jetpack_featured_media_url":"","jetpack_sharing_enabled":true,"_links":{"self":[{"href":"https:\/\/www.granadablogs.com\/pateandoelmundo\/wp-json\/wp\/v2\/posts\/26006","targetHints":{"allow":["GET"]}}],"collection":[{"href":"https:\/\/www.granadablogs.com\/pateandoelmundo\/wp-json\/wp\/v2\/posts"}],"about":[{"href":"https:\/\/www.granadablogs.com\/pateandoelmundo\/wp-json\/wp\/v2\/types\/post"}],"author":[{"embeddable":true,"href":"https:\/\/www.granadablogs.com\/pateandoelmundo\/wp-json\/wp\/v2\/users\/1"}],"replies":[{"embeddable":true,"href":"https:\/\/www.granadablogs.com\/pateandoelmundo\/wp-json\/wp\/v2\/comments?post=26006"}],"version-history":[{"count":1,"href":"https:\/\/www.granadablogs.com\/pateandoelmundo\/wp-json\/wp\/v2\/posts\/26006\/revisions"}],"predecessor-version":[{"id":26007,"href":"https:\/\/www.granadablogs.com\/pateandoelmundo\/wp-json\/wp\/v2\/posts\/26006\/revisions\/26007"}],"wp:attachment":[{"href":"https:\/\/www.granadablogs.com\/pateandoelmundo\/wp-json\/wp\/v2\/media?parent=26006"}],"wp:term":[{"taxonomy":"category","embeddable":true,"href":"https:\/\/www.granadablogs.com\/pateandoelmundo\/wp-json\/wp\/v2\/categories?post=26006"},{"taxonomy":"post_tag","embeddable":true,"href":"https:\/\/www.granadablogs.com\/pateandoelmundo\/wp-json\/wp\/v2\/tags?post=26006"}],"curies":[{"name":"wp","href":"https:\/\/api.w.org\/{rel}","templated":true}]}}