{"id":25756,"date":"2018-10-04T12:06:29","date_gmt":"2018-10-04T11:06:29","guid":{"rendered":"https:\/\/www.granadablogs.com\/pateandoelmundo\/?p=25756"},"modified":"2018-10-04T12:06:29","modified_gmt":"2018-10-04T11:06:29","slug":"accelerando-2","status":"publish","type":"post","link":"https:\/\/www.granadablogs.com\/pateandoelmundo\/accelerando-2\/","title":{"rendered":"Accelerando"},"content":{"rendered":"<p>Esta es una de esas columnas que vienen con banda sonora: el Accelerando de Vijay Iyer, un excepcional pianista de jazz que tambi\u00e9n es matem\u00e1tico y que concibe algunas de sus composiciones como si de complejas ecuaciones se tratara.<\/p>\n<p><a href=\"https:\/\/www.granadablogs.com\/pateandoelmundo\/accelerando-2\/accelerando-iyer\/\" rel=\"attachment wp-att-25757\"><img loading=\"lazy\" decoding=\"async\" class=\"aligncenter size-medium wp-image-25757\" src=\"https:\/\/www.granadablogs.com\/pateandoelmundo\/wp-content\/uploads\/2018\/10\/Accelerando-Iyer-300x272.jpg\" alt=\"\" width=\"300\" height=\"272\" srcset=\"https:\/\/www.granadablogs.com\/pateandoelmundo\/wp-content\/uploads\/2018\/10\/Accelerando-Iyer-300x272.jpg 300w, https:\/\/www.granadablogs.com\/pateandoelmundo\/wp-content\/uploads\/2018\/10\/Accelerando-Iyer.jpg 500w\" sizes=\"auto, (max-width: 300px) 100vw, 300px\" \/><\/a><\/p>\n<p>Ahora que se ha presentado una nueva y espectacular edici\u00f3n del Festival de Jazz de Granada, escucho mi disco favorito del tr\u00edo de Iyer mientras me relamo de gusto leyendo las \u00faltimas informaciones sobre el proyecto que nos puede cambiar la vida: el acelerador de part\u00edculas.<\/p>\n<p>Lo s\u00e9, lo s\u00e9. Soy un pesao con el temita de marras. Un cansino hist\u00f3rico. Un co\u00f1azo manifiesto. Que no hay mes sin columna del Lens sobre el acelerador, Esc\u00fazar, el CIEMAT, la financiaci\u00f3n, Ifmif-Dones o lo que quiera que demonios sea, pero siempre relacionado con la cuesti\u00f3n.<\/p>\n<p>Lo siento si les parezco reiterativo, pero creo que as\u00ed debe ser. Hoy por hoy no hay tema m\u00e1s importante para el futuro socioecon\u00f3mico de Granada que el del acelerador. \u201cConvertir a Granada en un polo de atracci\u00f3n para investigadores del campo de la energ\u00eda de fusi\u00f3n nuclear\u201d es una de las aspiraciones de Enrique Herrera, vicerrector de Investigaci\u00f3n de la UGR. \u00bfNo les suena como a ciencia ficci\u00f3n?<\/p>\n<p><a href=\"https:\/\/www.granadablogs.com\/pateandoelmundo\/accelerando-2\/accelerando-lens\/\" rel=\"attachment wp-att-25758\"><img loading=\"lazy\" decoding=\"async\" class=\"aligncenter size-medium wp-image-25758\" src=\"https:\/\/www.granadablogs.com\/pateandoelmundo\/wp-content\/uploads\/2018\/10\/Accelerando-Lens--300x140.jpg\" alt=\"\" width=\"300\" height=\"140\" srcset=\"https:\/\/www.granadablogs.com\/pateandoelmundo\/wp-content\/uploads\/2018\/10\/Accelerando-Lens--300x140.jpg 300w, https:\/\/www.granadablogs.com\/pateandoelmundo\/wp-content\/uploads\/2018\/10\/Accelerando-Lens--768x359.jpg 768w, https:\/\/www.granadablogs.com\/pateandoelmundo\/wp-content\/uploads\/2018\/10\/Accelerando-Lens--644x301.jpg 644w\" sizes=\"auto, (max-width: 300px) 100vw, 300px\" \/><\/a><\/p>\n<p>Lean la informaci\u00f3n del Ideal de hoy, de Javier Morales. Quiz\u00e1 les parezca demasiado t\u00e9cnica y compleja, repleta de acr\u00f3nimos, tecnicismos y siglas raras. Pero nos va el futuro en ello. Cierto es que la mamarrachada de Andy y Lucas resulta m\u00e1s entretenida, pero ellos ya se han embolsado los 15.000 euracos del ala que alguien decidi\u00f3 pagarles por actuar en \u00d3rgiva -\u00a1\u00a1\u00a1\u00a1\u00a115.000 euros para Andy y Lucas!!!!!- y el acelerador les importa una higa.<\/p>\n<p>Insisto una vez m\u00e1s: con el tema del acelerador se est\u00e1n haciendo las cosas muy bien, paso a paso y como debe ser; todas las personas y los sectores implicados remando en la misma direcci\u00f3n con br\u00edo, fuerza y compromiso. Sin alardes innecesarios, pero sin flojear en ning\u00fan momento.<\/p>\n<p><a href=\"https:\/\/www.granadablogs.com\/pateandoelmundo\/accelerando-2\/accelerando-granada\/\" rel=\"attachment wp-att-25759\"><img loading=\"lazy\" decoding=\"async\" class=\"aligncenter size-medium wp-image-25759\" src=\"https:\/\/www.granadablogs.com\/pateandoelmundo\/wp-content\/uploads\/2018\/10\/Accelerando-granada-300x169.jpg\" alt=\"\" width=\"300\" height=\"169\" srcset=\"https:\/\/www.granadablogs.com\/pateandoelmundo\/wp-content\/uploads\/2018\/10\/Accelerando-granada-300x169.jpg 300w, https:\/\/www.granadablogs.com\/pateandoelmundo\/wp-content\/uploads\/2018\/10\/Accelerando-granada.jpg 575w\" sizes=\"auto, (max-width: 300px) 100vw, 300px\" \/><\/a><\/p>\n<p>Es fundamental asegurar la financiaci\u00f3n para un proyecto que no debe competir con Jap\u00f3n, sino ser complementario, igual que se llegaron a acuerdos con las otras candidaturas europeas.<\/p>\n<p>Bien mirado, quiz\u00e1 sea bueno que sigan produci\u00e9ndose sainetes como el de Andy y Lucas para tenernos entretenidos mientras la gente cabal y con sentido sigue trabajando de forma discreta, sorda y comprometida con el acelerador.<\/p>\n<p>Jes\u00fas Lens<\/p>\n<p><a href=\"https:\/\/twitter.com\/Jesus_Lens\" target=\"_blank\" rel=\"attachment noopener wp-att-25214\"><img loading=\"lazy\" decoding=\"async\" class=\"size-full wp-image-25214 alignleft\" src=\"https:\/\/www.granadablogs.com\/pateandoelmundo\/wp-content\/uploads\/2018\/06\/0Twitter-Lens.jpg\" alt=\"\" width=\"196\" height=\"47\" \/><\/a><\/p>\n","protected":false},"excerpt":{"rendered":"<p>Esta es una de esas columnas que vienen con banda sonora: el Accelerando de Vijay Iyer, un excepcional pianista de jazz que tambi\u00e9n es matem\u00e1tico y que concibe algunas de sus composiciones como si de complejas ecuaciones se tratara. Ahora que se ha presentado una nueva y espectacular edici\u00f3n del Festival de Jazz de Granada, [&hellip;]<\/p>\n","protected":false},"author":1,"featured_media":0,"comment_status":"open","ping_status":"open","sticky":false,"template":"","format":"standard","meta":{"jetpack_post_was_ever_published":false,"_jetpack_newsletter_access":"","_jetpack_dont_email_post_to_subs":false,"_jetpack_newsletter_tier_id":0,"_jetpack_memberships_contains_paywalled_content":false,"_jetpack_memberships_contains_paid_content":false,"footnotes":""},"categories":[6],"tags":[16866,12598],"class_list":["post-25756","post","type-post","status-publish","format-standard","hentry","category-opinion","tag-accelerando","tag-acelerador-de-particulas-granada"],"jetpack_featured_media_url":"","jetpack_sharing_enabled":true,"_links":{"self":[{"href":"https:\/\/www.granadablogs.com\/pateandoelmundo\/wp-json\/wp\/v2\/posts\/25756","targetHints":{"allow":["GET"]}}],"collection":[{"href":"https:\/\/www.granadablogs.com\/pateandoelmundo\/wp-json\/wp\/v2\/posts"}],"about":[{"href":"https:\/\/www.granadablogs.com\/pateandoelmundo\/wp-json\/wp\/v2\/types\/post"}],"author":[{"embeddable":true,"href":"https:\/\/www.granadablogs.com\/pateandoelmundo\/wp-json\/wp\/v2\/users\/1"}],"replies":[{"embeddable":true,"href":"https:\/\/www.granadablogs.com\/pateandoelmundo\/wp-json\/wp\/v2\/comments?post=25756"}],"version-history":[{"count":2,"href":"https:\/\/www.granadablogs.com\/pateandoelmundo\/wp-json\/wp\/v2\/posts\/25756\/revisions"}],"predecessor-version":[{"id":25761,"href":"https:\/\/www.granadablogs.com\/pateandoelmundo\/wp-json\/wp\/v2\/posts\/25756\/revisions\/25761"}],"wp:attachment":[{"href":"https:\/\/www.granadablogs.com\/pateandoelmundo\/wp-json\/wp\/v2\/media?parent=25756"}],"wp:term":[{"taxonomy":"category","embeddable":true,"href":"https:\/\/www.granadablogs.com\/pateandoelmundo\/wp-json\/wp\/v2\/categories?post=25756"},{"taxonomy":"post_tag","embeddable":true,"href":"https:\/\/www.granadablogs.com\/pateandoelmundo\/wp-json\/wp\/v2\/tags?post=25756"}],"curies":[{"name":"wp","href":"https:\/\/api.w.org\/{rel}","templated":true}]}}