{"id":25665,"date":"2018-09-17T07:45:42","date_gmt":"2018-09-17T06:45:42","guid":{"rendered":"https:\/\/www.granadablogs.com\/pateandoelmundo\/?p=25665"},"modified":"2018-09-17T07:45:42","modified_gmt":"2018-09-17T06:45:42","slug":"un-rival-llamado-algoritmo","status":"publish","type":"post","link":"https:\/\/www.granadablogs.com\/pateandoelmundo\/un-rival-llamado-algoritmo\/","title":{"rendered":"Un rival llamado algoritmo"},"content":{"rendered":"<p>Hace unos a\u00f1os tuve la fortuna de compartir un panel de an\u00e1lisis econ\u00f3mico sobre la exclusi\u00f3n financiera con Joaqu\u00edn Estefan\u00eda, que ayer se convirti\u00f3 en tendencia en las redes sociales por una soberbia pieza en la que defiende la necesidad de un nuevo contrato social, dada la desigualdad rampante provocada por lo que \u00e9l llama la Gran Recesi\u00f3n. (Leer <a href=\"https:\/\/elpais.com\/economia\/2018\/09\/14\/actualidad\/1536939958_497803.html\" target=\"_blank\" rel=\"noopener\">AQU\u00cd<\/a>)<\/p>\n<p><a href=\"https:\/\/www.granadablogs.com\/pateandoelmundo\/un-rival-llamado-algoritmo\/gran-recesion-siglo-xxi\/\" rel=\"attachment wp-att-25666\"><img loading=\"lazy\" decoding=\"async\" class=\"aligncenter size-medium wp-image-25666\" src=\"https:\/\/www.granadablogs.com\/pateandoelmundo\/wp-content\/uploads\/2018\/09\/Gran-recesi\u00f3n-siglo-XXI-300x226.jpg\" alt=\"\" width=\"300\" height=\"226\" srcset=\"https:\/\/www.granadablogs.com\/pateandoelmundo\/wp-content\/uploads\/2018\/09\/Gran-recesi\u00f3n-siglo-XXI-300x226.jpg 300w, https:\/\/www.granadablogs.com\/pateandoelmundo\/wp-content\/uploads\/2018\/09\/Gran-recesi\u00f3n-siglo-XXI.jpg 399w\" sizes=\"auto, (max-width: 300px) 100vw, 300px\" \/><\/a><\/p>\n<p>Coincidi\u00f3 esa lectura con otra, bastante m\u00e1s simplista, sobre la incidencia que tendr\u00e1 la inteligencia artificial en nuestra vida: dado que los robots har\u00e1n buena parte de las labores que los humanos venimos desempe\u00f1ando hasta ahora, nuestra jornada laboral se acortar\u00e1 exponencialmente. Pero no pasar\u00e1 nada porque habr\u00e1 m\u00e1s riqueza para repartir entre todos\u2026<\/p>\n<p>El mantra de que los robots van a pagar nuestras n\u00f3minas, impuestos y cotizaciones a la seguridad social, disculpen mi pesimismo, es radicalmente falso. \u00bfEn qu\u00e9 me baso? En lo ocurrido en las \u00faltimas d\u00e9cadas, desde la irrupci\u00f3n de Internet y los procesos de digitalizaci\u00f3n. Por supuesto que los ordenadores han facilitado la forma de trabajar en (casi) todos los sectores de la econom\u00eda, pero \u00bfen qu\u00e9 se ha traducido dicho proceso, laboralmente hablando?<\/p>\n<p><a href=\"https:\/\/www.granadablogs.com\/pateandoelmundo\/un-rival-llamado-algoritmo\/inteligencia-artificial-2\/\" rel=\"attachment wp-att-25668\"><img loading=\"lazy\" decoding=\"async\" class=\"aligncenter size-medium wp-image-25668\" src=\"https:\/\/www.granadablogs.com\/pateandoelmundo\/wp-content\/uploads\/2018\/09\/Inteligencia-artificial-220x300.jpg\" alt=\"\" width=\"220\" height=\"300\" srcset=\"https:\/\/www.granadablogs.com\/pateandoelmundo\/wp-content\/uploads\/2018\/09\/Inteligencia-artificial-220x300.jpg 220w, https:\/\/www.granadablogs.com\/pateandoelmundo\/wp-content\/uploads\/2018\/09\/Inteligencia-artificial.jpg 630w\" sizes=\"auto, (max-width: 220px) 100vw, 220px\" \/><\/a><\/p>\n<p>La \u00faltima gran batalla sobre la jornada laboral, la de las 8 horas, data de la Revoluci\u00f3n Industrial, a comienzos del siglo XIX, y cost\u00f3 sangre, sudor y l\u00e1grimas que los trabajadores se la impusieran a la patronal, pele\u00e1ndola en la calle, entre huelgas y barricadas. Hace unos a\u00f1os, cuando nos cre\u00edamos ricos, se implantaron las famosas 35 horas semanales. \u00bfSe acuerdan? Al margen de la funci\u00f3n p\u00fablica, \u00bfconocen ustedes a mucha gente que eche 35 horas a la semana en su puesto de trabajo? De las reales, quiero decir. No de las firmadas.<\/p>\n<p>Lo siento, pero no creo en la panacea de la inteligencia artificial. Estoy convencido de que aumentar\u00e1 la productividad de las empresas, por supuesto. Pero los beneficios que genere en las cuentas de resultados se traducir\u00e1n en una correlativa e inmediata p\u00e9rdida de puestos de trabajo. La digitalizaci\u00f3n es lo que tiene.<\/p>\n<p><a href=\"https:\/\/www.granadablogs.com\/pateandoelmundo\/un-rival-llamado-algoritmo\/jornada-8-horas\/\" rel=\"attachment wp-att-25669\"><img loading=\"lazy\" decoding=\"async\" class=\"aligncenter size-medium wp-image-25669\" src=\"https:\/\/www.granadablogs.com\/pateandoelmundo\/wp-content\/uploads\/2018\/09\/Jornada-8-horas-300x135.jpg\" alt=\"\" width=\"300\" height=\"135\" srcset=\"https:\/\/www.granadablogs.com\/pateandoelmundo\/wp-content\/uploads\/2018\/09\/Jornada-8-horas-300x135.jpg 300w, https:\/\/www.granadablogs.com\/pateandoelmundo\/wp-content\/uploads\/2018\/09\/Jornada-8-horas.jpg 640w\" sizes=\"auto, (max-width: 300px) 100vw, 300px\" \/><\/a><\/p>\n<p>Hoy, el gran rival del trabajador humano es un algoritmo. Y como el ludismo nunca ha sido una opci\u00f3n l\u00f3gica o sensata, mientras llegan la Renta B\u00e1sica Universal y el nuevo contrato social que palie la exclusi\u00f3n laboral, solo queda adaptarse y tratar de ganarse la vida en sectores en los los que los robots partan con desventaja.<\/p>\n<p>Jes\u00fas Lens<\/p>\n<p><a href=\"https:\/\/twitter.com\/Jesus_Lens\" target=\"_blank\" rel=\"attachment noopener wp-att-25214\"><img loading=\"lazy\" decoding=\"async\" class=\"size-full wp-image-25214 alignleft\" src=\"https:\/\/www.granadablogs.com\/pateandoelmundo\/wp-content\/uploads\/2018\/06\/0Twitter-Lens.jpg\" alt=\"\" width=\"196\" height=\"47\" \/><\/a><\/p>\n","protected":false},"excerpt":{"rendered":"<p>Hace unos a\u00f1os tuve la fortuna de compartir un panel de an\u00e1lisis econ\u00f3mico sobre la exclusi\u00f3n financiera con Joaqu\u00edn Estefan\u00eda, que ayer se convirti\u00f3 en tendencia en las redes sociales por una soberbia pieza en la que defiende la necesidad de un nuevo contrato social, dada la desigualdad rampante provocada por lo que \u00e9l llama [&hellip;]<\/p>\n","protected":false},"author":1,"featured_media":0,"comment_status":"open","ping_status":"open","sticky":false,"template":"","format":"standard","meta":{"jetpack_post_was_ever_published":false,"_jetpack_newsletter_access":"","_jetpack_dont_email_post_to_subs":false,"_jetpack_newsletter_tier_id":0,"_jetpack_memberships_contains_paywalled_content":false,"_jetpack_memberships_contains_paid_content":false,"footnotes":""},"categories":[6],"tags":[16812,16813,16809,16808,10038,16811,16817,16816,16815,16810,16814],"class_list":["post-25665","post","type-post","status-publish","format-standard","hentry","category-opinion","tag-exclusion","tag-exclusion-financiera","tag-gran-recesion-siglo-xxi","tag-horarios-laborales","tag-inteligencia-artificial","tag-joaquin-estefania","tag-jornada-8-horas","tag-llega-el-fin-del-mundo","tag-los-robots-te-pagaran-la-jubilacion","tag-nuevo-contrato-social","tag-renta-basica-universal"],"jetpack_featured_media_url":"","jetpack_sharing_enabled":true,"_links":{"self":[{"href":"https:\/\/www.granadablogs.com\/pateandoelmundo\/wp-json\/wp\/v2\/posts\/25665","targetHints":{"allow":["GET"]}}],"collection":[{"href":"https:\/\/www.granadablogs.com\/pateandoelmundo\/wp-json\/wp\/v2\/posts"}],"about":[{"href":"https:\/\/www.granadablogs.com\/pateandoelmundo\/wp-json\/wp\/v2\/types\/post"}],"author":[{"embeddable":true,"href":"https:\/\/www.granadablogs.com\/pateandoelmundo\/wp-json\/wp\/v2\/users\/1"}],"replies":[{"embeddable":true,"href":"https:\/\/www.granadablogs.com\/pateandoelmundo\/wp-json\/wp\/v2\/comments?post=25665"}],"version-history":[{"count":2,"href":"https:\/\/www.granadablogs.com\/pateandoelmundo\/wp-json\/wp\/v2\/posts\/25665\/revisions"}],"predecessor-version":[{"id":25671,"href":"https:\/\/www.granadablogs.com\/pateandoelmundo\/wp-json\/wp\/v2\/posts\/25665\/revisions\/25671"}],"wp:attachment":[{"href":"https:\/\/www.granadablogs.com\/pateandoelmundo\/wp-json\/wp\/v2\/media?parent=25665"}],"wp:term":[{"taxonomy":"category","embeddable":true,"href":"https:\/\/www.granadablogs.com\/pateandoelmundo\/wp-json\/wp\/v2\/categories?post=25665"},{"taxonomy":"post_tag","embeddable":true,"href":"https:\/\/www.granadablogs.com\/pateandoelmundo\/wp-json\/wp\/v2\/tags?post=25665"}],"curies":[{"name":"wp","href":"https:\/\/api.w.org\/{rel}","templated":true}]}}