{"id":25607,"date":"2018-09-07T13:11:04","date_gmt":"2018-09-07T12:11:04","guid":{"rendered":"https:\/\/www.granadablogs.com\/pateandoelmundo\/?p=25607"},"modified":"2018-09-07T13:11:04","modified_gmt":"2018-09-07T12:11:04","slug":"cadaveres-que-son-cifras","status":"publish","type":"post","link":"https:\/\/www.granadablogs.com\/pateandoelmundo\/cadaveres-que-son-cifras\/","title":{"rendered":"Cad\u00e1veres que son cifras"},"content":{"rendered":"<p>Cinco personas muertas en el Mediterr\u00e1neo, antes de ayer. Cinco m\u00e1s, para ser precisos. Cinco cad\u00e1veres recuperados de las aguas por Salvamento Mar\u00edtimo en otra tit\u00e1nica intervenci\u00f3n que consigui\u00f3 rescatar, con vida, a un centenar m\u00e1s de seres humanos que trataban de no ahogarse despu\u00e9s de que pinchara su patera.<\/p>\n<figure id=\"attachment_25608\" aria-describedby=\"caption-attachment-25608\" style=\"width: 300px\" class=\"wp-caption aligncenter\"><a href=\"https:\/\/www.granadablogs.com\/pateandoelmundo\/cadaveres-que-son-cifras\/entierro-inmigrantes-muertos-foto-maria-escamez\/\" rel=\"attachment wp-att-25608\"><img loading=\"lazy\" decoding=\"async\" class=\"size-medium wp-image-25608\" src=\"https:\/\/www.granadablogs.com\/pateandoelmundo\/wp-content\/uploads\/2018\/09\/Entierro-inmigrantes-muertos.-Foto-Mar\u00eda-Esc\u00e1mez-300x200.jpg\" alt=\"\" width=\"300\" height=\"200\" srcset=\"https:\/\/www.granadablogs.com\/pateandoelmundo\/wp-content\/uploads\/2018\/09\/Entierro-inmigrantes-muertos.-Foto-Mar\u00eda-Esc\u00e1mez-300x200.jpg 300w, https:\/\/www.granadablogs.com\/pateandoelmundo\/wp-content\/uploads\/2018\/09\/Entierro-inmigrantes-muertos.-Foto-Mar\u00eda-Esc\u00e1mez.jpg 624w\" sizes=\"auto, (max-width: 300px) 100vw, 300px\" \/><\/a><figcaption id=\"caption-attachment-25608\" class=\"wp-caption-text\">Entierro de los inmigrantes muertos. Foto: Mar\u00eda Esc\u00e1mez<\/figcaption><\/figure>\n<p>El drama que no cesa. As\u00ed solemos llamar al goteo constante de noticias sobre inmigrantes que se juegan la vida tratando de cruzar las aguas del antiguo Mare Nostrum. Noticias a las que ya nos hemos acostumbrado y que apenas nos hacen herida cuando nos rozan, de lo habituados que estamos a ellas.<\/p>\n<p>Estos cinco cad\u00e1veres pasar\u00e1n a engrosar las listas oficiales de forma an\u00f3nima y se convertir\u00e1n en estad\u00edsticas sin que presumiblemente lleguemos a conocer nada sobre sus identidades. Cifras sin nombre ni apellido, filiaci\u00f3n o procedencia.<\/p>\n<p>Que estemos tan preocupados por los restos del Dictador es importante, pero \u00bfno olvidamos con demasiada rapidez y excesiva facilidad a los muertos del Estrecho?<\/p>\n<p>A final de agosto, el ej\u00e9rcito se moviliz\u00f3 para instalar un campamento, perfectamente dotado y equipado, que permitiera atender con dignidad a los inmigrantes rescatados en el Mediterr\u00e1neo. \u00a1Qu\u00e9 poco impacto tuvo esa noticia entre la gente, con lo importante que es! (Lean <a href=\"https:\/\/www.ideal.es\/granada\/costa\/militares-levantaran-campamento-20180825001945-ntvo.html\" target=\"_blank\" rel=\"noopener\">AQU\u00cd<\/a>) Lo mismo es que tenemos una venda amarilla en los ojos que nos impide percibir lo que realmente deber\u00eda concernirnos.<\/p>\n<p><a href=\"https:\/\/www.granadablogs.com\/pateandoelmundo\/cadaveres-que-son-cifras\/campamento-militares-motril\/\" rel=\"attachment wp-att-25609\"><img loading=\"lazy\" decoding=\"async\" class=\"aligncenter size-medium wp-image-25609\" src=\"https:\/\/www.granadablogs.com\/pateandoelmundo\/wp-content\/uploads\/2018\/09\/Campamento-militares-motril-300x252.jpg\" alt=\"\" width=\"300\" height=\"252\" srcset=\"https:\/\/www.granadablogs.com\/pateandoelmundo\/wp-content\/uploads\/2018\/09\/Campamento-militares-motril-300x252.jpg 300w, https:\/\/www.granadablogs.com\/pateandoelmundo\/wp-content\/uploads\/2018\/09\/Campamento-militares-motril.jpg 624w\" sizes=\"auto, (max-width: 300px) 100vw, 300px\" \/><\/a><\/p>\n<p>Esta semana, ese campamento ya estaba desbordado. \u00bfQu\u00e9 habr\u00eda ocurrido sin la participaci\u00f3n del ej\u00e9rcito? \u00bfA cu\u00e1ntas personas ha atendido ya? \u00bfPor qu\u00e9 tengo la sensaci\u00f3n de que no le estamos prestando la atenci\u00f3n necesaria a este tema? Y no ser\u00e1 porque los medios de comunicaci\u00f3n no lo cuentan, lo muestran y lo describen\u2026 (Lean <a href=\"https:\/\/www.ideal.es\/granada\/costa\/motril-entierra-cinco-20180907002838-ntvo.html\" target=\"_blank\" rel=\"noopener\">esta pieza<\/a> de Laura Ubago, por ejemplo, en el IDEAL de hoy)<\/p>\n<p>Vivimos en un permanente estado de indignaci\u00f3n por asuntos menores, rid\u00edculos e intrascendentes la mayor parte de las veces. Pendientes de los trending topics del momento, nos obligamos a posicionarnos y opinar sobre todas las banalidades posibles y algunas, hasta imposibles. Mientras, el drama que no cesa sigue ocurriendo. Todos los d\u00edas. Frente a nuestros ojos. Y cada vez nos quedamos m\u00e1s imp\u00e1vidos e impasibles.<\/p>\n<p><a href=\"https:\/\/www.granadablogs.com\/pateandoelmundo\/cadaveres-que-son-cifras\/inmigrantes-motril\/\" rel=\"attachment wp-att-25610\"><img loading=\"lazy\" decoding=\"async\" class=\"aligncenter size-medium wp-image-25610\" src=\"https:\/\/www.granadablogs.com\/pateandoelmundo\/wp-content\/uploads\/2018\/09\/Inmigrantes-Motril-300x169.jpg\" alt=\"\" width=\"300\" height=\"169\" srcset=\"https:\/\/www.granadablogs.com\/pateandoelmundo\/wp-content\/uploads\/2018\/09\/Inmigrantes-Motril-300x169.jpg 300w, https:\/\/www.granadablogs.com\/pateandoelmundo\/wp-content\/uploads\/2018\/09\/Inmigrantes-Motril.jpg 575w\" sizes=\"auto, (max-width: 300px) 100vw, 300px\" \/><\/a><\/p>\n<p>Menos mal que ah\u00ed est\u00e1n el ej\u00e9rcito y las instituciones. La Cruz Roja, las ONG y los voluntarios. Si no fuera por ellos, si la suerte de los inmigrantes rescatados de las aguas dependiera de tanto indignado cibern\u00e9tico e internauta furioso, su futuro ser\u00eda a\u00fan m\u00e1s desesperanzador.<\/p>\n<p>Jes\u00fas Lens<\/p>\n<p><a href=\"https:\/\/twitter.com\/Jesus_Lens\" target=\"_blank\" rel=\"attachment noopener wp-att-25214\"><img loading=\"lazy\" decoding=\"async\" class=\"size-full wp-image-25214 alignleft\" src=\"https:\/\/www.granadablogs.com\/pateandoelmundo\/wp-content\/uploads\/2018\/06\/0Twitter-Lens.jpg\" alt=\"\" width=\"196\" height=\"47\" \/><\/a><\/p>\n","protected":false},"excerpt":{"rendered":"<p>Cinco personas muertas en el Mediterr\u00e1neo, antes de ayer. Cinco m\u00e1s, para ser precisos. Cinco cad\u00e1veres recuperados de las aguas por Salvamento Mar\u00edtimo en otra tit\u00e1nica intervenci\u00f3n que consigui\u00f3 rescatar, con vida, a un centenar m\u00e1s de seres humanos que trataban de no ahogarse despu\u00e9s de que pinchara su patera. El drama que no cesa. [&hellip;]<\/p>\n","protected":false},"author":1,"featured_media":0,"comment_status":"open","ping_status":"open","sticky":false,"template":"","format":"standard","meta":{"jetpack_post_was_ever_published":false,"_jetpack_newsletter_access":"","_jetpack_dont_email_post_to_subs":false,"_jetpack_newsletter_tier_id":0,"_jetpack_memberships_contains_paywalled_content":false,"_jetpack_memberships_contains_paid_content":false,"footnotes":""},"categories":[6],"tags":[16761,122,16759,16760],"class_list":["post-25607","post","type-post","status-publish","format-standard","hentry","category-opinion","tag-el-drama-que-no-cesa","tag-inmigracion","tag-inmigrantes-muertos-mediterraneo","tag-puerto-de-motriz-inmigrantes"],"jetpack_featured_media_url":"","jetpack_sharing_enabled":true,"_links":{"self":[{"href":"https:\/\/www.granadablogs.com\/pateandoelmundo\/wp-json\/wp\/v2\/posts\/25607","targetHints":{"allow":["GET"]}}],"collection":[{"href":"https:\/\/www.granadablogs.com\/pateandoelmundo\/wp-json\/wp\/v2\/posts"}],"about":[{"href":"https:\/\/www.granadablogs.com\/pateandoelmundo\/wp-json\/wp\/v2\/types\/post"}],"author":[{"embeddable":true,"href":"https:\/\/www.granadablogs.com\/pateandoelmundo\/wp-json\/wp\/v2\/users\/1"}],"replies":[{"embeddable":true,"href":"https:\/\/www.granadablogs.com\/pateandoelmundo\/wp-json\/wp\/v2\/comments?post=25607"}],"version-history":[{"count":2,"href":"https:\/\/www.granadablogs.com\/pateandoelmundo\/wp-json\/wp\/v2\/posts\/25607\/revisions"}],"predecessor-version":[{"id":25612,"href":"https:\/\/www.granadablogs.com\/pateandoelmundo\/wp-json\/wp\/v2\/posts\/25607\/revisions\/25612"}],"wp:attachment":[{"href":"https:\/\/www.granadablogs.com\/pateandoelmundo\/wp-json\/wp\/v2\/media?parent=25607"}],"wp:term":[{"taxonomy":"category","embeddable":true,"href":"https:\/\/www.granadablogs.com\/pateandoelmundo\/wp-json\/wp\/v2\/categories?post=25607"},{"taxonomy":"post_tag","embeddable":true,"href":"https:\/\/www.granadablogs.com\/pateandoelmundo\/wp-json\/wp\/v2\/tags?post=25607"}],"curies":[{"name":"wp","href":"https:\/\/api.w.org\/{rel}","templated":true}]}}