{"id":25551,"date":"2018-07-30T14:29:45","date_gmt":"2018-07-30T13:29:45","guid":{"rendered":"http:\/\/www.granadablogs.com\/pateandoelmundo\/?p=25551"},"modified":"2018-07-30T14:29:45","modified_gmt":"2018-07-30T13:29:45","slug":"el-ave-electrico","status":"publish","type":"post","link":"https:\/\/www.granadablogs.com\/pateandoelmundo\/el-ave-electrico\/","title":{"rendered":"El AVE el\u00e9ctrico"},"content":{"rendered":"<p>Uno de los conceptos sociol\u00f3gicamente m\u00e1s afortunados de los \u00faltimos a\u00f1os, el de la Espa\u00f1a vac\u00eda, se lo debemos a Sergio del Molino. En el libro hom\u00f3nimo reflexionaba sobre una Espa\u00f1a en la sombra, desplazada, ajena a los titulares y siempre fuera de foco. Una Espa\u00f1a que se va quedando despoblada, en la que cada vez hay menos gente. Y menos negocios. Y menos servicios b\u00e1sicos.<\/p>\n<p><a href=\"http:\/\/www.granadablogs.com\/pateandoelmundo\/el-ave-electrico\/ave-electrico-torres\/\" rel=\"attachment wp-att-25552\"><img loading=\"lazy\" decoding=\"async\" class=\"aligncenter size-medium wp-image-25552\" src=\"http:\/\/www.granadablogs.com\/pateandoelmundo\/wp-content\/uploads\/2018\/07\/AVE-el\u00e9ctrico-torres-300x177.jpg\" alt=\"\" width=\"300\" height=\"177\" srcset=\"https:\/\/www.granadablogs.com\/pateandoelmundo\/wp-content\/uploads\/2018\/07\/AVE-el\u00e9ctrico-torres-300x177.jpg 300w, https:\/\/www.granadablogs.com\/pateandoelmundo\/wp-content\/uploads\/2018\/07\/AVE-el\u00e9ctrico-torres-768x453.jpg 768w, https:\/\/www.granadablogs.com\/pateandoelmundo\/wp-content\/uploads\/2018\/07\/AVE-el\u00e9ctrico-torres-644x379.jpg 644w, https:\/\/www.granadablogs.com\/pateandoelmundo\/wp-content\/uploads\/2018\/07\/AVE-el\u00e9ctrico-torres.jpg 930w\" sizes=\"auto, (max-width: 300px) 100vw, 300px\" \/><\/a><\/p>\n<p>Como si de un empobrecedor c\u00edrculo vicioso se tratara, la marcha de la gente conlleva el cierre de los negocios e, inmediatamente despu\u00e9s, el repliegue de las instituciones. \u00bfO es al contrario? Van cerrando las tiendas, desaparecen las empresas, los servicios b\u00e1sicos se prestan cada vez en peores condiciones o m\u00e1s intermitentemente y la gente, hastiada y desesperada, termina tirando la toalla. Y march\u00e1ndose.<\/p>\n<p>Granada es una gran provincia -en todos los sentidos- muy diversificada\u2026 y geogr\u00e1ficamente complicada. Es la provincia con m\u00e1s municipios de toda Andaluc\u00eda y su poblaci\u00f3n est\u00e1 muy atomizada. De ah\u00ed que la noticia de que la llamada Autov\u00eda El\u00e9ctrica, la l\u00ednea de alta tensi\u00f3n Caparacena-Baza-La Ribina, pasa a ser prioritaria; es de las m\u00e1s importantes del a\u00f1o.<\/p>\n<p><a href=\"http:\/\/www.granadablogs.com\/pateandoelmundo\/el-ave-electrico\/ave-electrico\/\" rel=\"attachment wp-att-25553\"><img loading=\"lazy\" decoding=\"async\" class=\"aligncenter size-medium wp-image-25553\" src=\"http:\/\/www.granadablogs.com\/pateandoelmundo\/wp-content\/uploads\/2018\/07\/AVE-el\u00e9ctrico-300x212.jpg\" alt=\"\" width=\"300\" height=\"212\" srcset=\"https:\/\/www.granadablogs.com\/pateandoelmundo\/wp-content\/uploads\/2018\/07\/AVE-el\u00e9ctrico-300x212.jpg 300w, https:\/\/www.granadablogs.com\/pateandoelmundo\/wp-content\/uploads\/2018\/07\/AVE-el\u00e9ctrico.jpg 638w\" sizes=\"auto, (max-width: 300px) 100vw, 300px\" \/><\/a><\/p>\n<p>Hay que dar la enhorabuena a Jos\u00e9 Entrena, presidente de la Diputaci\u00f3n, por esta buena nueva. Ha sido uno de los pol\u00edticos m\u00e1s reivindicativos en este tema y la decisi\u00f3n del Consejo de Ministros del pasado viernes, convirtiendo en prioritario uno de los proyectos dejados de la mano de Dios por el gobierno del PP, puede ser su gran legado.<\/p>\n<p>La magnitud de las cifras que suponen este aut\u00e9ntico AVE de la electricidad ya es buena muestra de su importancia: 1.100 millones de euros de inversi\u00f3n en energ\u00eda renovable y la creaci\u00f3n de 5.000 puestos de trabajo en la zona norte de la provincia, esa gran desconocida para un mont\u00f3n de gente convencida de que Granada se concentra en la capital, sus dos Alhambras y el \u00e1rea metropolitana; Sierra Nevada en invierno, la Costa Tropical en verano y La Alpujarra como exotismo donde pasar un fin de semana en un alojamiento rural con chimenea.<\/p>\n<p><a href=\"http:\/\/www.granadablogs.com\/pateandoelmundo\/el-ave-electrico\/ave-eolico\/\" rel=\"attachment wp-att-25554\"><img loading=\"lazy\" decoding=\"async\" class=\"aligncenter size-medium wp-image-25554\" src=\"http:\/\/www.granadablogs.com\/pateandoelmundo\/wp-content\/uploads\/2018\/07\/AVE-e\u00f3lico-300x225.png\" alt=\"\" width=\"300\" height=\"225\" srcset=\"https:\/\/www.granadablogs.com\/pateandoelmundo\/wp-content\/uploads\/2018\/07\/AVE-e\u00f3lico-300x225.png 300w, https:\/\/www.granadablogs.com\/pateandoelmundo\/wp-content\/uploads\/2018\/07\/AVE-e\u00f3lico-768x575.png 768w, https:\/\/www.granadablogs.com\/pateandoelmundo\/wp-content\/uploads\/2018\/07\/AVE-e\u00f3lico-644x482.png 644w, https:\/\/www.granadablogs.com\/pateandoelmundo\/wp-content\/uploads\/2018\/07\/AVE-e\u00f3lico.png 800w\" sizes=\"auto, (max-width: 300px) 100vw, 300px\" \/><\/a><\/p>\n<p>Ojal\u00e1 que el AVE el\u00e9ctrico Caparacena-Baza-La Ribina sirva para atraer a empresas que quieran aprovechar las posibilidades del norte de nuestra provincia y, junto a otras poblaciones de Ja\u00e9n y Almer\u00eda, contribuya a generar un c\u00edrculo virtuoso que atraiga inversi\u00f3n y desarrollo a la comarca.<\/p>\n<p>Jes\u00fas Lens<\/p>\n<p><a href=\"https:\/\/twitter.com\/Jesus_Lens\" target=\"_blank\" rel=\"attachment noopener wp-att-25214\"><img loading=\"lazy\" decoding=\"async\" class=\"size-full wp-image-25214 alignleft\" src=\"http:\/\/www.granadablogs.com\/pateandoelmundo\/wp-content\/uploads\/2018\/06\/0Twitter-Lens.jpg\" alt=\"\" width=\"196\" height=\"47\" \/><\/a><\/p>\n","protected":false},"excerpt":{"rendered":"<p>Uno de los conceptos sociol\u00f3gicamente m\u00e1s afortunados de los \u00faltimos a\u00f1os, el de la Espa\u00f1a vac\u00eda, se lo debemos a Sergio del Molino. En el libro hom\u00f3nimo reflexionaba sobre una Espa\u00f1a en la sombra, desplazada, ajena a los titulares y siempre fuera de foco. Una Espa\u00f1a que se va quedando despoblada, en la que cada [&hellip;]<\/p>\n","protected":false},"author":1,"featured_media":0,"comment_status":"open","ping_status":"open","sticky":false,"template":"","format":"standard","meta":{"jetpack_post_was_ever_published":false,"_jetpack_newsletter_access":"","_jetpack_dont_email_post_to_subs":false,"_jetpack_newsletter_tier_id":0,"_jetpack_memberships_contains_paywalled_content":false,"_jetpack_memberships_contains_paid_content":false,"footnotes":""},"categories":[6],"tags":[16732,972,16733,16734,16735,16736],"class_list":["post-25551","post","type-post","status-publish","format-standard","hentry","category-opinion","tag-autovia-electrica","tag-diputacion-de-granada","tag-eje-caparacena-baza-la-ribina","tag-electricidad-granada","tag-inversiones-en-granada","tag-jose-entrena"],"jetpack_featured_media_url":"","jetpack_sharing_enabled":true,"_links":{"self":[{"href":"https:\/\/www.granadablogs.com\/pateandoelmundo\/wp-json\/wp\/v2\/posts\/25551","targetHints":{"allow":["GET"]}}],"collection":[{"href":"https:\/\/www.granadablogs.com\/pateandoelmundo\/wp-json\/wp\/v2\/posts"}],"about":[{"href":"https:\/\/www.granadablogs.com\/pateandoelmundo\/wp-json\/wp\/v2\/types\/post"}],"author":[{"embeddable":true,"href":"https:\/\/www.granadablogs.com\/pateandoelmundo\/wp-json\/wp\/v2\/users\/1"}],"replies":[{"embeddable":true,"href":"https:\/\/www.granadablogs.com\/pateandoelmundo\/wp-json\/wp\/v2\/comments?post=25551"}],"version-history":[{"count":2,"href":"https:\/\/www.granadablogs.com\/pateandoelmundo\/wp-json\/wp\/v2\/posts\/25551\/revisions"}],"predecessor-version":[{"id":25556,"href":"https:\/\/www.granadablogs.com\/pateandoelmundo\/wp-json\/wp\/v2\/posts\/25551\/revisions\/25556"}],"wp:attachment":[{"href":"https:\/\/www.granadablogs.com\/pateandoelmundo\/wp-json\/wp\/v2\/media?parent=25551"}],"wp:term":[{"taxonomy":"category","embeddable":true,"href":"https:\/\/www.granadablogs.com\/pateandoelmundo\/wp-json\/wp\/v2\/categories?post=25551"},{"taxonomy":"post_tag","embeddable":true,"href":"https:\/\/www.granadablogs.com\/pateandoelmundo\/wp-json\/wp\/v2\/tags?post=25551"}],"curies":[{"name":"wp","href":"https:\/\/api.w.org\/{rel}","templated":true}]}}