{"id":25313,"date":"2018-06-27T07:27:15","date_gmt":"2018-06-27T06:27:15","guid":{"rendered":"http:\/\/www.granadablogs.com\/pateandoelmundo\/?p=25313"},"modified":"2018-06-27T07:27:15","modified_gmt":"2018-06-27T06:27:15","slug":"problemas-tecnicos-a-gogo","status":"publish","type":"post","link":"https:\/\/www.granadablogs.com\/pateandoelmundo\/problemas-tecnicos-a-gogo\/","title":{"rendered":"Problemas t\u00e9cnicos a gog\u00f3"},"content":{"rendered":"<p>\u00a1Qu\u00e9 cosas! Al final va a resultar que los problemas t\u00e9cnicos, los flecos pendientes del AVE, son los mismos para el gobierno del PP y para el del PSOE. Los afectados y perjudicados, eso s\u00ed, somos siempre somos los mismos: los granadinos. Y los visitantes a Granada, por supuesto.<\/p>\n<p><a href=\"http:\/\/www.granadablogs.com\/pateandoelmundo\/perder-dejar-pasar-el-tren\/tren-surrealista\/\" rel=\"attachment wp-att-25020\"><img loading=\"lazy\" decoding=\"async\" class=\"aligncenter size-medium wp-image-25020\" src=\"http:\/\/www.granadablogs.com\/pateandoelmundo\/wp-content\/uploads\/2018\/05\/Tren-surrealista-300x211.jpg\" alt=\"\" width=\"300\" height=\"211\" srcset=\"https:\/\/www.granadablogs.com\/pateandoelmundo\/wp-content\/uploads\/2018\/05\/Tren-surrealista-300x211.jpg 300w, https:\/\/www.granadablogs.com\/pateandoelmundo\/wp-content\/uploads\/2018\/05\/Tren-surrealista-768x541.jpg 768w, https:\/\/www.granadablogs.com\/pateandoelmundo\/wp-content\/uploads\/2018\/05\/Tren-surrealista-644x454.jpg 644w, https:\/\/www.granadablogs.com\/pateandoelmundo\/wp-content\/uploads\/2018\/05\/Tren-surrealista.jpg 795w\" sizes=\"auto, (max-width: 300px) 100vw, 300px\" \/><\/a><\/p>\n<p>Los caprichos del destino van a hacer que, presumiblemente, el viaje inaugural de la Alta Velocidad a Granada est\u00e9 protagonizado por socialistas: Pedro S\u00e1nchez vendr\u00e1 desde Moncloa, Susana D\u00edaz desde San Telmo y Francisco Cuenca les recibir\u00e1 en la Plaza del Carmen. Pero antes, habr\u00e1 ruido. Y quejas. Y protestas. Las mismas que hubiera habido de seguir Rajoy en el gobierno\u2026 pero del signo contrario. Lo que demuestra que la pol\u00edtica, en muchos casos, m\u00e1s que una cuesti\u00f3n de oportunidad, lo es de oportunismo. Y que las cosas salen -o dejan de salir- a pesar de los pol\u00edticos, m\u00e1s que gracias a ellos.<\/p>\n<p>Lo escrib\u00ed tras la pen\u00faltima y fallida concentraci\u00f3n de hace unos meses, convocada por el PSOE, digo la Marea Amarilla, frente a la Delegaci\u00f3n del Gobierno, para protestar por el aislamiento ferroviario: una vez terminadas las obras del AVE, las presiones para acelerar las cosas no eran m\u00e1s que ganas de enredar: si para la puesta en marcha del Metro fueron necesarios meses y meses de recorridos en prueba, hasta el infinito y m\u00e1s all\u00e1, \u00bfqu\u00e9 no ser\u00e1 necesario -y aconsejable- para el AVE?<\/p>\n<p><a href=\"http:\/\/www.granadablogs.com\/pateandoelmundo\/mas-millones-mas-mas-millones-para-tomas\/tomas-metro-nevada\/\" rel=\"attachment wp-att-25013\"><img loading=\"lazy\" decoding=\"async\" class=\"aligncenter size-medium wp-image-25013\" src=\"http:\/\/www.granadablogs.com\/pateandoelmundo\/wp-content\/uploads\/2018\/05\/Tom\u00e1s-Metro-Nevada-300x229.jpg\" alt=\"\" width=\"300\" height=\"229\" \/><\/a><\/p>\n<p>Ahora han cambiado las tornas y, donde ped\u00eda calma, prudencia y tranquilidad, el PP exige diligencia y resultados inmediatos. A sensu contrario, ahora es el PSOE quien va a su bola, que ni siquiera consta el acuse de recibo de la carta enviada por Cuenca a Fomento.<\/p>\n<p>Parte de lo bueno de la moci\u00f3n de censura y del cambio de gobierno ha sido el caos generado: a unos les ha obligado a modificar el paso a marchas forzadas y a otros les ha desenmascarado, dej\u00e1ndoles desnudos frente al espejo.<\/p>\n<p><a href=\"http:\/\/www.granadablogs.com\/pateandoelmundo\/perder-dejar-pasar-el-tren\/tren-antiguo\/\" rel=\"attachment wp-att-25018\"><img loading=\"lazy\" decoding=\"async\" class=\"aligncenter size-medium wp-image-25018\" src=\"http:\/\/www.granadablogs.com\/pateandoelmundo\/wp-content\/uploads\/2018\/05\/Tren-antiguo-300x200.jpg\" alt=\"\" width=\"300\" height=\"200\" srcset=\"https:\/\/www.granadablogs.com\/pateandoelmundo\/wp-content\/uploads\/2018\/05\/Tren-antiguo-300x200.jpg 300w, https:\/\/www.granadablogs.com\/pateandoelmundo\/wp-content\/uploads\/2018\/05\/Tren-antiguo-768x511.jpg 768w, https:\/\/www.granadablogs.com\/pateandoelmundo\/wp-content\/uploads\/2018\/05\/Tren-antiguo-644x429.jpg 644w, https:\/\/www.granadablogs.com\/pateandoelmundo\/wp-content\/uploads\/2018\/05\/Tren-antiguo.jpg 1200w\" sizes=\"auto, (max-width: 300px) 100vw, 300px\" \/><\/a><\/p>\n<p>Lo malo, claro, es la sensaci\u00f3n de desamparo que nos queda a los ciudadanos, indignados ante este juego de la gallinita ciega en el que \u00fanica pol\u00edtica activa que practican PP y PSOE es torpedearse mutuamente. El mira-t\u00fa solo encuentra respuesta en el pues-anda-que-t\u00fa. Mientras, la casa sin barrer, otro verano de Granada sin trenes y lo que te rondar\u00e9, morena.<\/p>\n<p>Jes\u00fas Lens<\/p>\n<p><a href=\"https:\/\/twitter.com\/Jesus_Lens\" target=\"_blank\" rel=\"attachment noopener wp-att-25214\"><img loading=\"lazy\" decoding=\"async\" class=\"size-full wp-image-25214 alignleft\" src=\"http:\/\/www.granadablogs.com\/pateandoelmundo\/wp-content\/uploads\/2018\/06\/0Twitter-Lens.jpg\" alt=\"\" width=\"196\" height=\"47\" \/><\/a><\/p>\n","protected":false},"excerpt":{"rendered":"<p>\u00a1Qu\u00e9 cosas! Al final va a resultar que los problemas t\u00e9cnicos, los flecos pendientes del AVE, son los mismos para el gobierno del PP y para el del PSOE. Los afectados y perjudicados, eso s\u00ed, somos siempre somos los mismos: los granadinos. Y los visitantes a Granada, por supuesto. Los caprichos del destino van a [&hellip;]<\/p>\n","protected":false},"author":1,"featured_media":0,"comment_status":"open","ping_status":"open","sticky":false,"template":"","format":"standard","meta":{"jetpack_post_was_ever_published":false,"_jetpack_newsletter_access":"","_jetpack_dont_email_post_to_subs":false,"_jetpack_newsletter_tier_id":0,"_jetpack_memberships_contains_paywalled_content":false,"_jetpack_memberships_contains_paid_content":false,"footnotes":""},"categories":[6],"tags":[16545,15091,16544,16543],"class_list":["post-25313","post","type-post","status-publish","format-standard","hentry","category-opinion","tag-donde-dije-tal-digo-pascual","tag-marea-amarilla-granada","tag-ministro-abanos-tren","tag-sin-tren"],"jetpack_featured_media_url":"","jetpack_sharing_enabled":true,"_links":{"self":[{"href":"https:\/\/www.granadablogs.com\/pateandoelmundo\/wp-json\/wp\/v2\/posts\/25313","targetHints":{"allow":["GET"]}}],"collection":[{"href":"https:\/\/www.granadablogs.com\/pateandoelmundo\/wp-json\/wp\/v2\/posts"}],"about":[{"href":"https:\/\/www.granadablogs.com\/pateandoelmundo\/wp-json\/wp\/v2\/types\/post"}],"author":[{"embeddable":true,"href":"https:\/\/www.granadablogs.com\/pateandoelmundo\/wp-json\/wp\/v2\/users\/1"}],"replies":[{"embeddable":true,"href":"https:\/\/www.granadablogs.com\/pateandoelmundo\/wp-json\/wp\/v2\/comments?post=25313"}],"version-history":[{"count":1,"href":"https:\/\/www.granadablogs.com\/pateandoelmundo\/wp-json\/wp\/v2\/posts\/25313\/revisions"}],"predecessor-version":[{"id":25314,"href":"https:\/\/www.granadablogs.com\/pateandoelmundo\/wp-json\/wp\/v2\/posts\/25313\/revisions\/25314"}],"wp:attachment":[{"href":"https:\/\/www.granadablogs.com\/pateandoelmundo\/wp-json\/wp\/v2\/media?parent=25313"}],"wp:term":[{"taxonomy":"category","embeddable":true,"href":"https:\/\/www.granadablogs.com\/pateandoelmundo\/wp-json\/wp\/v2\/categories?post=25313"},{"taxonomy":"post_tag","embeddable":true,"href":"https:\/\/www.granadablogs.com\/pateandoelmundo\/wp-json\/wp\/v2\/tags?post=25313"}],"curies":[{"name":"wp","href":"https:\/\/api.w.org\/{rel}","templated":true}]}}