{"id":25307,"date":"2018-06-26T11:16:56","date_gmt":"2018-06-26T10:16:56","guid":{"rendered":"http:\/\/www.granadablogs.com\/pateandoelmundo\/?p=25307"},"modified":"2018-06-26T11:16:56","modified_gmt":"2018-06-26T10:16:56","slug":"para-quien-no-brilla-la-luz","status":"publish","type":"post","link":"https:\/\/www.granadablogs.com\/pateandoelmundo\/para-quien-no-brilla-la-luz\/","title":{"rendered":"Para quien no brilla la luz"},"content":{"rendered":"<p>Ando inquieto y nervioso, de cara a la presentaci\u00f3n literaria de esta tarde, a las 19.30 en la librer\u00eda Picasso, con mi compa\u00f1ero columnista y, sin embargo amigo, Jos\u00e9 Mar\u00eda P\u00e9rez Z\u00fa\u00f1iga.<\/p>\n<p><a href=\"http:\/\/www.granadablogs.com\/pateandoelmundo\/para-quien-no-brilla-la-luz\/para-quien-no-brilla-la-luz-lens\/\" rel=\"attachment wp-att-25308\"><img loading=\"lazy\" decoding=\"async\" class=\"aligncenter size-medium wp-image-25308\" src=\"http:\/\/www.granadablogs.com\/pateandoelmundo\/wp-content\/uploads\/2018\/06\/Para-quien-no-brilla-la-luz-lens-300x204.jpg\" alt=\"\" width=\"300\" height=\"204\" srcset=\"https:\/\/www.granadablogs.com\/pateandoelmundo\/wp-content\/uploads\/2018\/06\/Para-quien-no-brilla-la-luz-lens-300x204.jpg 300w, https:\/\/www.granadablogs.com\/pateandoelmundo\/wp-content\/uploads\/2018\/06\/Para-quien-no-brilla-la-luz-lens-768x523.jpg 768w, https:\/\/www.granadablogs.com\/pateandoelmundo\/wp-content\/uploads\/2018\/06\/Para-quien-no-brilla-la-luz-lens-644x439.jpg 644w, https:\/\/www.granadablogs.com\/pateandoelmundo\/wp-content\/uploads\/2018\/06\/Para-quien-no-brilla-la-luz-lens.jpg 1468w\" sizes=\"auto, (max-width: 300px) 100vw, 300px\" \/><\/a><\/p>\n<p>Ser\u00e1 la \u00faltima presentaci\u00f3n hasta Granada Noir 4, que la temporada ha sido larga y fruct\u00edfera desde la Feria del Libro hasta aqu\u00ed, con el paso por nuestra ciudad de Jos\u00e9 Luis Ord\u00f3\u00f1ez, Gustavo Abrevaya, Alicia Gim\u00e9nez Bartlett, Antonio Lozano, Leonardo Padura, Toni Hill o Lorenzo Silva\u2026 \u00a1casi, casi un festival en s\u00ed mismo!<\/p>\n<p>Estoy intranquilo porque \u201cPara quien no brilla la luz\u201d es una novela profundamente desasosegante. Una combinaci\u00f3n de g\u00e9nero negro y terror que me lleva alterando el sue\u00f1o las \u00faltimas noches, por mucho que yo, como ustedes, sepamos que los vampiros no existen.<\/p>\n<p><a href=\"http:\/\/www.granadablogs.com\/pateandoelmundo\/para-quien-no-brilla-la-luz\/cubierta-para-quien-no-brilla-la-luz-_13mm_160518-indd\/\" rel=\"attachment wp-att-25309\"><img loading=\"lazy\" decoding=\"async\" class=\"aligncenter size-medium wp-image-25309\" src=\"http:\/\/www.granadablogs.com\/pateandoelmundo\/wp-content\/uploads\/2018\/06\/Para-quien-no-brilla-la-luz-195x300.jpg\" alt=\"\" width=\"195\" height=\"300\" srcset=\"https:\/\/www.granadablogs.com\/pateandoelmundo\/wp-content\/uploads\/2018\/06\/Para-quien-no-brilla-la-luz-195x300.jpg 195w, https:\/\/www.granadablogs.com\/pateandoelmundo\/wp-content\/uploads\/2018\/06\/Para-quien-no-brilla-la-luz-768x1180.jpg 768w, https:\/\/www.granadablogs.com\/pateandoelmundo\/wp-content\/uploads\/2018\/06\/Para-quien-no-brilla-la-luz-644x990.jpg 644w, https:\/\/www.granadablogs.com\/pateandoelmundo\/wp-content\/uploads\/2018\/06\/Para-quien-no-brilla-la-luz.jpg 1727w\" sizes=\"auto, (max-width: 195px) 100vw, 195px\" \/><\/a><\/p>\n<p>Al menos, los vampiros que nos han contado la literatura y el cine, con sus colmillos puntiagudos, su dificultad para apurar el afeitado frente al espejo del cuarto de ba\u00f1o y su pasi\u00f3n por la sangre, pero en crudo y sin intermediarios, de la huerta a la mesa; que a los vampiros no se les conoce pasi\u00f3n por la morcilla. Al menos, no que yo sepa.<\/p>\n<p>Y, sin embargo, el vampirismo s\u00ed existe. El vampirismo como fen\u00f3meno sociol\u00f3gico. El vampirismo econ\u00f3mico. El vampirismo emocional. Lo sostiene Jos\u00e9 Mar\u00eda, cuando recuerda a Claude Kappler: \u201cSi el vampirismo fascina, es porque representa, con inmensa fuerza, una imagen del hombre contempor\u00e1neo\u201d.<\/p>\n<p>El vampiro contempor\u00e1neo se esconde detr\u00e1s de diferentes m\u00e1scaras. Entre la gente t\u00f3xica, por ejemplo. Esa gente que tiene la extra\u00f1a costumbre de enredarnos en sus propios problemas una y otra vez, m\u00e1s all\u00e1 de nuestros deseos y de nuestra voluntad.<\/p>\n<p>Los vampiros se encuentran entre los compa\u00f1eros de trabajo que escalan posiciones por la v\u00eda de pisotear a los dem\u00e1s. O entre esos jefes que abusan de sus empleados para medrar, que consiguen sus objetivos personales a costa de la fuerza vital de sus subalternos. \u00bfY qu\u00e9 decir de la corrupci\u00f3n, esa lacra, esa peste que nos chupa la sangre hasta dejarnos literalmente secos?<\/p>\n<p><a href=\"http:\/\/www.granadablogs.com\/pateandoelmundo\/para-quien-no-brilla-la-luz\/vampiros-contemporaneos\/\" rel=\"attachment wp-att-25310\"><img loading=\"lazy\" decoding=\"async\" class=\"aligncenter size-medium wp-image-25310\" src=\"http:\/\/www.granadablogs.com\/pateandoelmundo\/wp-content\/uploads\/2018\/06\/Vampiros-contempor\u00e1neos-300x184.jpg\" alt=\"\" width=\"300\" height=\"184\" srcset=\"https:\/\/www.granadablogs.com\/pateandoelmundo\/wp-content\/uploads\/2018\/06\/Vampiros-contempor\u00e1neos-300x184.jpg 300w, https:\/\/www.granadablogs.com\/pateandoelmundo\/wp-content\/uploads\/2018\/06\/Vampiros-contempor\u00e1neos-768x470.jpg 768w, https:\/\/www.granadablogs.com\/pateandoelmundo\/wp-content\/uploads\/2018\/06\/Vampiros-contempor\u00e1neos-644x394.jpg 644w, https:\/\/www.granadablogs.com\/pateandoelmundo\/wp-content\/uploads\/2018\/06\/Vampiros-contempor\u00e1neos.jpg 980w\" sizes=\"auto, (max-width: 300px) 100vw, 300px\" \/><\/a><\/p>\n<p>Los vampiros nos siguen enamorando, como bien se\u00f1ala Jos\u00e9 Mar\u00eda, porque nos brindan la posibilidad de ser otros. De ser diferentes. De ser omnipotentes. Pero esa es su dimensi\u00f3n fant\u00e1stica. En la real, los vampiros nos estrujan y nos explotan\u2026 hasta reducirnos a la condici\u00f3n de zombis.<\/p>\n<p>Jes\u00fas Lens<\/p>\n<p><a href=\"https:\/\/twitter.com\/Jesus_Lens\" target=\"_blank\" rel=\"attachment noopener wp-att-25214\"><img loading=\"lazy\" decoding=\"async\" class=\"size-full wp-image-25214 alignleft\" src=\"http:\/\/www.granadablogs.com\/pateandoelmundo\/wp-content\/uploads\/2018\/06\/0Twitter-Lens.jpg\" alt=\"\" width=\"196\" height=\"47\" \/><\/a><\/p>\n","protected":false},"excerpt":{"rendered":"<p>Ando inquieto y nervioso, de cara a la presentaci\u00f3n literaria de esta tarde, a las 19.30 en la librer\u00eda Picasso, con mi compa\u00f1ero columnista y, sin embargo amigo, Jos\u00e9 Mar\u00eda P\u00e9rez Z\u00fa\u00f1iga. Ser\u00e1 la \u00faltima presentaci\u00f3n hasta Granada Noir 4, que la temporada ha sido larga y fruct\u00edfera desde la Feria del Libro hasta aqu\u00ed, [&hellip;]<\/p>\n","protected":false},"author":1,"featured_media":0,"comment_status":"open","ping_status":"open","sticky":false,"template":"","format":"standard","meta":{"jetpack_post_was_ever_published":false,"_jetpack_newsletter_access":"","_jetpack_dont_email_post_to_subs":false,"_jetpack_newsletter_tier_id":0,"_jetpack_memberships_contains_paywalled_content":false,"_jetpack_memberships_contains_paid_content":false,"footnotes":""},"categories":[21,6],"tags":[14827,1059,16541,16542,3528],"class_list":["post-25307","post","type-post","status-publish","format-standard","hentry","category-negra-y-criminal","category-opinion","tag-jose-maria-perez-zuniga","tag-libreria-picasso","tag-para-quien-no-brilla-la-luz","tag-vampirismo","tag-vampiros"],"jetpack_featured_media_url":"","jetpack_sharing_enabled":true,"_links":{"self":[{"href":"https:\/\/www.granadablogs.com\/pateandoelmundo\/wp-json\/wp\/v2\/posts\/25307","targetHints":{"allow":["GET"]}}],"collection":[{"href":"https:\/\/www.granadablogs.com\/pateandoelmundo\/wp-json\/wp\/v2\/posts"}],"about":[{"href":"https:\/\/www.granadablogs.com\/pateandoelmundo\/wp-json\/wp\/v2\/types\/post"}],"author":[{"embeddable":true,"href":"https:\/\/www.granadablogs.com\/pateandoelmundo\/wp-json\/wp\/v2\/users\/1"}],"replies":[{"embeddable":true,"href":"https:\/\/www.granadablogs.com\/pateandoelmundo\/wp-json\/wp\/v2\/comments?post=25307"}],"version-history":[{"count":2,"href":"https:\/\/www.granadablogs.com\/pateandoelmundo\/wp-json\/wp\/v2\/posts\/25307\/revisions"}],"predecessor-version":[{"id":25312,"href":"https:\/\/www.granadablogs.com\/pateandoelmundo\/wp-json\/wp\/v2\/posts\/25307\/revisions\/25312"}],"wp:attachment":[{"href":"https:\/\/www.granadablogs.com\/pateandoelmundo\/wp-json\/wp\/v2\/media?parent=25307"}],"wp:term":[{"taxonomy":"category","embeddable":true,"href":"https:\/\/www.granadablogs.com\/pateandoelmundo\/wp-json\/wp\/v2\/categories?post=25307"},{"taxonomy":"post_tag","embeddable":true,"href":"https:\/\/www.granadablogs.com\/pateandoelmundo\/wp-json\/wp\/v2\/tags?post=25307"}],"curies":[{"name":"wp","href":"https:\/\/api.w.org\/{rel}","templated":true}]}}