{"id":25134,"date":"2018-06-07T07:42:34","date_gmt":"2018-06-07T06:42:34","guid":{"rendered":"http:\/\/www.granadablogs.com\/pateandoelmundo\/?p=25134"},"modified":"2018-06-08T07:45:33","modified_gmt":"2018-06-08T06:45:33","slug":"the-terror","status":"publish","type":"post","link":"https:\/\/www.granadablogs.com\/pateandoelmundo\/the-terror\/","title":{"rendered":"The Terror"},"content":{"rendered":"<p>El g\u00e9nero hist\u00f3rico que m\u00e1s me gusta es el que funciona en un plano doble y, adem\u00e1s de contarnos lo que ocurre en el pasado, nos sirve para interpretar el presente, d\u00e1ndonos claves y pistas que nos permitan conectar flujos del tiempo.<\/p>\n<p><a href=\"http:\/\/www.granadablogs.com\/pateandoelmundo\/the-terror\/the-terror\/\" rel=\"attachment wp-att-25135\"><img loading=\"lazy\" decoding=\"async\" class=\"aligncenter size-medium wp-image-25135\" src=\"http:\/\/www.granadablogs.com\/pateandoelmundo\/wp-content\/uploads\/2018\/06\/The-Terror-300x165.jpg\" alt=\"\" width=\"300\" height=\"165\" srcset=\"https:\/\/www.granadablogs.com\/pateandoelmundo\/wp-content\/uploads\/2018\/06\/The-Terror-300x165.jpg 300w, https:\/\/www.granadablogs.com\/pateandoelmundo\/wp-content\/uploads\/2018\/06\/The-Terror-644x354.jpg 644w, https:\/\/www.granadablogs.com\/pateandoelmundo\/wp-content\/uploads\/2018\/06\/The-Terror.jpg 728w\" sizes=\"auto, (max-width: 300px) 100vw, 300px\" \/><\/a><\/p>\n<p>Tomemos como ejemplo la serie \u201cThe Terror\u201d, una de las mejores que hay ahora mismo en las plataformas digitales. Basada en hechos reales y partiendo de una popular novela de Dan Simmons, cuenta la historia de dos barcos de exploraci\u00f3n polar ingleses que, en su b\u00fasqueda del Paso del Noroeste, quedaron atrapados por los hielos \u00e1rticos all\u00e1 por 1845.<\/p>\n<p>Como aquellas expediciones se sab\u00eda cu\u00e1ndo comenzaban, pero era imposible de prever cuando terminar\u00edan, los barcos llevaban comida para tres a\u00f1os, entre otros adelantos y comodidades. Pero hubo un problema: la Armada, para \u201cahorrar\u201d, acept\u00f3 la oferta m\u00e1s baja en la contrataci\u00f3n del suministro alimenticio y las latas de carne resultaron estar defectuosas, mal selladas y con restos de plomo, lo que hizo enfermar -y a la postre, morir- a muchos de los expedicionarios.<\/p>\n<p><a href=\"http:\/\/www.granadablogs.com\/pateandoelmundo\/the-terror\/the-terror-miedito\/\" rel=\"attachment wp-att-25136\"><img loading=\"lazy\" decoding=\"async\" class=\"aligncenter size-medium wp-image-25136\" src=\"http:\/\/www.granadablogs.com\/pateandoelmundo\/wp-content\/uploads\/2018\/06\/The-Terror-miedito-300x157.jpg\" alt=\"\" width=\"300\" height=\"157\" srcset=\"https:\/\/www.granadablogs.com\/pateandoelmundo\/wp-content\/uploads\/2018\/06\/The-Terror-miedito-300x157.jpg 300w, https:\/\/www.granadablogs.com\/pateandoelmundo\/wp-content\/uploads\/2018\/06\/The-Terror-miedito-644x337.jpg 644w, https:\/\/www.granadablogs.com\/pateandoelmundo\/wp-content\/uploads\/2018\/06\/The-Terror-miedito.jpg 754w\" sizes=\"auto, (max-width: 300px) 100vw, 300px\" \/><\/a><\/p>\n<p>Y luego est\u00e1 ese tipo insidioso y malmetedor que se pasa todo el tiempo conspirando y poniendo a una parte de la tripulaci\u00f3n en contra de la otra. Un sujeto que no duda en hacerse castigar para conseguir el favor de los m\u00e1s c\u00e1ndidos e impresionables; en mentir para ganarse a los m\u00e1s cr\u00e9dulos y en prometer prebendas y tesoros, para asegurarse en concurso de los m\u00e1s codiciosos.<\/p>\n<p>Un individuo rastrero y manipulador, sin escr\u00fapulos ni moral, que aprovecha las debilidades del sistema para tratar de dinamitarlo y volatilizarlo, caiga quien caiga y cueste lo que cueste. Y todo ello, por la consecuci\u00f3n de una quimera absurda y en busca del propio beneficio, exclusivamente.<\/p>\n<p>Un iluminado con dotes de orador que sabe meterse a la gente en el bolsillo y que no tiene empacho en mentir y tergiversar la verdad, con el \u00fanico fin de salirse con la suya.<\/p>\n<p><a href=\"http:\/\/www.granadablogs.com\/pateandoelmundo\/the-terror\/the-terror-cabron\/\" rel=\"attachment wp-att-25137\"><img loading=\"lazy\" decoding=\"async\" class=\"aligncenter size-medium wp-image-25137\" src=\"http:\/\/www.granadablogs.com\/pateandoelmundo\/wp-content\/uploads\/2018\/06\/The-Terror-cabr\u00f3n-300x200.jpg\" alt=\"\" width=\"300\" height=\"200\" srcset=\"https:\/\/www.granadablogs.com\/pateandoelmundo\/wp-content\/uploads\/2018\/06\/The-Terror-cabr\u00f3n-300x200.jpg 300w, https:\/\/www.granadablogs.com\/pateandoelmundo\/wp-content\/uploads\/2018\/06\/The-Terror-cabr\u00f3n-768x512.jpg 768w, https:\/\/www.granadablogs.com\/pateandoelmundo\/wp-content\/uploads\/2018\/06\/The-Terror-cabr\u00f3n-644x429.jpg 644w, https:\/\/www.granadablogs.com\/pateandoelmundo\/wp-content\/uploads\/2018\/06\/The-Terror-cabr\u00f3n.jpg 1200w\" sizes=\"auto, (max-width: 300px) 100vw, 300px\" \/><\/a><\/p>\n<p>Corrupci\u00f3n, ama\u00f1os de concursos p\u00fablicos, contaminaci\u00f3n, delirios de grandeza, racismo, tradici\u00f3n paralizante, errores monumentales, mentiras y manipulaci\u00f3n. De todo ello hay, entre otras muchas cosas, en \u201cThe Terror\u201d. Ojo, hay personajes que encarnan valores positivos, l\u00f3gicamente. Que no todo va a ser tan crudo y descarnado. Pero no me digan que, a medida que le\u00edan, no le iban poniendo nombres y apellidos de personas cercanas a las situaciones planteadas.<\/p>\n<p>Jes\u00fas Lens<\/p>\n<p><a href=\"https:\/\/twitter.com\/Jesus_Lens\" target=\"_blank\" rel=\"attachment wp-att-24105 noopener noreferrer\"><img loading=\"lazy\" decoding=\"async\" class=\"size-full wp-image-24105 alignleft\" src=\"http:\/\/www.granadablogs.com\/pateandoelmundo\/wp-content\/uploads\/2018\/01\/1-Twitter-Lens-1.jpg\" alt=\"\" width=\"196\" height=\"47\" \/><\/a><\/p>\n","protected":false},"excerpt":{"rendered":"<p>El g\u00e9nero hist\u00f3rico que m\u00e1s me gusta es el que funciona en un plano doble y, adem\u00e1s de contarnos lo que ocurre en el pasado, nos sirve para interpretar el presente, d\u00e1ndonos claves y pistas que nos permitan conectar flujos del tiempo. Tomemos como ejemplo la serie \u201cThe Terror\u201d, una de las mejores que hay [&hellip;]<\/p>\n","protected":false},"author":1,"featured_media":0,"comment_status":"open","ping_status":"open","sticky":false,"template":"","format":"standard","meta":{"jetpack_post_was_ever_published":false,"_jetpack_newsletter_access":"","_jetpack_dont_email_post_to_subs":true,"_jetpack_newsletter_tier_id":0,"_jetpack_memberships_contains_paywalled_content":false,"_jetpack_memberships_contains_paid_content":false,"footnotes":""},"categories":[6,12],"tags":[2054,14907,16443,16442,16441],"class_list":["post-25134","post","type-post","status-publish","format-standard","hentry","category-opinion","category-television","tag-corrupcion","tag-dan-simmons","tag-miedito","tag-serie-the-terror","tag-the-terror"],"jetpack_featured_media_url":"","jetpack_sharing_enabled":true,"_links":{"self":[{"href":"https:\/\/www.granadablogs.com\/pateandoelmundo\/wp-json\/wp\/v2\/posts\/25134","targetHints":{"allow":["GET"]}}],"collection":[{"href":"https:\/\/www.granadablogs.com\/pateandoelmundo\/wp-json\/wp\/v2\/posts"}],"about":[{"href":"https:\/\/www.granadablogs.com\/pateandoelmundo\/wp-json\/wp\/v2\/types\/post"}],"author":[{"embeddable":true,"href":"https:\/\/www.granadablogs.com\/pateandoelmundo\/wp-json\/wp\/v2\/users\/1"}],"replies":[{"embeddable":true,"href":"https:\/\/www.granadablogs.com\/pateandoelmundo\/wp-json\/wp\/v2\/comments?post=25134"}],"version-history":[{"count":2,"href":"https:\/\/www.granadablogs.com\/pateandoelmundo\/wp-json\/wp\/v2\/posts\/25134\/revisions"}],"predecessor-version":[{"id":25139,"href":"https:\/\/www.granadablogs.com\/pateandoelmundo\/wp-json\/wp\/v2\/posts\/25134\/revisions\/25139"}],"wp:attachment":[{"href":"https:\/\/www.granadablogs.com\/pateandoelmundo\/wp-json\/wp\/v2\/media?parent=25134"}],"wp:term":[{"taxonomy":"category","embeddable":true,"href":"https:\/\/www.granadablogs.com\/pateandoelmundo\/wp-json\/wp\/v2\/categories?post=25134"},{"taxonomy":"post_tag","embeddable":true,"href":"https:\/\/www.granadablogs.com\/pateandoelmundo\/wp-json\/wp\/v2\/tags?post=25134"}],"curies":[{"name":"wp","href":"https:\/\/api.w.org\/{rel}","templated":true}]}}