{"id":24811,"date":"2018-05-02T09:44:16","date_gmt":"2018-05-02T08:44:16","guid":{"rendered":"http:\/\/www.granadablogs.com\/pateandoelmundo\/?p=24811"},"modified":"2018-05-02T09:44:16","modified_gmt":"2018-05-02T08:44:16","slug":"de-trabajos-y-puentes","status":"publish","type":"post","link":"https:\/\/www.granadablogs.com\/pateandoelmundo\/de-trabajos-y-puentes\/","title":{"rendered":"De trabajos y puentes"},"content":{"rendered":"<p>Cuando termin\u00f3 la marcha del 1 de mayo, aunque estaba nublado y hac\u00eda fresco, buena parte de los manifestantes aprovecharon el mediod\u00eda festivo para tomarse unas ca\u00f1as y unas tapas en diferentes bares de Granada, tranquilamente y como es menester. La paradoja es que, de acuerdo con las estad\u00edsticas y los informes que manejan los sindicatos convocantes de la marcha, muchos de los camareros que les atendieron estaban trabajando sin cotizar a la seguridad social y cobrando en negro.<\/p>\n<p><a href=\"http:\/\/www.granadablogs.com\/pateandoelmundo\/de-trabajos-y-puentes\/1-de-mayo-granada\/\" rel=\"attachment wp-att-24812\"><img loading=\"lazy\" decoding=\"async\" class=\"aligncenter size-medium wp-image-24812\" src=\"http:\/\/www.granadablogs.com\/pateandoelmundo\/wp-content\/uploads\/2018\/05\/1-de-mayo-granada-300x168.jpg\" alt=\"\" width=\"300\" height=\"168\" srcset=\"https:\/\/www.granadablogs.com\/pateandoelmundo\/wp-content\/uploads\/2018\/05\/1-de-mayo-granada-300x168.jpg 300w, https:\/\/www.granadablogs.com\/pateandoelmundo\/wp-content\/uploads\/2018\/05\/1-de-mayo-granada.jpg 552w\" sizes=\"auto, (max-width: 300px) 100vw, 300px\" \/><\/a><\/p>\n<p>El 1 de mayo, fiesta del Trabajo, representa muchas de las grandes contradicciones de las sociedades desarrolladas del siglo XXI. Para los trabajadores, los que tienen empleo en condiciones dignas, es una ocasi\u00f3n perfecta para hacer puente y marcharse a la playa, a la monta\u00f1a o salir de viaje, aprovechando el par\u00f3n escolar. Tiempo para descansar y recargar las pilas. Para desconectar, de acuerdo con la jerga habitual.<\/p>\n<p>En Espa\u00f1a hay una clase media trabajadora y afortunada que, aun as\u00ed, cada vez cobra menos dinero, dado que sus sueldos suben una miseria mientras que el coste de la vida lo hace en proporci\u00f3n muy superior. Lo mismo que les ocurre a los pensionistas. Una clase media trabajadora que vio caer su poder adquisitivo, en 2017, casi dos puntos, seg\u00fan Adecco. Unos 450 euros anuales. \u00a1Y eso que la Crisis ya ha terminado!<\/p>\n<p><a href=\"http:\/\/www.granadablogs.com\/pateandoelmundo\/de-trabajos-y-puentes\/1-de-mayo-hosteleria-3\/\" rel=\"attachment wp-att-24815\"><img loading=\"lazy\" decoding=\"async\" class=\"aligncenter size-medium wp-image-24815\" src=\"http:\/\/www.granadablogs.com\/pateandoelmundo\/wp-content\/uploads\/2018\/05\/1-de-mayo-hosteler\u00eda-300x185.jpg\" alt=\"\" width=\"300\" height=\"185\" srcset=\"https:\/\/www.granadablogs.com\/pateandoelmundo\/wp-content\/uploads\/2018\/05\/1-de-mayo-hosteler\u00eda-300x185.jpg 300w, https:\/\/www.granadablogs.com\/pateandoelmundo\/wp-content\/uploads\/2018\/05\/1-de-mayo-hosteler\u00eda-768x473.jpg 768w, https:\/\/www.granadablogs.com\/pateandoelmundo\/wp-content\/uploads\/2018\/05\/1-de-mayo-hosteler\u00eda-644x396.jpg 644w, https:\/\/www.granadablogs.com\/pateandoelmundo\/wp-content\/uploads\/2018\/05\/1-de-mayo-hosteler\u00eda.jpg 970w\" sizes=\"auto, (max-width: 300px) 100vw, 300px\" \/><\/a><\/p>\n<p>Una clase media trabajadora que, adem\u00e1s, se ve obligada a echar m\u00e1s horas que un reloj, sin cobrarlas y dando las gracias. Una clase media trabajadora que sabe cu\u00e1ndo empieza su jornada laboral, muy temprano, pero que nunca puede prever cu\u00e1ndo volver\u00e1 a casa.<\/p>\n<p>Una clase media trabajadora que, en cuanto puede, justifica sus m\u00e1s de cincuenta o sesenta horas de curro semanal efectivo llenando las terrazas de los bares, los chiringuitos y los hoteles rurales o y\u00e9ndose de Crucero. Si no, \u00bfqu\u00e9 sentido tiene todo?<\/p>\n<p><a href=\"http:\/\/www.granadablogs.com\/pateandoelmundo\/de-trabajos-y-puentes\/1-de-mayo-puente\/\" rel=\"attachment wp-att-24816\"><img loading=\"lazy\" decoding=\"async\" class=\"aligncenter size-medium wp-image-24816\" src=\"http:\/\/www.granadablogs.com\/pateandoelmundo\/wp-content\/uploads\/2018\/05\/1-de-mayo-Puente-300x63.jpg\" alt=\"\" width=\"300\" height=\"63\" srcset=\"https:\/\/www.granadablogs.com\/pateandoelmundo\/wp-content\/uploads\/2018\/05\/1-de-mayo-Puente-300x63.jpg 300w, https:\/\/www.granadablogs.com\/pateandoelmundo\/wp-content\/uploads\/2018\/05\/1-de-mayo-Puente-768x162.jpg 768w, https:\/\/www.granadablogs.com\/pateandoelmundo\/wp-content\/uploads\/2018\/05\/1-de-mayo-Puente-644x136.jpg 644w, https:\/\/www.granadablogs.com\/pateandoelmundo\/wp-content\/uploads\/2018\/05\/1-de-mayo-Puente.jpg 940w\" sizes=\"auto, (max-width: 300px) 100vw, 300px\" \/><\/a><\/p>\n<p>Sin embargo, los parados de larga duraci\u00f3n y\/o de m\u00e1s de 55 a\u00f1os, la juventud en precario, lo que antes se llamaba el proletariado; no se siente representado por las centrales sindicales que toman las calles, el 1 de mayo. Existe un n\u00famero creciente de trabajadores sin trabajo u obligados a currar en condiciones lamentables que se sienten completamente excluidos de las estructuras tradicionales de nuestra sociedad. Y todo ello, antes de ser invadidos por los robots. Una situaci\u00f3n compleja y contradictoria.<\/p>\n<p>Jes\u00fas Lens<\/p>\n<p><a href=\"https:\/\/twitter.com\/Jesus_Lens\" target=\"_blank\" rel=\"attachment wp-att-24444 noopener noreferrer\"><img loading=\"lazy\" decoding=\"async\" class=\"size-full wp-image-24444 alignleft\" src=\"http:\/\/www.granadablogs.com\/pateandoelmundo\/wp-content\/uploads\/2018\/03\/1-Twitter-Lens.jpg\" alt=\"\" width=\"196\" height=\"47\" \/><\/a><\/p>\n","protected":false},"excerpt":{"rendered":"<p>Cuando termin\u00f3 la marcha del 1 de mayo, aunque estaba nublado y hac\u00eda fresco, buena parte de los manifestantes aprovecharon el mediod\u00eda festivo para tomarse unas ca\u00f1as y unas tapas en diferentes bares de Granada, tranquilamente y como es menester. La paradoja es que, de acuerdo con las estad\u00edsticas y los informes que manejan los [&hellip;]<\/p>\n","protected":false},"author":1,"featured_media":0,"comment_status":"open","ping_status":"open","sticky":false,"template":"","format":"standard","meta":{"jetpack_post_was_ever_published":false,"_jetpack_newsletter_access":"","_jetpack_dont_email_post_to_subs":true,"_jetpack_newsletter_tier_id":0,"_jetpack_memberships_contains_paywalled_content":false,"_jetpack_memberships_contains_paid_content":false,"footnotes":""},"categories":[6],"tags":[2838,6441,16245,16244],"class_list":["post-24811","post","type-post","status-publish","format-standard","hentry","category-opinion","tag-1-de-mayo","tag-hosteleria","tag-precariedad-hosteleria","tag-vacaciones-puente"],"jetpack_featured_media_url":"","jetpack_sharing_enabled":true,"_links":{"self":[{"href":"https:\/\/www.granadablogs.com\/pateandoelmundo\/wp-json\/wp\/v2\/posts\/24811","targetHints":{"allow":["GET"]}}],"collection":[{"href":"https:\/\/www.granadablogs.com\/pateandoelmundo\/wp-json\/wp\/v2\/posts"}],"about":[{"href":"https:\/\/www.granadablogs.com\/pateandoelmundo\/wp-json\/wp\/v2\/types\/post"}],"author":[{"embeddable":true,"href":"https:\/\/www.granadablogs.com\/pateandoelmundo\/wp-json\/wp\/v2\/users\/1"}],"replies":[{"embeddable":true,"href":"https:\/\/www.granadablogs.com\/pateandoelmundo\/wp-json\/wp\/v2\/comments?post=24811"}],"version-history":[{"count":2,"href":"https:\/\/www.granadablogs.com\/pateandoelmundo\/wp-json\/wp\/v2\/posts\/24811\/revisions"}],"predecessor-version":[{"id":24818,"href":"https:\/\/www.granadablogs.com\/pateandoelmundo\/wp-json\/wp\/v2\/posts\/24811\/revisions\/24818"}],"wp:attachment":[{"href":"https:\/\/www.granadablogs.com\/pateandoelmundo\/wp-json\/wp\/v2\/media?parent=24811"}],"wp:term":[{"taxonomy":"category","embeddable":true,"href":"https:\/\/www.granadablogs.com\/pateandoelmundo\/wp-json\/wp\/v2\/categories?post=24811"},{"taxonomy":"post_tag","embeddable":true,"href":"https:\/\/www.granadablogs.com\/pateandoelmundo\/wp-json\/wp\/v2\/tags?post=24811"}],"curies":[{"name":"wp","href":"https:\/\/api.w.org\/{rel}","templated":true}]}}