{"id":24804,"date":"2018-05-01T10:36:47","date_gmt":"2018-05-01T09:36:47","guid":{"rendered":"http:\/\/www.granadablogs.com\/pateandoelmundo\/?p=24804"},"modified":"2018-05-01T10:36:47","modified_gmt":"2018-05-01T09:36:47","slug":"un-singular-problema-colectivo","status":"publish","type":"post","link":"https:\/\/www.granadablogs.com\/pateandoelmundo\/un-singular-problema-colectivo\/","title":{"rendered":"Un singular problema colectivo"},"content":{"rendered":"<p>Ayer por la ma\u00f1ana, las webs de los medios de comunicaci\u00f3n abr\u00edan sus ediciones con los atentados de Kabul, que hab\u00edan provocado quince muertos. Un par de d\u00edas atr\u00e1s, esos mismos medios daban cuenta de otro atentado terrorista, m\u00e1s letal todav\u00eda: cerca de cincuenta muertos en el Mal\u00ed.<\/p>\n<p><a href=\"http:\/\/www.granadablogs.com\/pateandoelmundo\/un-singular-problema-colectivo\/atentados-kabul\/\" rel=\"attachment wp-att-24805\"><img loading=\"lazy\" decoding=\"async\" class=\"aligncenter size-medium wp-image-24805\" src=\"http:\/\/www.granadablogs.com\/pateandoelmundo\/wp-content\/uploads\/2018\/05\/Atentados-Kabul-300x169.jpg\" alt=\"\" width=\"300\" height=\"169\" srcset=\"https:\/\/www.granadablogs.com\/pateandoelmundo\/wp-content\/uploads\/2018\/05\/Atentados-Kabul-300x169.jpg 300w, https:\/\/www.granadablogs.com\/pateandoelmundo\/wp-content\/uploads\/2018\/05\/Atentados-Kabul-768x433.jpg 768w, https:\/\/www.granadablogs.com\/pateandoelmundo\/wp-content\/uploads\/2018\/05\/Atentados-Kabul-644x363.jpg 644w, https:\/\/www.granadablogs.com\/pateandoelmundo\/wp-content\/uploads\/2018\/05\/Atentados-Kabul.jpg 940w\" sizes=\"auto, (max-width: 300px) 100vw, 300px\" \/><\/a><\/p>\n<p>Pas\u00e9 un par de horas recorriendo los muros y timelines de la gente de mi entorno, en Facebook y Twitter. Nada. Cero. Silencio. Ni una palabra. Como si el tema no existiera.<\/p>\n<p>Las cuestiones del momento eran la sentencia de La Manada y el problema singular que el ministro de Justicia achacaba al deleznable juez pro libre absoluci\u00f3n de los despreciables tipejos condenados por abuso sexual en Pamplona, el fr\u00edo que vuelve a hacer en pleno puente de mayo, la Liga del Bar\u00e7a, el cese de Morilla, la cosa esa de Eurovisi\u00f3n y, los m\u00e1s afortunados, nos daban envidia con sus escapadas vacacionales.<\/p>\n<p><a href=\"http:\/\/www.granadablogs.com\/pateandoelmundo\/un-singular-problema-colectivo\/eurovision-2018\/\" rel=\"attachment wp-att-24806\"><img loading=\"lazy\" decoding=\"async\" class=\"aligncenter size-medium wp-image-24806\" src=\"http:\/\/www.granadablogs.com\/pateandoelmundo\/wp-content\/uploads\/2018\/05\/Eurovisi\u00f3n-2018-300x169.jpg\" alt=\"\" width=\"300\" height=\"169\" srcset=\"https:\/\/www.granadablogs.com\/pateandoelmundo\/wp-content\/uploads\/2018\/05\/Eurovisi\u00f3n-2018-300x169.jpg 300w, https:\/\/www.granadablogs.com\/pateandoelmundo\/wp-content\/uploads\/2018\/05\/Eurovisi\u00f3n-2018-768x432.jpg 768w, https:\/\/www.granadablogs.com\/pateandoelmundo\/wp-content\/uploads\/2018\/05\/Eurovisi\u00f3n-2018-644x362.jpg 644w, https:\/\/www.granadablogs.com\/pateandoelmundo\/wp-content\/uploads\/2018\/05\/Eurovisi\u00f3n-2018.jpg 1024w\" sizes=\"auto, (max-width: 300px) 100vw, 300px\" \/><\/a><\/p>\n<p>Solemos quejarnos de que las grandes tragedias que asolan pa\u00edses lejanos resultan invisibles para unos medios de comunicaci\u00f3n que, sin embargo, vuelcan su atenci\u00f3n informativa hacia los atentados que ocurren en Par\u00eds, Berl\u00edn, Barcelona o Londres.<\/p>\n<p>Sin embargo, los salvajes asesinatos de Kabul y Mal\u00ed, que estaban en todos los grandes medios, han pasado completamente inadvertidos en nuestra vida virtual. No les hemos prestado ninguna atenci\u00f3n. No les hemos hecho ni puto caso, por decirlo burdamente.<\/p>\n<p>S\u00e9 que es dif\u00edcil, harto complicado y gravemente perjudicial para la salud estar pendientes de todas las tragedias que sacuden al mundo, desde los atentados terroristas a los naufragios de pateras, por no hablar de los cientos de ni\u00f1os que, todos los d\u00edas, mueren de hambre.<\/p>\n<p>Dicho lo cual, tengo la sensaci\u00f3n de que, en Espa\u00f1a, cada vez prestamos menos atenci\u00f3n a lo que sucede en el exterior, tan preocupados como estamos por las cosas de casa, saltando de esc\u00e1ndalo en esc\u00e1ndalo a una velocidad vertiginosa, indign\u00e1ndonos por encima de nuestras posibilidades.<\/p>\n<p><a href=\"http:\/\/www.granadablogs.com\/pateandoelmundo\/un-singular-problema-colectivo\/pelusa-ombligo\/\" rel=\"attachment wp-att-24807\"><img loading=\"lazy\" decoding=\"async\" class=\"aligncenter size-full wp-image-24807\" src=\"http:\/\/www.granadablogs.com\/pateandoelmundo\/wp-content\/uploads\/2018\/05\/Pelusa-ombligo.jpg\" alt=\"\" width=\"250\" height=\"252\" srcset=\"https:\/\/www.granadablogs.com\/pateandoelmundo\/wp-content\/uploads\/2018\/05\/Pelusa-ombligo.jpg 250w, https:\/\/www.granadablogs.com\/pateandoelmundo\/wp-content\/uploads\/2018\/05\/Pelusa-ombligo-150x150.jpg 150w\" sizes=\"auto, (max-width: 250px) 100vw, 250px\" \/><\/a><\/p>\n<p>Siempre he defendido que las personas medianamente inteligentes podemos ver un partido de baloncesto antes o despu\u00e9s de debatir sobre pol\u00edtica o econom\u00eda y que no es incompatible re\u00edr tomando una cerveza con los amigos despu\u00e9s de discutir acaloradamente sobre el cambio clim\u00e1tico. Pero, insisto: de un tiempo a esta parte, nos percibo como contempl\u00e1ndonos fijamente el ombligo, demasiado preocupados por la pelusilla de alrededor, ciegos e inmunes a lo de fuera.<\/p>\n<p>Jes\u00fas Lens<\/p>\n<p><a href=\"https:\/\/twitter.com\/Jesus_Lens\" target=\"_blank\" rel=\"attachment wp-att-24444 noopener noreferrer\"><img loading=\"lazy\" decoding=\"async\" class=\"size-full wp-image-24444 alignleft\" src=\"http:\/\/www.granadablogs.com\/pateandoelmundo\/wp-content\/uploads\/2018\/03\/1-Twitter-Lens.jpg\" alt=\"\" width=\"196\" height=\"47\" \/><\/a><\/p>\n","protected":false},"excerpt":{"rendered":"<p>Ayer por la ma\u00f1ana, las webs de los medios de comunicaci\u00f3n abr\u00edan sus ediciones con los atentados de Kabul, que hab\u00edan provocado quince muertos. Un par de d\u00edas atr\u00e1s, esos mismos medios daban cuenta de otro atentado terrorista, m\u00e1s letal todav\u00eda: cerca de cincuenta muertos en el Mal\u00ed. Pas\u00e9 un par de horas recorriendo los [&hellip;]<\/p>\n","protected":false},"author":1,"featured_media":0,"comment_status":"open","ping_status":"open","sticky":false,"template":"","format":"standard","meta":{"jetpack_post_was_ever_published":false,"_jetpack_newsletter_access":"","_jetpack_dont_email_post_to_subs":true,"_jetpack_newsletter_tier_id":0,"_jetpack_memberships_contains_paywalled_content":false,"_jetpack_memberships_contains_paid_content":false,"footnotes":""},"categories":[6],"tags":[12946,16242,16240,16243,16241],"class_list":["post-24804","post","type-post","status-publish","format-standard","hentry","category-opinion","tag-atentados-terroristas","tag-en-que-estamos","tag-estamos-tontos","tag-la-cosa-de-eurovision","tag-pelusa-ombligo"],"jetpack_featured_media_url":"","jetpack_sharing_enabled":true,"_links":{"self":[{"href":"https:\/\/www.granadablogs.com\/pateandoelmundo\/wp-json\/wp\/v2\/posts\/24804","targetHints":{"allow":["GET"]}}],"collection":[{"href":"https:\/\/www.granadablogs.com\/pateandoelmundo\/wp-json\/wp\/v2\/posts"}],"about":[{"href":"https:\/\/www.granadablogs.com\/pateandoelmundo\/wp-json\/wp\/v2\/types\/post"}],"author":[{"embeddable":true,"href":"https:\/\/www.granadablogs.com\/pateandoelmundo\/wp-json\/wp\/v2\/users\/1"}],"replies":[{"embeddable":true,"href":"https:\/\/www.granadablogs.com\/pateandoelmundo\/wp-json\/wp\/v2\/comments?post=24804"}],"version-history":[{"count":2,"href":"https:\/\/www.granadablogs.com\/pateandoelmundo\/wp-json\/wp\/v2\/posts\/24804\/revisions"}],"predecessor-version":[{"id":24809,"href":"https:\/\/www.granadablogs.com\/pateandoelmundo\/wp-json\/wp\/v2\/posts\/24804\/revisions\/24809"}],"wp:attachment":[{"href":"https:\/\/www.granadablogs.com\/pateandoelmundo\/wp-json\/wp\/v2\/media?parent=24804"}],"wp:term":[{"taxonomy":"category","embeddable":true,"href":"https:\/\/www.granadablogs.com\/pateandoelmundo\/wp-json\/wp\/v2\/categories?post=24804"},{"taxonomy":"post_tag","embeddable":true,"href":"https:\/\/www.granadablogs.com\/pateandoelmundo\/wp-json\/wp\/v2\/tags?post=24804"}],"curies":[{"name":"wp","href":"https:\/\/api.w.org\/{rel}","templated":true}]}}