{"id":24798,"date":"2018-04-30T18:43:31","date_gmt":"2018-04-30T17:43:31","guid":{"rendered":"http:\/\/www.granadablogs.com\/pateandoelmundo\/?p=24798"},"modified":"2018-04-30T18:43:31","modified_gmt":"2018-04-30T17:43:31","slug":"diferentes-ismos","status":"publish","type":"post","link":"https:\/\/www.granadablogs.com\/pateandoelmundo\/diferentes-ismos\/","title":{"rendered":"Diferentes Ismos"},"content":{"rendered":"<p>Com\u00eda con la ensayista y novelista croata Slavenka Drakulic tras una de las sesiones del Tres Festival, Voces del Mediterr\u00e1neo, y conven\u00edamos en la intensidad de las charlas y conversaciones sobre periodismo, compromiso y literatura de la ma\u00f1ana. Tanta intensidad que ech\u00e1bamos de menos hablar sobre el proceso creativo en s\u00ed mismo, sobre personajes y argumentos, tramas y atm\u00f3sferas.<\/p>\n<p><a href=\"http:\/\/www.granadablogs.com\/pateandoelmundo\/diferentes-ismos\/drakulic-2\/\" rel=\"attachment wp-att-24799\"><img loading=\"lazy\" decoding=\"async\" class=\"aligncenter size-medium wp-image-24799\" src=\"http:\/\/www.granadablogs.com\/pateandoelmundo\/wp-content\/uploads\/2018\/04\/Drakulic-265x300.jpg\" alt=\"\" width=\"265\" height=\"300\" srcset=\"https:\/\/www.granadablogs.com\/pateandoelmundo\/wp-content\/uploads\/2018\/04\/Drakulic-265x300.jpg 265w, https:\/\/www.granadablogs.com\/pateandoelmundo\/wp-content\/uploads\/2018\/04\/Drakulic-644x729.jpg 644w, https:\/\/www.granadablogs.com\/pateandoelmundo\/wp-content\/uploads\/2018\/04\/Drakulic.jpg 664w\" sizes=\"auto, (max-width: 265px) 100vw, 265px\" \/><\/a><\/p>\n<p><em><strong>\u2014Pero es el signo de los tiempos, inevitable, en esta complicada \u00e9poca que nos ha tocado vivir\u2014<\/strong> <\/em>conclu\u00edamos.<\/p>\n<p>Nacionalismo, fascismo, integrismo, terrorismo y populismo han sido cinco de los temas sobre que m\u00e1s hemos o\u00eddo hablar estos d\u00edas, en boca de autoras y autores de ambas orillas del Mediterr\u00e1neo.<\/p>\n<p>\u00a1Qu\u00e9 tiempos, cuando los ismos eran otra cosa! \u00bfSe acuerdan? Hubo una \u00e9poca en que los ismos hac\u00edan referencia a \u201ctendencia innovadora, especialmente en el arte y el pensamiento\u201d, muy de la mano del vanguardismo, est\u00e9tico e intelectual.<\/p>\n<p><a href=\"http:\/\/www.granadablogs.com\/pateandoelmundo\/diferentes-ismos\/ismos\/\" rel=\"attachment wp-att-24800\"><img loading=\"lazy\" decoding=\"async\" class=\"aligncenter size-medium wp-image-24800\" src=\"http:\/\/www.granadablogs.com\/pateandoelmundo\/wp-content\/uploads\/2018\/04\/Ismos-197x300.jpg\" alt=\"\" width=\"197\" height=\"300\" srcset=\"https:\/\/www.granadablogs.com\/pateandoelmundo\/wp-content\/uploads\/2018\/04\/Ismos-197x300.jpg 197w, https:\/\/www.granadablogs.com\/pateandoelmundo\/wp-content\/uploads\/2018\/04\/Ismos.jpg 350w\" sizes=\"auto, (max-width: 197px) 100vw, 197px\" \/><\/a><\/p>\n<p>Por desgracia, el siglo XXI nos est\u00e1 devolviendo a unos ismos reaccionarios y empobrecedores, situados en el centro de debates m\u00e1s propios del siglo XIX que de la actualidad, debates que cre\u00edamos falsamente superados.<\/p>\n<p>Ha habido otro ismo, este mucho m\u00e1s feliz y absolutamente moderno y necesario: el feminismo. Hemos hablado mucho de ello, por ejemplo, en el club de lectura sobre la novela \u201cCanci\u00f3n dulce\u201d, de Leila Slimani, en conexi\u00f3n con el hiercapitalismo que amenaza con devorarnos.<\/p>\n<p>Y, por supuesto, en la conversaci\u00f3n con Antonio Lozano y Alicia Gim\u00e9nez Bartlett, en el Centro Lorca, bajo el t\u00edtulo de \u201cFundido en negro\u201d. Por una parte, hablamos de Petra Delicado, uno de los personajes fundacionales de la novela negra europea contempor\u00e1nea. Se trata de una inspectora de polic\u00eda que, por primera vez, era protagonista absoluta de la historia, con entidad propia. No era la secretaria, la pareja o la ayudante de nadie. Ni era la cansina y repetida mujer fatal que conduc\u00eda a la perdici\u00f3n al h\u00e9roe de la historia.<\/p>\n<p><a href=\"http:\/\/www.granadablogs.com\/pateandoelmundo\/diferentes-ismos\/alicia-gimenez-bartlett-rincon-oscuro\/\" rel=\"attachment wp-att-24801\"><img loading=\"lazy\" decoding=\"async\" class=\"aligncenter size-medium wp-image-24801\" src=\"http:\/\/www.granadablogs.com\/pateandoelmundo\/wp-content\/uploads\/2018\/04\/Alicia-Gim\u00e9nez-Bartlett-Rinc\u00f3n-Oscuro-300x172.jpg\" alt=\"\" width=\"300\" height=\"172\" srcset=\"https:\/\/www.granadablogs.com\/pateandoelmundo\/wp-content\/uploads\/2018\/04\/Alicia-Gim\u00e9nez-Bartlett-Rinc\u00f3n-Oscuro-300x172.jpg 300w, https:\/\/www.granadablogs.com\/pateandoelmundo\/wp-content\/uploads\/2018\/04\/Alicia-Gim\u00e9nez-Bartlett-Rinc\u00f3n-Oscuro.jpg 629w\" sizes=\"auto, (max-width: 300px) 100vw, 300px\" \/><\/a><\/p>\n<p>Antonio Lozano, por su parte, nos recordaba a la protagonista de \u201cUn largo sue\u00f1o en T\u00e1nger\u201d y, en general, a la mujer como soporte esencial de la comunidad en el continente africano, piedra angular de cualquier narraci\u00f3n realista que transcurra en el Mal\u00ed, Senegal o Congo.<\/p>\n<p>Esencial, el Tres Festival, como espacio de reflexi\u00f3n que a\u00fana creatividad y cultura; literatura, cine, m\u00fasica, c\u00f3mic y fotograf\u00eda con compromiso social y an\u00e1lisis pol\u00edtico sobre la coyuntura en los pa\u00edses mediterr\u00e1neos.<\/p>\n<p>Jes\u00fas Lens<\/p>\n<p><a href=\"https:\/\/twitter.com\/Jesus_Lens\" target=\"_blank\" rel=\"attachment wp-att-24444 noopener noreferrer\"><img loading=\"lazy\" decoding=\"async\" class=\"size-full wp-image-24444 alignleft\" src=\"http:\/\/www.granadablogs.com\/pateandoelmundo\/wp-content\/uploads\/2018\/03\/1-Twitter-Lens.jpg\" alt=\"\" width=\"196\" height=\"47\" \/><\/a><\/p>\n","protected":false},"excerpt":{"rendered":"<p>Com\u00eda con la ensayista y novelista croata Slavenka Drakulic tras una de las sesiones del Tres Festival, Voces del Mediterr\u00e1neo, y conven\u00edamos en la intensidad de las charlas y conversaciones sobre periodismo, compromiso y literatura de la ma\u00f1ana. Tanta intensidad que ech\u00e1bamos de menos hablar sobre el proceso creativo en s\u00ed mismo, sobre personajes y [&hellip;]<\/p>\n","protected":false},"author":1,"featured_media":0,"comment_status":"open","ping_status":"open","sticky":false,"template":"","format":"standard","meta":{"jetpack_post_was_ever_published":false,"_jetpack_newsletter_access":"","_jetpack_dont_email_post_to_subs":true,"_jetpack_newsletter_tier_id":0,"_jetpack_memberships_contains_paywalled_content":false,"_jetpack_memberships_contains_paid_content":false,"footnotes":""},"categories":[6],"tags":[781,344,16239,2782,16237,16238,782,12468,15499],"class_list":["post-24798","post","type-post","status-publish","format-standard","hentry","category-opinion","tag-alicia-gimenez-bartlett","tag-antonio-lozano","tag-drakulic","tag-feria-del-libro-granada","tag-fundaciontres-culturas","tag-ismos","tag-petra-delicado","tag-tres-festival","tag-voces-del-mediterraneo"],"jetpack_featured_media_url":"","jetpack_sharing_enabled":true,"_links":{"self":[{"href":"https:\/\/www.granadablogs.com\/pateandoelmundo\/wp-json\/wp\/v2\/posts\/24798","targetHints":{"allow":["GET"]}}],"collection":[{"href":"https:\/\/www.granadablogs.com\/pateandoelmundo\/wp-json\/wp\/v2\/posts"}],"about":[{"href":"https:\/\/www.granadablogs.com\/pateandoelmundo\/wp-json\/wp\/v2\/types\/post"}],"author":[{"embeddable":true,"href":"https:\/\/www.granadablogs.com\/pateandoelmundo\/wp-json\/wp\/v2\/users\/1"}],"replies":[{"embeddable":true,"href":"https:\/\/www.granadablogs.com\/pateandoelmundo\/wp-json\/wp\/v2\/comments?post=24798"}],"version-history":[{"count":2,"href":"https:\/\/www.granadablogs.com\/pateandoelmundo\/wp-json\/wp\/v2\/posts\/24798\/revisions"}],"predecessor-version":[{"id":24803,"href":"https:\/\/www.granadablogs.com\/pateandoelmundo\/wp-json\/wp\/v2\/posts\/24798\/revisions\/24803"}],"wp:attachment":[{"href":"https:\/\/www.granadablogs.com\/pateandoelmundo\/wp-json\/wp\/v2\/media?parent=24798"}],"wp:term":[{"taxonomy":"category","embeddable":true,"href":"https:\/\/www.granadablogs.com\/pateandoelmundo\/wp-json\/wp\/v2\/categories?post=24798"},{"taxonomy":"post_tag","embeddable":true,"href":"https:\/\/www.granadablogs.com\/pateandoelmundo\/wp-json\/wp\/v2\/tags?post=24798"}],"curies":[{"name":"wp","href":"https:\/\/api.w.org\/{rel}","templated":true}]}}