{"id":24710,"date":"2018-04-12T14:06:08","date_gmt":"2018-04-12T13:06:08","guid":{"rendered":"http:\/\/www.granadablogs.com\/pateandoelmundo\/?p=24710"},"modified":"2018-04-13T07:56:17","modified_gmt":"2018-04-13T06:56:17","slug":"david-simon-cronica-sentimental-en-negro","status":"publish","type":"post","link":"https:\/\/www.granadablogs.com\/pateandoelmundo\/david-simon-cronica-sentimental-en-negro\/","title":{"rendered":"David Simon: cr\u00f3nica sentimental en Negro"},"content":{"rendered":"<p>Esta semana, David Simon ha estado en boca de todos, nada m\u00e1s anunciarse su proyecto de miniserie de seis horas de duraci\u00f3n sobre la participaci\u00f3n de las Brigadas Internacionales en la Guerra Civil Espa\u00f1ola. En concreto, Simon tiene previsto contar los avatares de los batallones norteamericanos Abraham Lincoln y George Washington, desde su llegada en 1937 y su primera y sangrienta batalla en el valle del Jarama hasta su partida en 1939, cuando regresaron a los Estados Unidos.<\/p>\n<p><a href=\"http:\/\/www.granadablogs.com\/pateandoelmundo\/david-simon-cronica-sentimental-en-negro\/david-simon-2\/\" rel=\"attachment wp-att-24714\"><img loading=\"lazy\" decoding=\"async\" class=\"aligncenter size-medium wp-image-24714\" src=\"http:\/\/www.granadablogs.com\/pateandoelmundo\/wp-content\/uploads\/2018\/04\/David-Simon-1-249x300.jpg\" alt=\"\" width=\"249\" height=\"300\" srcset=\"https:\/\/www.granadablogs.com\/pateandoelmundo\/wp-content\/uploads\/2018\/04\/David-Simon-1-249x300.jpg 249w, https:\/\/www.granadablogs.com\/pateandoelmundo\/wp-content\/uploads\/2018\/04\/David-Simon-1.jpg 625w\" sizes=\"auto, (max-width: 249px) 100vw, 249px\" \/><\/a><\/p>\n<p>La pol\u00e9mica, esta s\u00ed bastante est\u00e9ril, viene dada por un supuesto sesgo ideol\u00f3gico en la serie, que se titular\u00e1 \u201cA Dry Run\u201d, al contar con la producci\u00f3n de Jaume Roures. Y todo ello, antes de saberse nada sobre el argumento, los personajes o las situaciones que contar\u00e1 Simon en la serie, que ser\u00e1 escrita nada m\u00e1s y nada menos que por Dennis Lehane y George Pelecanos, dos de los grandes maestros del noir estadounidense y de los que ya hemos hablado en El Rinc\u00f3n Oscuro en m\u00e1s de una ocasi\u00f3n.<\/p>\n<p><a href=\"http:\/\/www.granadablogs.com\/pateandoelmundo\/david-simon-cronica-sentimental-en-negro\/david-simon\/\" rel=\"attachment wp-att-24711\"><img loading=\"lazy\" decoding=\"async\" class=\"aligncenter size-medium wp-image-24711\" src=\"http:\/\/www.granadablogs.com\/pateandoelmundo\/wp-content\/uploads\/2018\/04\/David-Simon-300x169.jpg\" alt=\"\" width=\"300\" height=\"169\" srcset=\"https:\/\/www.granadablogs.com\/pateandoelmundo\/wp-content\/uploads\/2018\/04\/David-Simon-300x169.jpg 300w, https:\/\/www.granadablogs.com\/pateandoelmundo\/wp-content\/uploads\/2018\/04\/David-Simon-768x432.jpg 768w, https:\/\/www.granadablogs.com\/pateandoelmundo\/wp-content\/uploads\/2018\/04\/David-Simon-644x362.jpg 644w, https:\/\/www.granadablogs.com\/pateandoelmundo\/wp-content\/uploads\/2018\/04\/David-Simon.jpg 996w\" sizes=\"auto, (max-width: 300px) 100vw, 300px\" \/><\/a><\/p>\n<p>Asistiendo a la pol\u00e9mica generada por el anuncio de \u201cA Dry Run\u201d, me ha encantado leer a Simon cuando replica que a \u00e9l, las fuentes de financiaci\u00f3n no le van a hacer cambiar una coma de su narrativa. \u00a1C\u00f3mo si no hubiera dado buenas muestras de su independencia y libertad creativa, desde la inici\u00e1tica \u201cThe Corner\u201d, la m\u00edtica y reverenciada \u201cThe Wire\u201d o la sublime \u201cTreme\u201d, sobre la especulaci\u00f3n inmobiliaria desatada en Nueva Orleans tras el paso del Katrina.<\/p>\n<p>Si quieren conocer el acercamiento de Simon a conflictos b\u00e9licos, vean \u201cGeneration Kill\u201d, sobre la guerra de Irak. Y si quieren saber c\u00f3mo se las gasta a la hora de afrontar cuestiones directamente relacionadas con la pol\u00edtica -\u00bfhay algo que no sea pol\u00edtica, por otra parte?- vean la excepcional \u201cShow me a hero\u201d y disfruten con una historia sobre compromiso social y sobre c\u00f3mo afecta la construcci\u00f3n de unas viviendas protegidas para personas sin recursos en una zona de clase media de la ciudad de Yonkers, Nueva York.<\/p>\n<p>Si por algo se caracteriza Simon es por su antimanique\u00edsmo y por analizar una cuesti\u00f3n desde m\u00faltiples puntos de vista. Dif\u00edcil encontrar a un autor en el que los conceptos de \u201cbueno\u201d y \u201cmalo\u201d tengan menos sentido. Complicado, en la televisi\u00f3n de los \u00faltimos a\u00f1os, encontrar series que traten con tanto respeto por la verdad, el realismo y la autenticidad aspectos tan conflictivos de la realidad social como el tr\u00e1fico y el consumo de drogas, la pol\u00edtica, el sindicalismo, el periodismo o la especulaci\u00f3n urban\u00edstica.<\/p>\n<p>O la prostituci\u00f3n y la pornograf\u00eda, como hemos tenido ocasi\u00f3n de comprobar en la serie m\u00e1s reciente de Simon, producida por HBO, como todas las suyas anteriores.<\/p>\n<p><a href=\"http:\/\/www.granadablogs.com\/pateandoelmundo\/david-simon-cronica-sentimental-en-negro\/the-deuce\/\" rel=\"attachment wp-att-24712\"><img loading=\"lazy\" decoding=\"async\" class=\"aligncenter size-medium wp-image-24712\" src=\"http:\/\/www.granadablogs.com\/pateandoelmundo\/wp-content\/uploads\/2018\/04\/The-Deuce-300x200.jpg\" alt=\"\" width=\"300\" height=\"200\" srcset=\"https:\/\/www.granadablogs.com\/pateandoelmundo\/wp-content\/uploads\/2018\/04\/The-Deuce-300x200.jpg 300w, https:\/\/www.granadablogs.com\/pateandoelmundo\/wp-content\/uploads\/2018\/04\/The-Deuce-644x429.jpg 644w, https:\/\/www.granadablogs.com\/pateandoelmundo\/wp-content\/uploads\/2018\/04\/The-Deuce.jpg 700w\" sizes=\"auto, (max-width: 300px) 100vw, 300px\" \/><\/a><\/p>\n<p>Se titula \u201cThe Deuce\u201d y, en Espa\u00f1a, se ha estrenado con un subt\u00edtulo que no s\u00e9 yo si clarifica algo: \u201cLas Cr\u00f3nicas de Times Square\u201d.<\/p>\n<p>&nbsp;<\/p>\n<p>(Sigue leyendo sobre The Deuce en <a href=\"http:\/\/www.ideal.es\/on-extra\/evasion\/nueva-revista\/david-simon-cronica-20180412213940-nt.html\" target=\"_blank\" rel=\"noopener noreferrer\">IDEAL<\/a> o en nuestra revista hermana, <a href=\"https:\/\/revistacalibre38.com\/2018\/04\/12\/el-rincon-oscuro-david-simon-cronica-sentimental-en-negro\/\" target=\"_blank\" rel=\"noopener noreferrer\">Calibre 38<\/a>)<\/p>\n<p>&nbsp;<\/p>\n<p>Jes\u00fas Lens<\/p>\n<p><a href=\"https:\/\/twitter.com\/Jesus_Lens\" target=\"_blank\" rel=\"attachment wp-att-24444 noopener noreferrer\"><img loading=\"lazy\" decoding=\"async\" class=\"size-full wp-image-24444 alignleft\" src=\"http:\/\/www.granadablogs.com\/pateandoelmundo\/wp-content\/uploads\/2018\/03\/1-Twitter-Lens.jpg\" alt=\"\" width=\"196\" height=\"47\" \/><\/a><\/p>\n","protected":false},"excerpt":{"rendered":"<p>Esta semana, David Simon ha estado en boca de todos, nada m\u00e1s anunciarse su proyecto de miniserie de seis horas de duraci\u00f3n sobre la participaci\u00f3n de las Brigadas Internacionales en la Guerra Civil Espa\u00f1ola. En concreto, Simon tiene previsto contar los avatares de los batallones norteamericanos Abraham Lincoln y George Washington, desde su llegada en [&hellip;]<\/p>\n","protected":false},"author":1,"featured_media":0,"comment_status":"open","ping_status":"open","sticky":false,"template":"","format":"standard","meta":{"jetpack_post_was_ever_published":false,"_jetpack_newsletter_access":"","_jetpack_dont_email_post_to_subs":true,"_jetpack_newsletter_tier_id":0,"_jetpack_memberships_contains_paywalled_content":false,"_jetpack_memberships_contains_paid_content":false,"footnotes":""},"categories":[11774,12],"tags":[16181,16179,16178,11776,14900,16183,16182,16180],"class_list":["post-24710","post","type-post","status-publish","format-standard","hentry","category-rincon-oscuro","category-television","tag-a-dry-run","tag-cronica-sentimental-en-negro","tag-davis-simon","tag-el-rincon-oscuro","tag-rincon-oscuro-jesus-lens","tag-second-season-the-deuce","tag-serie-simon-guerra-civil-espanola","tag-the-deuce"],"jetpack_featured_media_url":"","jetpack_sharing_enabled":true,"_links":{"self":[{"href":"https:\/\/www.granadablogs.com\/pateandoelmundo\/wp-json\/wp\/v2\/posts\/24710","targetHints":{"allow":["GET"]}}],"collection":[{"href":"https:\/\/www.granadablogs.com\/pateandoelmundo\/wp-json\/wp\/v2\/posts"}],"about":[{"href":"https:\/\/www.granadablogs.com\/pateandoelmundo\/wp-json\/wp\/v2\/types\/post"}],"author":[{"embeddable":true,"href":"https:\/\/www.granadablogs.com\/pateandoelmundo\/wp-json\/wp\/v2\/users\/1"}],"replies":[{"embeddable":true,"href":"https:\/\/www.granadablogs.com\/pateandoelmundo\/wp-json\/wp\/v2\/comments?post=24710"}],"version-history":[{"count":3,"href":"https:\/\/www.granadablogs.com\/pateandoelmundo\/wp-json\/wp\/v2\/posts\/24710\/revisions"}],"predecessor-version":[{"id":24716,"href":"https:\/\/www.granadablogs.com\/pateandoelmundo\/wp-json\/wp\/v2\/posts\/24710\/revisions\/24716"}],"wp:attachment":[{"href":"https:\/\/www.granadablogs.com\/pateandoelmundo\/wp-json\/wp\/v2\/media?parent=24710"}],"wp:term":[{"taxonomy":"category","embeddable":true,"href":"https:\/\/www.granadablogs.com\/pateandoelmundo\/wp-json\/wp\/v2\/categories?post=24710"},{"taxonomy":"post_tag","embeddable":true,"href":"https:\/\/www.granadablogs.com\/pateandoelmundo\/wp-json\/wp\/v2\/tags?post=24710"}],"curies":[{"name":"wp","href":"https:\/\/api.w.org\/{rel}","templated":true}]}}