{"id":24368,"date":"2018-02-26T13:58:08","date_gmt":"2018-02-26T12:58:08","guid":{"rendered":"http:\/\/www.granadablogs.com\/pateandoelmundo\/?p=24368"},"modified":"2018-02-26T13:58:08","modified_gmt":"2018-02-26T12:58:08","slug":"a-las-pensio-barricadas","status":"publish","type":"post","link":"https:\/\/www.granadablogs.com\/pateandoelmundo\/a-las-pensio-barricadas\/","title":{"rendered":"\u00a1A las pensio-barricadas!"},"content":{"rendered":"<p>Cuando se acerca Mayo del 18 y nos aprestamos a conmemorar el 50 aniversario del m\u00edtico y mitificado Mayo del 68, los \u00fanicos capaces de montar barricadas, en Espa\u00f1a, ser\u00edan nuestros mod\u00e9licos y combativos mayores.<\/p>\n<p><a href=\"http:\/\/www.granadablogs.com\/pateandoelmundo\/a-las-pensio-barricadas\/pensionistas-protestando\/\" rel=\"attachment wp-att-24369\"><img loading=\"lazy\" decoding=\"async\" class=\"aligncenter size-medium wp-image-24369\" src=\"http:\/\/www.granadablogs.com\/pateandoelmundo\/wp-content\/uploads\/2018\/02\/Pensionistas-protestando-300x200.jpg\" alt=\"\" width=\"300\" height=\"200\" srcset=\"https:\/\/www.granadablogs.com\/pateandoelmundo\/wp-content\/uploads\/2018\/02\/Pensionistas-protestando-300x200.jpg 300w, https:\/\/www.granadablogs.com\/pateandoelmundo\/wp-content\/uploads\/2018\/02\/Pensionistas-protestando-768x512.jpg 768w, https:\/\/www.granadablogs.com\/pateandoelmundo\/wp-content\/uploads\/2018\/02\/Pensionistas-protestando-644x430.jpg 644w, https:\/\/www.granadablogs.com\/pateandoelmundo\/wp-content\/uploads\/2018\/02\/Pensionistas-protestando.jpg 1000w\" sizes=\"auto, (max-width: 300px) 100vw, 300px\" \/><\/a><\/p>\n<p>\u00a1Qu\u00e9 lecci\u00f3n volvemos a recibir de ellos, otra vez! El pasado jueves hicieron lo que no hacemos pr\u00e1cticamente nadie: echarse a la calle para reivindicar sus derechos. Que tambi\u00e9n son los nuestros, ojo. Porque todos somos pensionistas. Unos, lo son de hecho. Otros, lo somos de derecho. O deber\u00edamos serlo. Que para eso llevamos a\u00f1os y a\u00f1os cotizando a la seguridad social. Sin embargo, mientras los unos se manifiestan, reivindican y pelean en las calles, los otros tuiteamos.<\/p>\n<p>&nbsp;<\/p>\n<p>En los an\u00e1lisis pol\u00edtico-sociol\u00f3gicos se baraja una doble verdad que lo mismo resulta ser m\u00e1s falsa que la falsa moneda, m\u00e1s mentirosa que las fake news: la mayor\u00eda de los pensionistas son conservadores y la gente mayor vota al PP.<\/p>\n<p><a href=\"http:\/\/www.granadablogs.com\/pateandoelmundo\/a-las-pensio-barricadas\/pensionistas-protestan-a-miles\/\" rel=\"attachment wp-att-24370\"><img loading=\"lazy\" decoding=\"async\" class=\"aligncenter size-medium wp-image-24370\" src=\"http:\/\/www.granadablogs.com\/pateandoelmundo\/wp-content\/uploads\/2018\/02\/Pensionistas-protestan-a-miles-300x169.jpg\" alt=\"\" width=\"300\" height=\"169\" srcset=\"https:\/\/www.granadablogs.com\/pateandoelmundo\/wp-content\/uploads\/2018\/02\/Pensionistas-protestan-a-miles-300x169.jpg 300w, https:\/\/www.granadablogs.com\/pateandoelmundo\/wp-content\/uploads\/2018\/02\/Pensionistas-protestan-a-miles.jpg 630w\" sizes=\"auto, (max-width: 300px) 100vw, 300px\" \/><\/a><\/p>\n<p>Mariano Rajoy debe flipar en colores al comprobar que son los pensionistas quienes m\u00e1s presi\u00f3n le est\u00e1n metiendo a su (des)gobierno: tanta atenci\u00f3n prestada a la lozan\u00eda de S\u00e1nchez, Iglesias y Rivera, al 155, la inmersi\u00f3n ling\u00fc\u00edstica, las portavozas y el ARCO destensado\u2026 y resulta que, un jueves cualquiera, nuestros mayores dan un pu\u00f1etazo en la mesa y toman las calles, hartos de que les tomen el pelo.<\/p>\n<p>&nbsp;<\/p>\n<p>Por un lado, est\u00e1 la insultante cartita en la se les comunica la inapreciable subida de las pensiones, mientras el coste de la vida se dispara hasta el 3%, de acuerdo con el IPC de 2017. Pero, sobre todo, lo realmente irritante es la salida en tromba de todos los poderes f\u00e1cticos y econ\u00f3micos de este pa\u00eds recomend\u00e1ndonos ahorrar\u2026 y contratar planes privados de pensiones.<\/p>\n<p><a href=\"http:\/\/www.granadablogs.com\/pateandoelmundo\/a-las-pensio-barricadas\/pensionistas-protestan\/\" rel=\"attachment wp-att-24371\"><img loading=\"lazy\" decoding=\"async\" class=\"aligncenter size-medium wp-image-24371\" src=\"http:\/\/www.granadablogs.com\/pateandoelmundo\/wp-content\/uploads\/2018\/02\/Pensionistas-protestan-300x169.jpg\" alt=\"\" width=\"300\" height=\"169\" srcset=\"https:\/\/www.granadablogs.com\/pateandoelmundo\/wp-content\/uploads\/2018\/02\/Pensionistas-protestan-300x169.jpg 300w, https:\/\/www.granadablogs.com\/pateandoelmundo\/wp-content\/uploads\/2018\/02\/Pensionistas-protestan-644x362.jpg 644w, https:\/\/www.granadablogs.com\/pateandoelmundo\/wp-content\/uploads\/2018\/02\/Pensionistas-protestan.jpg 660w\" sizes=\"auto, (max-width: 300px) 100vw, 300px\" \/><\/a><\/p>\n<p>En una econom\u00eda en la que tant\u00edsimas familias sufren para llegar a fin de mes, escuchar dichas recomendaciones en boca de los representantes de las empresas del IBEX 35 y de los pol\u00edticos que tan bien las representan, es la gota que colma el vaso de la paciencia.<\/p>\n<p>&nbsp;<\/p>\n<p>Cuando Espa\u00f1a se cre\u00eda rica, apartaba a los mayores en residencias. Cuando nos sacudi\u00f3 la Crisis, se volvieron a convertir en el sost\u00e9n de sus familias. \u00bfY ahora se cuestiona el sistema p\u00fablico de pensiones? Ojito: esa s\u00ed es una l\u00ednea roja a la que nadie en su sano juicio deber\u00eda osar siquiera acercarse\u2026<\/p>\n<p>&nbsp;<\/p>\n<p>Jes\u00fas Lens<\/p>\n<p><a href=\"https:\/\/twitter.com\/Jesus_Lens\" target=\"_blank\" rel=\"attachment wp-att-24105 noopener noreferrer\"><img loading=\"lazy\" decoding=\"async\" class=\"size-full wp-image-24105 alignleft\" src=\"http:\/\/www.granadablogs.com\/pateandoelmundo\/wp-content\/uploads\/2018\/01\/1-Twitter-Lens-1.jpg\" alt=\"\" width=\"196\" height=\"47\" \/><\/a><\/p>\n","protected":false},"excerpt":{"rendered":"<p>Cuando se acerca Mayo del 18 y nos aprestamos a conmemorar el 50 aniversario del m\u00edtico y mitificado Mayo del 68, los \u00fanicos capaces de montar barricadas, en Espa\u00f1a, ser\u00edan nuestros mod\u00e9licos y combativos mayores. \u00a1Qu\u00e9 lecci\u00f3n volvemos a recibir de ellos, otra vez! El pasado jueves hicieron lo que no hacemos pr\u00e1cticamente nadie: echarse [&hellip;]<\/p>\n","protected":false},"author":1,"featured_media":0,"comment_status":"open","ping_status":"open","sticky":false,"template":"","format":"standard","meta":{"jetpack_post_was_ever_published":false,"_jetpack_newsletter_access":"","_jetpack_dont_email_post_to_subs":true,"_jetpack_newsletter_tier_id":0,"_jetpack_memberships_contains_paywalled_content":false,"_jetpack_memberships_contains_paid_content":false,"footnotes":""},"categories":[6],"tags":[15962,15960,15957,15963,15961,15959,15958],"class_list":["post-24368","post","type-post","status-publish","format-standard","hentry","category-opinion","tag-25-pensiones","tag-a-las-barricadas","tag-pensionistas","tag-planes-privados-de-pensiones","tag-protestas-de-pensionistas","tag-quiebra-sistema-de-pensiones","tag-subida-de-las-pensiones"],"jetpack_featured_media_url":"","jetpack_sharing_enabled":true,"_links":{"self":[{"href":"https:\/\/www.granadablogs.com\/pateandoelmundo\/wp-json\/wp\/v2\/posts\/24368","targetHints":{"allow":["GET"]}}],"collection":[{"href":"https:\/\/www.granadablogs.com\/pateandoelmundo\/wp-json\/wp\/v2\/posts"}],"about":[{"href":"https:\/\/www.granadablogs.com\/pateandoelmundo\/wp-json\/wp\/v2\/types\/post"}],"author":[{"embeddable":true,"href":"https:\/\/www.granadablogs.com\/pateandoelmundo\/wp-json\/wp\/v2\/users\/1"}],"replies":[{"embeddable":true,"href":"https:\/\/www.granadablogs.com\/pateandoelmundo\/wp-json\/wp\/v2\/comments?post=24368"}],"version-history":[{"count":2,"href":"https:\/\/www.granadablogs.com\/pateandoelmundo\/wp-json\/wp\/v2\/posts\/24368\/revisions"}],"predecessor-version":[{"id":24373,"href":"https:\/\/www.granadablogs.com\/pateandoelmundo\/wp-json\/wp\/v2\/posts\/24368\/revisions\/24373"}],"wp:attachment":[{"href":"https:\/\/www.granadablogs.com\/pateandoelmundo\/wp-json\/wp\/v2\/media?parent=24368"}],"wp:term":[{"taxonomy":"category","embeddable":true,"href":"https:\/\/www.granadablogs.com\/pateandoelmundo\/wp-json\/wp\/v2\/categories?post=24368"},{"taxonomy":"post_tag","embeddable":true,"href":"https:\/\/www.granadablogs.com\/pateandoelmundo\/wp-json\/wp\/v2\/tags?post=24368"}],"curies":[{"name":"wp","href":"https:\/\/api.w.org\/{rel}","templated":true}]}}