{"id":24362,"date":"2018-02-25T13:18:23","date_gmt":"2018-02-25T12:18:23","guid":{"rendered":"http:\/\/www.granadablogs.com\/pateandoelmundo\/?p=24362"},"modified":"2018-02-25T13:18:23","modified_gmt":"2018-02-25T12:18:23","slug":"a-favor-o-en-contra","status":"publish","type":"post","link":"https:\/\/www.granadablogs.com\/pateandoelmundo\/a-favor-o-en-contra\/","title":{"rendered":"\u00bfA favor o en contra?"},"content":{"rendered":"<p>No s\u00e9 si estoy a favor o en contra. Y les confieso que es una cuesti\u00f3n que me inquieta y a la que he dedicado tiempo, esfuerzo, dedicaci\u00f3n y recursos. Quiero decir con ello que no me resulta indiferente, aunque haya veces que me canse.<\/p>\n<p><a href=\"http:\/\/www.granadablogs.com\/pateandoelmundo\/a-favor-o-en-contra\/a-favor-y-en-contra\/\" rel=\"attachment wp-att-24363\"><img loading=\"lazy\" decoding=\"async\" class=\"aligncenter size-full wp-image-24363\" src=\"http:\/\/www.granadablogs.com\/pateandoelmundo\/wp-content\/uploads\/2018\/02\/A-favor-y-en-contra.jpg\" alt=\"\" width=\"299\" height=\"169\" \/><\/a><\/p>\n<p>En realidad, me gustar\u00eda que la cuesti\u00f3n me resbalara para poder pasar de ella, enarcando una ceja y mir\u00e1ndola de soslayo, sin prestarle m\u00e1s atenci\u00f3n. Por desgracia, no es as\u00ed.<\/p>\n<p>He le\u00eddo los argumentos de unos y los de otros. Despu\u00e9s, me he centrado en las cr\u00edticas de los otros a los argumentos de los unos. Y viceversa. Y no puedo sino concluir que ambos tienen su parte de raz\u00f3n. En la misma proporci\u00f3n que no la tienen.<\/p>\n<p>F\u00edjense si el tema en cuesti\u00f3n me interesa y me preocupa que he escuchado tertulias de radio y televisi\u00f3n, buscando puntos de vista diferentes y originales; y he le\u00eddo un par de ensayos sobre la materia, a ver si profundizando de forma honda y sesuda, terminaba por determinar si estoy a favor. O en contra.<\/p>\n<p><a href=\"http:\/\/www.granadablogs.com\/pateandoelmundo\/a-favor-o-en-contra\/a-favor-contra\/\" rel=\"attachment wp-att-24364\"><img loading=\"lazy\" decoding=\"async\" class=\"aligncenter size-medium wp-image-24364\" src=\"http:\/\/www.granadablogs.com\/pateandoelmundo\/wp-content\/uploads\/2018\/02\/A-favor-contra-300x205.jpg\" alt=\"\" width=\"300\" height=\"205\" srcset=\"https:\/\/www.granadablogs.com\/pateandoelmundo\/wp-content\/uploads\/2018\/02\/A-favor-contra-300x205.jpg 300w, https:\/\/www.granadablogs.com\/pateandoelmundo\/wp-content\/uploads\/2018\/02\/A-favor-contra.jpg 544w\" sizes=\"auto, (max-width: 300px) 100vw, 300px\" \/><\/a><\/p>\n<p>Pero sigo sin conseguirlo. Aunque no he cejado en el empe\u00f1o y sigo perseverando. He cambiado de enfoque y de perspectiva. He mudado de piel, como las sepientes, para ver si as\u00ed. Y nada. He visto varios documentales y, adem\u00e1s, he conversado en persona, por tel\u00e9fono y a trav\u00e9s de correo electr\u00f3nico, con especialistas en la cuesti\u00f3n.<\/p>\n<p>Eran tan, tan especialistas, que he conseguido deconstruir el asunto, separ\u00e1ndolo en bloques, para ver si, a trav\u00e9s de la fragmentaci\u00f3n, me llegaba la lucidez necesaria para determinar de una maldita si estoy a favor o en contra. Pero no hay manera.<\/p>\n<p>Eso s\u00ed: ahora soy una eminencia en el tema. Lo que podr\u00edamos llamar un experto, una voz autorizada. Pero sigo sin ponerme de acuerdo conmigo mismo, incapaz siquiera de llegar a un acuerdo de m\u00ednimos, con las l\u00edneas rojas tan bien trazadas que me resulta imposible llegar a un principio de consenso.<\/p>\n<p><a href=\"http:\/\/www.granadablogs.com\/pateandoelmundo\/a-favor-o-en-contra\/a-favor\/\" rel=\"attachment wp-att-24365\"><img loading=\"lazy\" decoding=\"async\" class=\"aligncenter size-full wp-image-24365\" src=\"http:\/\/www.granadablogs.com\/pateandoelmundo\/wp-content\/uploads\/2018\/02\/A-favor.jpg\" alt=\"\" width=\"270\" height=\"186\" \/><\/a><\/p>\n<p>Los lunes, los mi\u00e9rcoles y los viernes; estoy a favor. Martes, jueves y s\u00e1bados; en contra. \u2014\u00bfY los domingos?\u2014 Los domingos, de resaca. Porque llega el lunes y, misteriosamente, me encuentro otra vez posicionado. Pero en contra, esta vez.<\/p>\n<p>\u00bfY usted, amable lector? \u00bfMe echar\u00eda una mano y ser\u00eda tan amable de decirme si est\u00e1 usted a favor o en contra?<\/p>\n<p>Jes\u00fas Lens<\/p>\n<p><a href=\"https:\/\/twitter.com\/Jesus_Lens\" target=\"_blank\" rel=\"attachment wp-att-24105 noopener noreferrer\"><img loading=\"lazy\" decoding=\"async\" class=\"size-full wp-image-24105 alignleft\" src=\"http:\/\/www.granadablogs.com\/pateandoelmundo\/wp-content\/uploads\/2018\/01\/1-Twitter-Lens-1.jpg\" alt=\"\" width=\"196\" height=\"47\" \/><\/a><\/p>\n","protected":false},"excerpt":{"rendered":"<p>No s\u00e9 si estoy a favor o en contra. Y les confieso que es una cuesti\u00f3n que me inquieta y a la que he dedicado tiempo, esfuerzo, dedicaci\u00f3n y recursos. Quiero decir con ello que no me resulta indiferente, aunque haya veces que me canse. En realidad, me gustar\u00eda que la cuesti\u00f3n me resbalara para [&hellip;]<\/p>\n","protected":false},"author":1,"featured_media":0,"comment_status":"open","ping_status":"open","sticky":false,"template":"","format":"standard","meta":{"jetpack_post_was_ever_published":false,"_jetpack_newsletter_access":"","_jetpack_dont_email_post_to_subs":true,"_jetpack_newsletter_tier_id":0,"_jetpack_memberships_contains_paywalled_content":false,"_jetpack_memberships_contains_paid_content":false,"footnotes":""},"categories":[6,31],"tags":[15952,15956,11124,15953,15954,15955,339,15951],"class_list":["post-24362","post","type-post","status-publish","format-standard","hentry","category-opinion","category-relatos","tag-a-favor","tag-articuentos-lens","tag-articulos-jesus-lens","tag-en-contra","tag-estar-a-favor","tag-estar-en-contra","tag-jesus-lens","tag-a-favor-o-en-contra"],"jetpack_featured_media_url":"","jetpack_sharing_enabled":true,"_links":{"self":[{"href":"https:\/\/www.granadablogs.com\/pateandoelmundo\/wp-json\/wp\/v2\/posts\/24362","targetHints":{"allow":["GET"]}}],"collection":[{"href":"https:\/\/www.granadablogs.com\/pateandoelmundo\/wp-json\/wp\/v2\/posts"}],"about":[{"href":"https:\/\/www.granadablogs.com\/pateandoelmundo\/wp-json\/wp\/v2\/types\/post"}],"author":[{"embeddable":true,"href":"https:\/\/www.granadablogs.com\/pateandoelmundo\/wp-json\/wp\/v2\/users\/1"}],"replies":[{"embeddable":true,"href":"https:\/\/www.granadablogs.com\/pateandoelmundo\/wp-json\/wp\/v2\/comments?post=24362"}],"version-history":[{"count":2,"href":"https:\/\/www.granadablogs.com\/pateandoelmundo\/wp-json\/wp\/v2\/posts\/24362\/revisions"}],"predecessor-version":[{"id":24367,"href":"https:\/\/www.granadablogs.com\/pateandoelmundo\/wp-json\/wp\/v2\/posts\/24362\/revisions\/24367"}],"wp:attachment":[{"href":"https:\/\/www.granadablogs.com\/pateandoelmundo\/wp-json\/wp\/v2\/media?parent=24362"}],"wp:term":[{"taxonomy":"category","embeddable":true,"href":"https:\/\/www.granadablogs.com\/pateandoelmundo\/wp-json\/wp\/v2\/categories?post=24362"},{"taxonomy":"post_tag","embeddable":true,"href":"https:\/\/www.granadablogs.com\/pateandoelmundo\/wp-json\/wp\/v2\/tags?post=24362"}],"curies":[{"name":"wp","href":"https:\/\/api.w.org\/{rel}","templated":true}]}}