{"id":24349,"date":"2018-02-23T11:15:42","date_gmt":"2018-02-23T10:15:42","guid":{"rendered":"http:\/\/www.granadablogs.com\/pateandoelmundo\/?p=24349"},"modified":"2018-02-23T11:15:42","modified_gmt":"2018-02-23T10:15:42","slug":"neogeografia-politica","status":"publish","type":"post","link":"https:\/\/www.granadablogs.com\/pateandoelmundo\/neogeografia-politica\/","title":{"rendered":"Neogeograf\u00eda pol\u00edtica"},"content":{"rendered":"<p>La fuga de pol\u00edticos independentistas a diferentes pa\u00edses tiene indudables ventajas formativas y culturales: desde que Puchi y Anna se han radicado en B\u00e9lgica y Suiza, respectivamente\u2026 \u00a1lo que se habla de ambos estados en las tertulias de nuestro pa\u00eds! (Ya escrib\u00ed de ello <a href=\"http:\/\/www.granadablogs.com\/pateandoelmundo\/comparecer-desaparecer\/\" target=\"_blank\" rel=\"noopener noreferrer\">en esta otra columna<\/a> de IDEAL).<\/p>\n<p><a href=\"http:\/\/www.granadablogs.com\/pateandoelmundo\/neogeografia-politica\/puchi-tintin\/\" rel=\"attachment wp-att-24350\"><img loading=\"lazy\" decoding=\"async\" class=\"aligncenter size-medium wp-image-24350\" src=\"http:\/\/www.granadablogs.com\/pateandoelmundo\/wp-content\/uploads\/2018\/02\/Puchi-tint\u00edn-300x169.jpg\" alt=\"\" width=\"300\" height=\"169\" srcset=\"https:\/\/www.granadablogs.com\/pateandoelmundo\/wp-content\/uploads\/2018\/02\/Puchi-tint\u00edn-300x169.jpg 300w, https:\/\/www.granadablogs.com\/pateandoelmundo\/wp-content\/uploads\/2018\/02\/Puchi-tint\u00edn.jpg 600w\" sizes=\"auto, (max-width: 300px) 100vw, 300px\" \/><\/a><\/p>\n<p>Lo de Puchi fue abrumador. Nunca ha habido tantos memes con Tint\u00edn, el ni\u00f1o me\u00f3n, los flamencos y los valones en nuestras redes. De hecho, la empresa Moulinsart, encargada de gestionar los derechos del personaje de Tint\u00edn, deber\u00eda informar de a cu\u00e1nto ha ascendido el repunte de ventas en los \u00e1lbumes del intr\u00e9pido periodista desde la fuga del ex President de la Generalitat. Y darle la parte correspondiente a Puchi, faltar\u00eda m\u00e1s. Un 3%, manque sea.<\/p>\n<p>&nbsp;<\/p>\n<p>Ahora le toca a Suiza, patria adoptiva de una dulcificada Anna Gabriel que, como siga en este maravilloso proceso de cambio, no tardar\u00e1 en interpretar una versi\u00f3n en carne y hueso de la gloriosa Heidi. Estos d\u00edas todo son valles verdes, picos nevados, c\u00e1maras acorazadas, lingotes de oro y relojes de cuco en nuestra vida tertuliana.<\/p>\n<p><a href=\"http:\/\/www.granadablogs.com\/pateandoelmundo\/neogeografia-politica\/anna-gabriel-la-suiza\/\" rel=\"attachment wp-att-24351\"><img loading=\"lazy\" decoding=\"async\" class=\"aligncenter size-medium wp-image-24351\" src=\"http:\/\/www.granadablogs.com\/pateandoelmundo\/wp-content\/uploads\/2018\/02\/Anna-Gabriel-La-Suiza-300x169.jpg\" alt=\"\" width=\"300\" height=\"169\" srcset=\"https:\/\/www.granadablogs.com\/pateandoelmundo\/wp-content\/uploads\/2018\/02\/Anna-Gabriel-La-Suiza-300x169.jpg 300w, https:\/\/www.granadablogs.com\/pateandoelmundo\/wp-content\/uploads\/2018\/02\/Anna-Gabriel-La-Suiza-768x432.jpg 768w, https:\/\/www.granadablogs.com\/pateandoelmundo\/wp-content\/uploads\/2018\/02\/Anna-Gabriel-La-Suiza-644x362.jpg 644w, https:\/\/www.granadablogs.com\/pateandoelmundo\/wp-content\/uploads\/2018\/02\/Anna-Gabriel-La-Suiza.jpg 1024w\" sizes=\"auto, (max-width: 300px) 100vw, 300px\" \/><\/a><\/p>\n<p>\u00bfQui\u00e9n ser\u00e1 el pr\u00f3ximo pol\u00edtico catal\u00e1n en huir de esta Espa\u00f1a nuestra y, sobre todo, cu\u00e1l ser\u00e1 su futuro destino? La gente le critica mucho a Anna Gabriel, tan anticapitalista ella, que no se haya ido a Venezuela, donde Maduro la habr\u00eda acogido con los brazos abiertos. Pero de Venezuela tambi\u00e9n estamos hasta el gorro, convertida en un culebr\u00f3n interminable, en un pimpamp\u00fam pol\u00edtico-medi\u00e1tico en el que la vida de los venezolanos de a pie es lo que menos nos preocupa a todos.<\/p>\n<p>&nbsp;<\/p>\n<p>El pr\u00f3ximo pol\u00edtico catal\u00e1n que huya de nuestro pa\u00eds -que tambi\u00e9n es el suyo- deber\u00eda ser m\u00e1s imaginativo y elegir un destino poco habitual y menos conocido, contribuyendo de esa manera a ponerlo en el mapa.<\/p>\n<p>&nbsp;<\/p>\n<p>Entiendo y comprendo el razonamiento de Puchi y Anna: para seguir haciendo la revoluci\u00f3n desde la lejan\u00eda, hay que radicarse en un pa\u00eds moderno, con buenas conexiones a\u00e9reas, medi\u00e1ticas y a internet y donde el wifi no sea un lujo asi\u00e1tico. \u00bfSe imaginan lo complicado que ser\u00eda montar las barricadas en Etiop\u00eda, Uganda o la Rep\u00fablica Centroafricana, con el desfase horario?<\/p>\n<p><a href=\"http:\/\/www.granadablogs.com\/pateandoelmundo\/neogeografia-politica\/puchi-maneken-pis\/\" rel=\"attachment wp-att-24352\"><img loading=\"lazy\" decoding=\"async\" class=\"aligncenter size-medium wp-image-24352\" src=\"http:\/\/www.granadablogs.com\/pateandoelmundo\/wp-content\/uploads\/2018\/02\/Puchi-Maneken-Pis-300x183.jpg\" alt=\"\" width=\"300\" height=\"183\" \/><\/a><\/p>\n<p>O en Uzbekist\u00e1n, Kazajist\u00e1n, Kirguist\u00e1n, Tayikist\u00e1n u otros pa\u00edses de la Ruta de la Seda. Que para los documentales de La2 o el National Geographic est\u00e1n muy bien, pero que el pan tumaca todav\u00eda no lo controlan del todo.<\/p>\n<p>&nbsp;<\/p>\n<p>Jes\u00fas Lens<\/p>\n<p><a href=\"https:\/\/twitter.com\/Jesus_Lens\" target=\"_blank\" rel=\"attachment wp-att-24105 noopener noreferrer\"><img loading=\"lazy\" decoding=\"async\" class=\"size-full wp-image-24105 alignleft\" src=\"http:\/\/www.granadablogs.com\/pateandoelmundo\/wp-content\/uploads\/2018\/01\/1-Twitter-Lens-1.jpg\" alt=\"\" width=\"196\" height=\"47\" \/><\/a><\/p>\n","protected":false},"excerpt":{"rendered":"<p>La fuga de pol\u00edticos independentistas a diferentes pa\u00edses tiene indudables ventajas formativas y culturales: desde que Puchi y Anna se han radicado en B\u00e9lgica y Suiza, respectivamente\u2026 \u00a1lo que se habla de ambos estados en las tertulias de nuestro pa\u00eds! (Ya escrib\u00ed de ello en esta otra columna de IDEAL). Lo de Puchi fue abrumador. [&hellip;]<\/p>\n","protected":false},"author":1,"featured_media":0,"comment_status":"open","ping_status":"open","sticky":false,"template":"","format":"standard","meta":{"jetpack_post_was_ever_published":false,"_jetpack_newsletter_access":"","_jetpack_dont_email_post_to_subs":true,"_jetpack_newsletter_tier_id":0,"_jetpack_memberships_contains_paywalled_content":false,"_jetpack_memberships_contains_paid_content":false,"footnotes":""},"categories":[6],"tags":[15941,15940,15942,15943,15318],"class_list":["post-24349","post","type-post","status-publish","format-standard","hentry","category-opinion","tag-anna-gabriel-suiza","tag-neogeografia-politica","tag-politicos-a-la-carrera","tag-politicos-por-el-mundo","tag-puigdemont-bruselas"],"jetpack_featured_media_url":"","jetpack_sharing_enabled":true,"_links":{"self":[{"href":"https:\/\/www.granadablogs.com\/pateandoelmundo\/wp-json\/wp\/v2\/posts\/24349","targetHints":{"allow":["GET"]}}],"collection":[{"href":"https:\/\/www.granadablogs.com\/pateandoelmundo\/wp-json\/wp\/v2\/posts"}],"about":[{"href":"https:\/\/www.granadablogs.com\/pateandoelmundo\/wp-json\/wp\/v2\/types\/post"}],"author":[{"embeddable":true,"href":"https:\/\/www.granadablogs.com\/pateandoelmundo\/wp-json\/wp\/v2\/users\/1"}],"replies":[{"embeddable":true,"href":"https:\/\/www.granadablogs.com\/pateandoelmundo\/wp-json\/wp\/v2\/comments?post=24349"}],"version-history":[{"count":2,"href":"https:\/\/www.granadablogs.com\/pateandoelmundo\/wp-json\/wp\/v2\/posts\/24349\/revisions"}],"predecessor-version":[{"id":24354,"href":"https:\/\/www.granadablogs.com\/pateandoelmundo\/wp-json\/wp\/v2\/posts\/24349\/revisions\/24354"}],"wp:attachment":[{"href":"https:\/\/www.granadablogs.com\/pateandoelmundo\/wp-json\/wp\/v2\/media?parent=24349"}],"wp:term":[{"taxonomy":"category","embeddable":true,"href":"https:\/\/www.granadablogs.com\/pateandoelmundo\/wp-json\/wp\/v2\/categories?post=24349"},{"taxonomy":"post_tag","embeddable":true,"href":"https:\/\/www.granadablogs.com\/pateandoelmundo\/wp-json\/wp\/v2\/tags?post=24349"}],"curies":[{"name":"wp","href":"https:\/\/api.w.org\/{rel}","templated":true}]}}